{"id":42344,"date":"2013-09-27T23:39:46","date_gmt":"2013-09-28T02:39:46","guid":{"rendered":"http:\/\/www.unicap.br\/assecom1\/?p=42344"},"modified":"2013-09-27T23:40:30","modified_gmt":"2013-09-28T02:40:30","slug":"alunos-expoem-trabalhos-na-34o-semana-de-filosofia","status":"publish","type":"post","link":"https:\/\/www1.unicap.br\/assecom1\/alunos-expoem-trabalhos-na-34o-semana-de-filosofia\/","title":{"rendered":"Estudantes exp\u00f5em pesquisas na 34\u00aa Semana de Filosofia"},"content":{"rendered":"<p><a href=\"https:\/\/i0.wp.com\/www1.unicap.br\/assecom1\/wp-content\/uploads\/2013\/09\/DSCN5237.jpg?ssl=1\"><img data-attachment-id=\"42351\" data-permalink=\"https:\/\/www1.unicap.br\/assecom1\/alunos-expoem-trabalhos-na-34o-semana-de-filosofia\/dscn5237\/\" data-orig-file=\"https:\/\/i0.wp.com\/www1.unicap.br\/assecom1\/wp-content\/uploads\/2013\/09\/DSCN5237.jpg?fit=4608%2C3456&amp;ssl=1\" data-orig-size=\"4608,3456\" data-comments-opened=\"1\" data-image-meta=\"{&quot;aperture&quot;:&quot;3.4&quot;,&quot;credit&quot;:&quot;&quot;,&quot;camera&quot;:&quot;COOLPIX L810&quot;,&quot;caption&quot;:&quot;&quot;,&quot;created_timestamp&quot;:&quot;1380293698&quot;,&quot;copyright&quot;:&quot;&quot;,&quot;focal_length&quot;:&quot;6.1&quot;,&quot;iso&quot;:&quot;160&quot;,&quot;shutter_speed&quot;:&quot;0.033333333333333&quot;,&quot;title&quot;:&quot;&quot;}\" data-image-title=\"DSCN5237\" data-image-description=\"\" data-medium-file=\"https:\/\/i0.wp.com\/www1.unicap.br\/assecom1\/wp-content\/uploads\/2013\/09\/DSCN5237.jpg?fit=300%2C225&amp;ssl=1\" data-large-file=\"https:\/\/i0.wp.com\/www1.unicap.br\/assecom1\/wp-content\/uploads\/2013\/09\/DSCN5237.jpg?fit=640%2C480&amp;ssl=1\" loading=\"lazy\" class=\"aligncenter size-medium wp-image-42351\" alt=\"DSCN5237\" src=\"https:\/\/i0.wp.com\/www1.unicap.br\/assecom1\/wp-content\/uploads\/2013\/09\/DSCN5237.jpg?resize=300%2C225&#038;ssl=1\" srcset=\"https:\/\/i0.wp.com\/www1.unicap.br\/assecom1\/wp-content\/uploads\/2013\/09\/DSCN5237.jpg?resize=300%2C225&amp;ssl=1 300w, https:\/\/i0.wp.com\/www1.unicap.br\/assecom1\/wp-content\/uploads\/2013\/09\/DSCN5237.jpg?resize=1024%2C768&amp;ssl=1 1024w, https:\/\/i0.wp.com\/www1.unicap.br\/assecom1\/wp-content\/uploads\/2013\/09\/DSCN5237.jpg?w=1280&amp;ssl=1 1280w, https:\/\/i0.wp.com\/www1.unicap.br\/assecom1\/wp-content\/uploads\/2013\/09\/DSCN5237.jpg?w=1920&amp;ssl=1 1920w\" sizes=\"(max-width: 300px) 100vw, 300px\" data-recalc-dims=\"1\" \/><\/a><\/p>\n<p>Na tarde desta sexta-feira (27), estudantes de Filosofia de v\u00e1rias institui\u00e7\u00f5es de esnino superior tiveram a oportunidade de expor suas pesquisas sobre temas relacionados \u00e0 Antropologia Filos\u00f3fica<i>: hermen\u00eauticas poss\u00edveis do homem contempor\u00e2neo<\/i>.<\/p>\n<p>Dezesseis trabalhos foram apresentados. Cada estudante teve 10 minutos para falar sobre a sua pesquisa e 5 para esclarecimentos.<a href=\"https:\/\/i0.wp.com\/www1.unicap.br\/assecom1\/wp-content\/uploads\/2013\/09\/DSCN5238.jpg?ssl=1\"><img data-attachment-id=\"42354\" data-permalink=\"https:\/\/www1.unicap.br\/assecom1\/alunos-expoem-trabalhos-na-34o-semana-de-filosofia\/dscn5238\/\" data-orig-file=\"https:\/\/i0.wp.com\/www1.unicap.br\/assecom1\/wp-content\/uploads\/2013\/09\/DSCN5238.jpg?fit=4608%2C3456&amp;ssl=1\" data-orig-size=\"4608,3456\" data-comments-opened=\"1\" data-image-meta=\"{&quot;aperture&quot;:&quot;3.1&quot;,&quot;credit&quot;:&quot;&quot;,&quot;camera&quot;:&quot;COOLPIX L810&quot;,&quot;caption&quot;:&quot;&quot;,&quot;created_timestamp&quot;:&quot;1380293710&quot;,&quot;copyright&quot;:&quot;&quot;,&quot;focal_length&quot;:&quot;4.3&quot;,&quot;iso&quot;:&quot;250&quot;,&quot;shutter_speed&quot;:&quot;0.033333333333333&quot;,&quot;title&quot;:&quot;&quot;}\" data-image-title=\"\" data-image-description=\"\" data-medium-file=\"https:\/\/i0.wp.com\/www1.unicap.br\/assecom1\/wp-content\/uploads\/2013\/09\/DSCN5238.jpg?fit=300%2C225&amp;ssl=1\" data-large-file=\"https:\/\/i0.wp.com\/www1.unicap.br\/assecom1\/wp-content\/uploads\/2013\/09\/DSCN5238.jpg?fit=640%2C480&amp;ssl=1\" loading=\"lazy\" class=\"alignright size-thumbnail wp-image-42354\" alt=\"\" src=\"https:\/\/i0.wp.com\/www1.unicap.br\/assecom1\/wp-content\/uploads\/2013\/09\/DSCN5238.jpg?resize=150%2C150&#038;ssl=1\" srcset=\"https:\/\/i0.wp.com\/www1.unicap.br\/assecom1\/wp-content\/uploads\/2013\/09\/DSCN5238.jpg?resize=150%2C150&amp;ssl=1 150w, https:\/\/i0.wp.com\/www1.unicap.br\/assecom1\/wp-content\/uploads\/2013\/09\/DSCN5238.jpg?zoom=2&amp;resize=150%2C150&amp;ssl=1 300w, https:\/\/i0.wp.com\/www1.unicap.br\/assecom1\/wp-content\/uploads\/2013\/09\/DSCN5238.jpg?zoom=3&amp;resize=150%2C150&amp;ssl=1 450w\" sizes=\"(max-width: 150px) 100vw, 150px\" data-recalc-dims=\"1\" \/><\/a><\/p>\n<p>&nbsp;<\/p>\n<p>Antes de participarem da <i>Sess\u00e3o de Comunica\u00e7\u00f5es<\/i>, as an\u00e1lises passaram por avalia\u00e7\u00e3o dos professores da Universidade Cat\u00f3lica de Pernambuco. <i>Algumas perspectivas da Filosofia Contempor\u00e2nea<\/i>, escrito pelo aluno do Mestrado em Filosofia da UFPE, Arthur Marinho, foi uma das pesquisas apresentadas.<\/p>\n<p>&nbsp;<\/p>\n<p>&nbsp;<\/p>\n","protected":false},"excerpt":{"rendered":"<p>Na tarde desta sexta-feira (27), estudantes de Filosofia de v\u00e1rias institui\u00e7\u00f5es de esnino superior tiveram a oportunidade de expor suas pesquisas sobre temas relacionados \u00e0 Antropologia Filos\u00f3fica: hermen\u00eauticas poss\u00edveis do homem contempor\u00e2neo. Dezesseis trabalhos foram apresentados. Cada estudante teve 10 minutos para falar sobre a sua pesquisa e 5 para esclarecimentos. &nbsp; Antes de participarem [&hellip;]<\/p>\n","protected":false},"author":54,"featured_media":0,"comment_status":"open","ping_status":"open","sticky":false,"template":"","format":"standard","meta":[],"categories":[4],"tags":[],"jetpack-related-posts":[],"_links":{"self":[{"href":"https:\/\/www1.unicap.br\/assecom1\/wp-json\/wp\/v2\/posts\/42344"}],"collection":[{"href":"https:\/\/www1.unicap.br\/assecom1\/wp-json\/wp\/v2\/posts"}],"about":[{"href":"https:\/\/www1.unicap.br\/assecom1\/wp-json\/wp\/v2\/types\/post"}],"author":[{"embeddable":true,"href":"https:\/\/www1.unicap.br\/assecom1\/wp-json\/wp\/v2\/users\/54"}],"replies":[{"embeddable":true,"href":"https:\/\/www1.unicap.br\/assecom1\/wp-json\/wp\/v2\/comments?post=42344"}],"version-history":[{"count":6,"href":"https:\/\/www1.unicap.br\/assecom1\/wp-json\/wp\/v2\/posts\/42344\/revisions"}],"predecessor-version":[{"id":42377,"href":"https:\/\/www1.unicap.br\/assecom1\/wp-json\/wp\/v2\/posts\/42344\/revisions\/42377"}],"wp:attachment":[{"href":"https:\/\/www1.unicap.br\/assecom1\/wp-json\/wp\/v2\/media?parent=42344"}],"wp:term":[{"taxonomy":"category","embeddable":true,"href":"https:\/\/www1.unicap.br\/assecom1\/wp-json\/wp\/v2\/categories?post=42344"},{"taxonomy":"post_tag","embeddable":true,"href":"https:\/\/www1.unicap.br\/assecom1\/wp-json\/wp\/v2\/tags?post=42344"}],"curies":[{"name":"wp","href":"https:\/\/api.w.org\/{rel}","templated":true}]}}