{"id":42235,"date":"2013-09-26T14:11:09","date_gmt":"2013-09-26T17:11:09","guid":{"rendered":"http:\/\/www.unicap.br\/assecom1\/?p=42235"},"modified":"2013-09-26T14:11:09","modified_gmt":"2013-09-26T17:11:09","slug":"minicursos-movimentam-a-34a-semana-de-filosofia-da-catolica","status":"publish","type":"post","link":"https:\/\/www1.unicap.br\/assecom1\/minicursos-movimentam-a-34a-semana-de-filosofia-da-catolica\/","title":{"rendered":"Minicursos movimentam a 34\u00aa Semana de Filosofia da Cat\u00f3lica"},"content":{"rendered":"<p><a href=\"https:\/\/i0.wp.com\/www1.unicap.br\/assecom1\/wp-content\/uploads\/2013\/09\/DSCN5134.jpg?ssl=1\"><img data-attachment-id=\"42240\" data-permalink=\"https:\/\/www1.unicap.br\/assecom1\/minicursos-movimentam-a-34a-semana-de-filosofia-da-catolica\/dscn5134\/\" data-orig-file=\"https:\/\/i0.wp.com\/www1.unicap.br\/assecom1\/wp-content\/uploads\/2013\/09\/DSCN5134.jpg?fit=4608%2C3456&amp;ssl=1\" data-orig-size=\"4608,3456\" data-comments-opened=\"1\" data-image-meta=\"{&quot;aperture&quot;:&quot;3.1&quot;,&quot;credit&quot;:&quot;&quot;,&quot;camera&quot;:&quot;COOLPIX L810&quot;,&quot;caption&quot;:&quot;&quot;,&quot;created_timestamp&quot;:&quot;1380033872&quot;,&quot;copyright&quot;:&quot;&quot;,&quot;focal_length&quot;:&quot;4&quot;,&quot;iso&quot;:&quot;80&quot;,&quot;shutter_speed&quot;:&quot;0.025&quot;,&quot;title&quot;:&quot;&quot;}\" data-image-title=\"Karl Rahner \u00e9 tema de palestra \" data-image-description=\"\" data-medium-file=\"https:\/\/i0.wp.com\/www1.unicap.br\/assecom1\/wp-content\/uploads\/2013\/09\/DSCN5134.jpg?fit=300%2C225&amp;ssl=1\" data-large-file=\"https:\/\/i0.wp.com\/www1.unicap.br\/assecom1\/wp-content\/uploads\/2013\/09\/DSCN5134.jpg?fit=640%2C480&amp;ssl=1\" loading=\"lazy\" class=\"aligncenter size-large wp-image-42240\" alt=\"Karl Rahner \u00e9 tema de palestra \" src=\"https:\/\/i0.wp.com\/www1.unicap.br\/assecom1\/wp-content\/uploads\/2013\/09\/DSCN5134.jpg?resize=640%2C479&#038;ssl=1\" srcset=\"https:\/\/i0.wp.com\/www1.unicap.br\/assecom1\/wp-content\/uploads\/2013\/09\/DSCN5134.jpg?resize=1024%2C768&amp;ssl=1 1024w, https:\/\/i0.wp.com\/www1.unicap.br\/assecom1\/wp-content\/uploads\/2013\/09\/DSCN5134.jpg?resize=300%2C225&amp;ssl=1 300w, https:\/\/i0.wp.com\/www1.unicap.br\/assecom1\/wp-content\/uploads\/2013\/09\/DSCN5134.jpg?w=1280&amp;ssl=1 1280w, https:\/\/i0.wp.com\/www1.unicap.br\/assecom1\/wp-content\/uploads\/2013\/09\/DSCN5134.jpg?w=1920&amp;ssl=1 1920w\" sizes=\"(max-width: 640px) 100vw, 640px\" data-recalc-dims=\"1\" \/><\/a><\/p>\n<p>A 34\u00aa Semana de Filosofia, realizada pele Universidade Cat\u00f3lica de Pernambuco, tem como tema este ano <em>Antropologia <\/em><i>Filos\u00f3fica: hermen\u00eauticas do homem contempor\u00e2nea. <\/i>Para abordar o assunto, professores da Unicap e de outras institui\u00e7\u00f5es est\u00e3o ministrando oficinas filos\u00f3ficas nas salas do 3\u00ba andar do bloco B.<\/p>\n<p>Seis minicursos est\u00e3o sendo realizados, das 14h \u00e0s 17h, aprofundando tem\u00e1ticas espec\u00edficas. O Prof Dr. Jos\u00e9 Pinheiro Pertille, da UFRGS,\u00a0 aborda a <i>Antropologia filos\u00f3fica em Hegel, <\/i>contextualizando o conjunto da obra do pensador alem\u00e3o.<\/p>\n<p><a href=\"https:\/\/i1.wp.com\/www1.unicap.br\/assecom1\/wp-content\/uploads\/2013\/09\/DSCN5131.jpg?ssl=1\"><img data-attachment-id=\"42238\" data-permalink=\"https:\/\/www1.unicap.br\/assecom1\/minicursos-movimentam-a-34a-semana-de-filosofia-da-catolica\/dscn5131\/\" data-orig-file=\"https:\/\/i1.wp.com\/www1.unicap.br\/assecom1\/wp-content\/uploads\/2013\/09\/DSCN5131.jpg?fit=4608%2C3456&amp;ssl=1\" data-orig-size=\"4608,3456\" data-comments-opened=\"1\" data-image-meta=\"{&quot;aperture&quot;:&quot;3.1&quot;,&quot;credit&quot;:&quot;&quot;,&quot;camera&quot;:&quot;COOLPIX L810&quot;,&quot;caption&quot;:&quot;&quot;,&quot;created_timestamp&quot;:&quot;1380033844&quot;,&quot;copyright&quot;:&quot;&quot;,&quot;focal_length&quot;:&quot;4.3&quot;,&quot;iso&quot;:&quot;100&quot;,&quot;shutter_speed&quot;:&quot;0.033333333333333&quot;,&quot;title&quot;:&quot;&quot;}\" data-image-title=\"DSCN5131\" data-image-description=\"\" data-medium-file=\"https:\/\/i1.wp.com\/www1.unicap.br\/assecom1\/wp-content\/uploads\/2013\/09\/DSCN5131.jpg?fit=300%2C225&amp;ssl=1\" data-large-file=\"https:\/\/i1.wp.com\/www1.unicap.br\/assecom1\/wp-content\/uploads\/2013\/09\/DSCN5131.jpg?fit=640%2C480&amp;ssl=1\" loading=\"lazy\" class=\"alignright size-thumbnail wp-image-42238\" alt=\"DSCN5131\" src=\"https:\/\/i1.wp.com\/www1.unicap.br\/assecom1\/wp-content\/uploads\/2013\/09\/DSCN5131.jpg?resize=150%2C150&#038;ssl=1\" srcset=\"https:\/\/i1.wp.com\/www1.unicap.br\/assecom1\/wp-content\/uploads\/2013\/09\/DSCN5131.jpg?resize=150%2C150&amp;ssl=1 150w, https:\/\/i1.wp.com\/www1.unicap.br\/assecom1\/wp-content\/uploads\/2013\/09\/DSCN5131.jpg?zoom=2&amp;resize=150%2C150&amp;ssl=1 300w, https:\/\/i1.wp.com\/www1.unicap.br\/assecom1\/wp-content\/uploads\/2013\/09\/DSCN5131.jpg?zoom=3&amp;resize=150%2C150&amp;ssl=1 450w\" sizes=\"(max-width: 150px) 100vw, 150px\" data-recalc-dims=\"1\" \/><\/a><\/p>\n<p>Outro minicurso, preparado pelo Prof. Dr. Anderson Meneses, da UFAL, trata dos <i>Percursos do Reconhecimento.<\/i> \u201cEste tema est\u00e1 fundado nos pensamentos dos autores Axel Hornneth e de Paul Ricouer, que falam dessa ideia do reconhecer&#8221;, explicou o professor. \u201cO amor, direito e solidariedade s\u00e3o os tr\u00eas padr\u00f5es do reconhecimento e ser\u00e3o aqui debatidos.\u201d<\/p>\n<p>Um diferencial \u00e9 o minicurso sobre <i>Temas de Antropologias em Filosofia Anal\u00edtica<\/i>, com a participa\u00e7\u00e3o de diversos professores. A \u00e1rea anal\u00edtica aborda quest\u00e3o da linguagem, como certos grupos conseguem produzir sua pr\u00f3pria manisfesta\u00e7\u00e3o lingu\u00edstica e a l\u00f3gica. \u201cFalar sobre isso \u00e9 de fundamental import\u00e2ncia, pois cada comunidade produz sua pr\u00f3pria linha de comunica\u00e7\u00e3o e \u00e0s vezes um grupo pode n\u00e3o conhecer a ideia do outro, gerando o preconceito. Ent\u00e3o, entender como essa sistem\u00e1tica acontece ameniza o problema\u201d, destacou um dos integrantes da Comiss\u00e3o Organizadora, Rom\u00e1rio Jos\u00e9.<\/p>\n<p>&nbsp;<\/p>\n<p>Confira a programa\u00e7\u00e3o completa aqui: <a href=\"http:\/\/www.unicap.br\/ihu\/?p=4772\">http:\/\/www.unicap.br\/ihu\/?p=4772<\/a><\/p>\n","protected":false},"excerpt":{"rendered":"<p>A 34\u00aa Semana de Filosofia, realizada pele Universidade Cat\u00f3lica de Pernambuco, tem como tema este ano Antropologia Filos\u00f3fica: hermen\u00eauticas do homem contempor\u00e2nea. Para abordar o assunto, professores da Unicap e de outras institui\u00e7\u00f5es est\u00e3o ministrando oficinas filos\u00f3ficas nas salas do 3\u00ba andar do bloco B. Seis minicursos est\u00e3o sendo realizados, das 14h \u00e0s 17h, aprofundando [&hellip;]<\/p>\n","protected":false},"author":54,"featured_media":0,"comment_status":"open","ping_status":"open","sticky":false,"template":"","format":"standard","meta":[],"categories":[4],"tags":[],"jetpack-related-posts":[],"_links":{"self":[{"href":"https:\/\/www1.unicap.br\/assecom1\/wp-json\/wp\/v2\/posts\/42235"}],"collection":[{"href":"https:\/\/www1.unicap.br\/assecom1\/wp-json\/wp\/v2\/posts"}],"about":[{"href":"https:\/\/www1.unicap.br\/assecom1\/wp-json\/wp\/v2\/types\/post"}],"author":[{"embeddable":true,"href":"https:\/\/www1.unicap.br\/assecom1\/wp-json\/wp\/v2\/users\/54"}],"replies":[{"embeddable":true,"href":"https:\/\/www1.unicap.br\/assecom1\/wp-json\/wp\/v2\/comments?post=42235"}],"version-history":[{"count":4,"href":"https:\/\/www1.unicap.br\/assecom1\/wp-json\/wp\/v2\/posts\/42235\/revisions"}],"predecessor-version":[{"id":42296,"href":"https:\/\/www1.unicap.br\/assecom1\/wp-json\/wp\/v2\/posts\/42235\/revisions\/42296"}],"wp:attachment":[{"href":"https:\/\/www1.unicap.br\/assecom1\/wp-json\/wp\/v2\/media?parent=42235"}],"wp:term":[{"taxonomy":"category","embeddable":true,"href":"https:\/\/www1.unicap.br\/assecom1\/wp-json\/wp\/v2\/categories?post=42235"},{"taxonomy":"post_tag","embeddable":true,"href":"https:\/\/www1.unicap.br\/assecom1\/wp-json\/wp\/v2\/tags?post=42235"}],"curies":[{"name":"wp","href":"https:\/\/api.w.org\/{rel}","templated":true}]}}