{"id":42200,"date":"2013-09-26T13:46:17","date_gmt":"2013-09-26T16:46:17","guid":{"rendered":"http:\/\/www.unicap.br\/assecom1\/?p=42200"},"modified":"2013-09-27T17:00:54","modified_gmt":"2013-09-27T20:00:54","slug":"projeto-maes-do-liceu-comemora-primeiro-aniversario","status":"publish","type":"post","link":"https:\/\/www1.unicap.br\/assecom1\/projeto-maes-do-liceu-comemora-primeiro-aniversario\/","title":{"rendered":"Projeto M\u00e3es do Liceu comemora primeiro anivers\u00e1rio"},"content":{"rendered":"<p><a href=\"https:\/\/i0.wp.com\/www1.unicap.br\/assecom1\/wp-content\/uploads\/2013\/09\/DSCN5127.jpg?ssl=1\"><img data-attachment-id=\"42204\" data-permalink=\"https:\/\/www1.unicap.br\/assecom1\/projeto-maes-do-liceu-comemora-primeiro-aniversario\/dscn5127\/\" data-orig-file=\"https:\/\/i0.wp.com\/www1.unicap.br\/assecom1\/wp-content\/uploads\/2013\/09\/DSCN5127.jpg?fit=4608%2C3456&amp;ssl=1\" data-orig-size=\"4608,3456\" data-comments-opened=\"1\" data-image-meta=\"{&quot;aperture&quot;:&quot;3.1&quot;,&quot;credit&quot;:&quot;&quot;,&quot;camera&quot;:&quot;COOLPIX L810&quot;,&quot;caption&quot;:&quot;&quot;,&quot;created_timestamp&quot;:&quot;1380017883&quot;,&quot;copyright&quot;:&quot;&quot;,&quot;focal_length&quot;:&quot;4&quot;,&quot;iso&quot;:&quot;400&quot;,&quot;shutter_speed&quot;:&quot;0.033333333333333&quot;,&quot;title&quot;:&quot;&quot;}\" data-image-title=\"\" data-image-description=\"\" data-medium-file=\"https:\/\/i0.wp.com\/www1.unicap.br\/assecom1\/wp-content\/uploads\/2013\/09\/DSCN5127.jpg?fit=300%2C225&amp;ssl=1\" data-large-file=\"https:\/\/i0.wp.com\/www1.unicap.br\/assecom1\/wp-content\/uploads\/2013\/09\/DSCN5127.jpg?fit=640%2C480&amp;ssl=1\" loading=\"lazy\" class=\"aligncenter size-large wp-image-42204\" alt=\"\" src=\"https:\/\/i0.wp.com\/www1.unicap.br\/assecom1\/wp-content\/uploads\/2013\/09\/DSCN5127.jpg?resize=640%2C479&#038;ssl=1\" srcset=\"https:\/\/i0.wp.com\/www1.unicap.br\/assecom1\/wp-content\/uploads\/2013\/09\/DSCN5127.jpg?resize=1024%2C768&amp;ssl=1 1024w, https:\/\/i0.wp.com\/www1.unicap.br\/assecom1\/wp-content\/uploads\/2013\/09\/DSCN5127.jpg?resize=300%2C225&amp;ssl=1 300w, https:\/\/i0.wp.com\/www1.unicap.br\/assecom1\/wp-content\/uploads\/2013\/09\/DSCN5127.jpg?w=1280&amp;ssl=1 1280w, https:\/\/i0.wp.com\/www1.unicap.br\/assecom1\/wp-content\/uploads\/2013\/09\/DSCN5127.jpg?w=1920&amp;ssl=1 1920w\" sizes=\"(max-width: 640px) 100vw, 640px\" data-recalc-dims=\"1\" \/><\/a><\/p>\n<p><a href=\"https:\/\/i0.wp.com\/www1.unicap.br\/assecom1\/wp-content\/uploads\/2013\/09\/DSCN5031.jpg?ssl=1\"><img data-attachment-id=\"42205\" data-permalink=\"https:\/\/www1.unicap.br\/assecom1\/projeto-maes-do-liceu-comemora-primeiro-aniversario\/dscn5031\/\" data-orig-file=\"https:\/\/i0.wp.com\/www1.unicap.br\/assecom1\/wp-content\/uploads\/2013\/09\/DSCN5031.jpg?fit=4608%2C3456&amp;ssl=1\" data-orig-size=\"4608,3456\" data-comments-opened=\"1\" data-image-meta=\"{&quot;aperture&quot;:&quot;3.9&quot;,&quot;credit&quot;:&quot;&quot;,&quot;camera&quot;:&quot;COOLPIX L810&quot;,&quot;caption&quot;:&quot;&quot;,&quot;created_timestamp&quot;:&quot;1380014435&quot;,&quot;copyright&quot;:&quot;&quot;,&quot;focal_length&quot;:&quot;9.3&quot;,&quot;iso&quot;:&quot;400&quot;,&quot;shutter_speed&quot;:&quot;0.05&quot;,&quot;title&quot;:&quot;&quot;}\" data-image-title=\"\" data-image-description=\"\" data-medium-file=\"https:\/\/i0.wp.com\/www1.unicap.br\/assecom1\/wp-content\/uploads\/2013\/09\/DSCN5031.jpg?fit=300%2C225&amp;ssl=1\" data-large-file=\"https:\/\/i0.wp.com\/www1.unicap.br\/assecom1\/wp-content\/uploads\/2013\/09\/DSCN5031.jpg?fit=640%2C480&amp;ssl=1\" loading=\"lazy\" class=\"alignleft size-thumbnail wp-image-42205\" alt=\"\" src=\"https:\/\/i0.wp.com\/www1.unicap.br\/assecom1\/wp-content\/uploads\/2013\/09\/DSCN5031.jpg?resize=150%2C150&#038;ssl=1\" srcset=\"https:\/\/i0.wp.com\/www1.unicap.br\/assecom1\/wp-content\/uploads\/2013\/09\/DSCN5031.jpg?resize=150%2C150&amp;ssl=1 150w, https:\/\/i0.wp.com\/www1.unicap.br\/assecom1\/wp-content\/uploads\/2013\/09\/DSCN5031.jpg?zoom=2&amp;resize=150%2C150&amp;ssl=1 300w, https:\/\/i0.wp.com\/www1.unicap.br\/assecom1\/wp-content\/uploads\/2013\/09\/DSCN5031.jpg?zoom=3&amp;resize=150%2C150&amp;ssl=1 450w\" sizes=\"(max-width: 150px) 100vw, 150px\" data-recalc-dims=\"1\" \/><\/a>O projeto M\u00e3es do Liceu, que realiza atividades\u00a0 de integra\u00e7\u00e3o entre m\u00e3es de alunos do Liceu e a pr\u00f3pria escola, comemorou nesta ter\u00e7a-feira (24) o seu primeiro ano de exist\u00eancia. O projeto, que tem o apoio do Instituto Humanitas Unicap, contribui entre outras coisas, para a promo\u00e7\u00e3o de atividades l\u00fadicas realizadas pelas pr\u00f3prias m\u00e3es.<\/p>\n<p><a href=\"https:\/\/i1.wp.com\/www1.unicap.br\/assecom1\/wp-content\/uploads\/2013\/09\/DSCN5108.jpg?ssl=1\"><img data-attachment-id=\"42206\" data-permalink=\"https:\/\/www1.unicap.br\/assecom1\/projeto-maes-do-liceu-comemora-primeiro-aniversario\/dscn5108\/\" data-orig-file=\"https:\/\/i1.wp.com\/www1.unicap.br\/assecom1\/wp-content\/uploads\/2013\/09\/DSCN5108.jpg?fit=4608%2C3456&amp;ssl=1\" data-orig-size=\"4608,3456\" data-comments-opened=\"1\" data-image-meta=\"{&quot;aperture&quot;:&quot;4.3&quot;,&quot;credit&quot;:&quot;&quot;,&quot;camera&quot;:&quot;COOLPIX L810&quot;,&quot;caption&quot;:&quot;&quot;,&quot;created_timestamp&quot;:&quot;1380017074&quot;,&quot;copyright&quot;:&quot;&quot;,&quot;focal_length&quot;:&quot;13.9&quot;,&quot;iso&quot;:&quot;400&quot;,&quot;shutter_speed&quot;:&quot;0.066666666666667&quot;,&quot;title&quot;:&quot;&quot;}\" data-image-title=\"\" data-image-description=\"\" data-medium-file=\"https:\/\/i1.wp.com\/www1.unicap.br\/assecom1\/wp-content\/uploads\/2013\/09\/DSCN5108.jpg?fit=300%2C225&amp;ssl=1\" data-large-file=\"https:\/\/i1.wp.com\/www1.unicap.br\/assecom1\/wp-content\/uploads\/2013\/09\/DSCN5108.jpg?fit=640%2C480&amp;ssl=1\" loading=\"lazy\" class=\"alignright size-thumbnail wp-image-42206\" alt=\"\" src=\"https:\/\/i1.wp.com\/www1.unicap.br\/assecom1\/wp-content\/uploads\/2013\/09\/DSCN5108.jpg?resize=150%2C150&#038;ssl=1\" srcset=\"https:\/\/i1.wp.com\/www1.unicap.br\/assecom1\/wp-content\/uploads\/2013\/09\/DSCN5108.jpg?resize=150%2C150&amp;ssl=1 150w, https:\/\/i1.wp.com\/www1.unicap.br\/assecom1\/wp-content\/uploads\/2013\/09\/DSCN5108.jpg?zoom=2&amp;resize=150%2C150&amp;ssl=1 300w, https:\/\/i1.wp.com\/www1.unicap.br\/assecom1\/wp-content\/uploads\/2013\/09\/DSCN5108.jpg?zoom=3&amp;resize=150%2C150&amp;ssl=1 450w\" sizes=\"(max-width: 150px) 100vw, 150px\" data-recalc-dims=\"1\" \/><\/a>Para Enilda Montenegro, que \u00e9 de Paulista, o projeto veio em boa hora, isso por que seu filho de 13 anos estuda no local. &#8220;A ideia da realiza\u00e7\u00e3o do projeto em si foi uma b\u00ean\u00e7\u00e3o&#8221;, afirmou. Enilda \u00e9 apenas uma das in\u00fameras m\u00e3es que j\u00e1 foram e que s\u00e3o beneficiadas com o <em>M\u00e3es do Liceu. Se<\/em>gundo uma das coordenadoras do projeto, Izabel Lima, cerca de 25 m\u00e3es participam diariamente e ativamente das atividades oferecidas.<\/p>\n<p><a href=\"https:\/\/i2.wp.com\/www1.unicap.br\/assecom1\/wp-content\/uploads\/2013\/09\/DSCN5037.jpg?ssl=1\"><img data-attachment-id=\"42207\" data-permalink=\"https:\/\/www1.unicap.br\/assecom1\/projeto-maes-do-liceu-comemora-primeiro-aniversario\/dscn5037\/\" data-orig-file=\"https:\/\/i2.wp.com\/www1.unicap.br\/assecom1\/wp-content\/uploads\/2013\/09\/DSCN5037.jpg?fit=4608%2C3456&amp;ssl=1\" data-orig-size=\"4608,3456\" data-comments-opened=\"1\" data-image-meta=\"{&quot;aperture&quot;:&quot;3.1&quot;,&quot;credit&quot;:&quot;&quot;,&quot;camera&quot;:&quot;COOLPIX L810&quot;,&quot;caption&quot;:&quot;&quot;,&quot;created_timestamp&quot;:&quot;1380014587&quot;,&quot;copyright&quot;:&quot;&quot;,&quot;focal_length&quot;:&quot;4.3&quot;,&quot;iso&quot;:&quot;400&quot;,&quot;shutter_speed&quot;:&quot;0.033333333333333&quot;,&quot;title&quot;:&quot;&quot;}\" data-image-title=\"\" data-image-description=\"\" data-medium-file=\"https:\/\/i2.wp.com\/www1.unicap.br\/assecom1\/wp-content\/uploads\/2013\/09\/DSCN5037.jpg?fit=300%2C225&amp;ssl=1\" data-large-file=\"https:\/\/i2.wp.com\/www1.unicap.br\/assecom1\/wp-content\/uploads\/2013\/09\/DSCN5037.jpg?fit=640%2C480&amp;ssl=1\" loading=\"lazy\" class=\"alignleft size-thumbnail wp-image-42207\" alt=\"\" src=\"https:\/\/i2.wp.com\/www1.unicap.br\/assecom1\/wp-content\/uploads\/2013\/09\/DSCN5037.jpg?resize=150%2C150&#038;ssl=1\" srcset=\"https:\/\/i2.wp.com\/www1.unicap.br\/assecom1\/wp-content\/uploads\/2013\/09\/DSCN5037.jpg?resize=150%2C150&amp;ssl=1 150w, https:\/\/i2.wp.com\/www1.unicap.br\/assecom1\/wp-content\/uploads\/2013\/09\/DSCN5037.jpg?zoom=2&amp;resize=150%2C150&amp;ssl=1 300w, https:\/\/i2.wp.com\/www1.unicap.br\/assecom1\/wp-content\/uploads\/2013\/09\/DSCN5037.jpg?zoom=3&amp;resize=150%2C150&amp;ssl=1 450w\" sizes=\"(max-width: 150px) 100vw, 150px\" data-recalc-dims=\"1\" \/><\/a>Ainda, segundo Izabel, quem mais ganhou com o projeto\u00a0 foi a pr\u00f3pria escola, que ajudou as m\u00e3es que precisavam e ainda recebeu um saldo positivo ao faz\u00ea-las descobrirem que s\u00e3o pessoas capazes. Com um largo sorriso no rosto, a coordenadora do projeto disse que a ideia n\u00e3o vai parar de dar frutos. &#8220;Vai continuar, com certeza&#8221;, afirmou.<\/p>\n<p>O Pr\u00f3-reitor Comunit\u00e1rio da Universidade Cat\u00f3lica de Pernambuco e coordenador do Instituto Humanitas Unicap, Padre L\u00facio Fl\u00e1vio Ribeiro Cirne, \u00e9 um dos grandes <a href=\"https:\/\/i1.wp.com\/www1.unicap.br\/assecom1\/wp-content\/uploads\/2013\/09\/DSCN5086.jpg?ssl=1\"><img data-attachment-id=\"42208\" data-permalink=\"https:\/\/www1.unicap.br\/assecom1\/projeto-maes-do-liceu-comemora-primeiro-aniversario\/dscn5086\/\" data-orig-file=\"https:\/\/i1.wp.com\/www1.unicap.br\/assecom1\/wp-content\/uploads\/2013\/09\/DSCN5086.jpg?fit=4608%2C3456&amp;ssl=1\" data-orig-size=\"4608,3456\" data-comments-opened=\"1\" data-image-meta=\"{&quot;aperture&quot;:&quot;3.1&quot;,&quot;credit&quot;:&quot;&quot;,&quot;camera&quot;:&quot;COOLPIX L810&quot;,&quot;caption&quot;:&quot;&quot;,&quot;created_timestamp&quot;:&quot;1380016783&quot;,&quot;copyright&quot;:&quot;&quot;,&quot;focal_length&quot;:&quot;4.3&quot;,&quot;iso&quot;:&quot;320&quot;,&quot;shutter_speed&quot;:&quot;0.033333333333333&quot;,&quot;title&quot;:&quot;&quot;}\" data-image-title=\"\" data-image-description=\"\" data-medium-file=\"https:\/\/i1.wp.com\/www1.unicap.br\/assecom1\/wp-content\/uploads\/2013\/09\/DSCN5086.jpg?fit=300%2C225&amp;ssl=1\" data-large-file=\"https:\/\/i1.wp.com\/www1.unicap.br\/assecom1\/wp-content\/uploads\/2013\/09\/DSCN5086.jpg?fit=640%2C480&amp;ssl=1\" loading=\"lazy\" class=\"alignright size-thumbnail wp-image-42208\" alt=\"\" src=\"https:\/\/i1.wp.com\/www1.unicap.br\/assecom1\/wp-content\/uploads\/2013\/09\/DSCN5086.jpg?resize=150%2C150&#038;ssl=1\" srcset=\"https:\/\/i1.wp.com\/www1.unicap.br\/assecom1\/wp-content\/uploads\/2013\/09\/DSCN5086.jpg?resize=150%2C150&amp;ssl=1 150w, https:\/\/i1.wp.com\/www1.unicap.br\/assecom1\/wp-content\/uploads\/2013\/09\/DSCN5086.jpg?zoom=2&amp;resize=150%2C150&amp;ssl=1 300w, https:\/\/i1.wp.com\/www1.unicap.br\/assecom1\/wp-content\/uploads\/2013\/09\/DSCN5086.jpg?zoom=3&amp;resize=150%2C150&amp;ssl=1 450w\" sizes=\"(max-width: 150px) 100vw, 150px\" data-recalc-dims=\"1\" \/><\/a>incentivadores do projeto. Apesar de n\u00e3o poder estar presente no momento, uma vez que encontra-se participando de uma confer\u00eancia internacional em Portugal, ele foi lembrado durante toda a festa. O Instituto Humanitas Unicap estava representado por outro grande colaborador, Carlos Vieira.<\/p>\n<p><a href=\"https:\/\/i2.wp.com\/www1.unicap.br\/assecom1\/wp-content\/uploads\/2013\/09\/DSCN5070.jpg?ssl=1\"><img data-attachment-id=\"42209\" data-permalink=\"https:\/\/www1.unicap.br\/assecom1\/projeto-maes-do-liceu-comemora-primeiro-aniversario\/dscn5070\/\" data-orig-file=\"https:\/\/i2.wp.com\/www1.unicap.br\/assecom1\/wp-content\/uploads\/2013\/09\/DSCN5070.jpg?fit=4608%2C3456&amp;ssl=1\" data-orig-size=\"4608,3456\" data-comments-opened=\"1\" data-image-meta=\"{&quot;aperture&quot;:&quot;4.2&quot;,&quot;credit&quot;:&quot;&quot;,&quot;camera&quot;:&quot;COOLPIX L810&quot;,&quot;caption&quot;:&quot;&quot;,&quot;created_timestamp&quot;:&quot;1380016513&quot;,&quot;copyright&quot;:&quot;&quot;,&quot;focal_length&quot;:&quot;12.5&quot;,&quot;iso&quot;:&quot;400&quot;,&quot;shutter_speed&quot;:&quot;0.066666666666667&quot;,&quot;title&quot;:&quot;&quot;}\" data-image-title=\"\" data-image-description=\"\" data-medium-file=\"https:\/\/i2.wp.com\/www1.unicap.br\/assecom1\/wp-content\/uploads\/2013\/09\/DSCN5070.jpg?fit=300%2C225&amp;ssl=1\" data-large-file=\"https:\/\/i2.wp.com\/www1.unicap.br\/assecom1\/wp-content\/uploads\/2013\/09\/DSCN5070.jpg?fit=640%2C480&amp;ssl=1\" loading=\"lazy\" class=\"alignleft size-thumbnail wp-image-42209\" alt=\"\" src=\"https:\/\/i2.wp.com\/www1.unicap.br\/assecom1\/wp-content\/uploads\/2013\/09\/DSCN5070.jpg?resize=150%2C150&#038;ssl=1\" srcset=\"https:\/\/i2.wp.com\/www1.unicap.br\/assecom1\/wp-content\/uploads\/2013\/09\/DSCN5070.jpg?resize=150%2C150&amp;ssl=1 150w, https:\/\/i2.wp.com\/www1.unicap.br\/assecom1\/wp-content\/uploads\/2013\/09\/DSCN5070.jpg?zoom=2&amp;resize=150%2C150&amp;ssl=1 300w, https:\/\/i2.wp.com\/www1.unicap.br\/assecom1\/wp-content\/uploads\/2013\/09\/DSCN5070.jpg?zoom=3&amp;resize=150%2C150&amp;ssl=1 450w\" sizes=\"(max-width: 150px) 100vw, 150px\" data-recalc-dims=\"1\" \/><\/a>E o que n\u00e3o faltou na animada festa foram os colaboradores. M\u00e3es, professores, funcion\u00e1rios e os pr\u00f3prios alunos foram lembrados como indispens\u00e1veis para o projeto. As produ\u00e7\u00f5es artesanais feitas pelas pr\u00f3prias m\u00e3es pareciam trof\u00e9us pendurados e espalhados pela aconchegante sala do Liceu. E se n\u00e3o fossem trof\u00e9us, eram pelo menos a prova de que a ideia lan\u00e7ada um ano atr\u00e1s deu certo.<\/p>\n<p>Abrindo os depoimentos do dia, Izabel fez uma homenagem a todos os colaboradores do projeto. O pequeno cartaz <a href=\"https:\/\/i0.wp.com\/www1.unicap.br\/assecom1\/wp-content\/uploads\/2013\/09\/DSCN5057.jpg?ssl=1\"><img data-attachment-id=\"42210\" data-permalink=\"https:\/\/www1.unicap.br\/assecom1\/projeto-maes-do-liceu-comemora-primeiro-aniversario\/dscn5057\/\" data-orig-file=\"https:\/\/i0.wp.com\/www1.unicap.br\/assecom1\/wp-content\/uploads\/2013\/09\/DSCN5057.jpg?fit=4608%2C3456&amp;ssl=1\" data-orig-size=\"4608,3456\" data-comments-opened=\"1\" data-image-meta=\"{&quot;aperture&quot;:&quot;3.1&quot;,&quot;credit&quot;:&quot;&quot;,&quot;camera&quot;:&quot;COOLPIX L810&quot;,&quot;caption&quot;:&quot;&quot;,&quot;created_timestamp&quot;:&quot;1380016342&quot;,&quot;copyright&quot;:&quot;&quot;,&quot;focal_length&quot;:&quot;4&quot;,&quot;iso&quot;:&quot;320&quot;,&quot;shutter_speed&quot;:&quot;0.033333333333333&quot;,&quot;title&quot;:&quot;&quot;}\" data-image-title=\"\" data-image-description=\"\" data-medium-file=\"https:\/\/i0.wp.com\/www1.unicap.br\/assecom1\/wp-content\/uploads\/2013\/09\/DSCN5057.jpg?fit=300%2C225&amp;ssl=1\" data-large-file=\"https:\/\/i0.wp.com\/www1.unicap.br\/assecom1\/wp-content\/uploads\/2013\/09\/DSCN5057.jpg?fit=640%2C480&amp;ssl=1\" loading=\"lazy\" class=\"alignright size-thumbnail wp-image-42210\" alt=\"\" src=\"https:\/\/i0.wp.com\/www1.unicap.br\/assecom1\/wp-content\/uploads\/2013\/09\/DSCN5057.jpg?resize=150%2C150&#038;ssl=1\" srcset=\"https:\/\/i0.wp.com\/www1.unicap.br\/assecom1\/wp-content\/uploads\/2013\/09\/DSCN5057.jpg?resize=150%2C150&amp;ssl=1 150w, https:\/\/i0.wp.com\/www1.unicap.br\/assecom1\/wp-content\/uploads\/2013\/09\/DSCN5057.jpg?zoom=2&amp;resize=150%2C150&amp;ssl=1 300w, https:\/\/i0.wp.com\/www1.unicap.br\/assecom1\/wp-content\/uploads\/2013\/09\/DSCN5057.jpg?zoom=3&amp;resize=150%2C150&amp;ssl=1 450w\" sizes=\"(max-width: 150px) 100vw, 150px\" data-recalc-dims=\"1\" \/><\/a>emocionou os presentes e arrancou l\u00e1grimas de algumas m\u00e3es.<\/p>\n<p><a href=\"https:\/\/i1.wp.com\/www1.unicap.br\/assecom1\/wp-content\/uploads\/2013\/09\/DSCN5125.jpg?ssl=1\"><img data-attachment-id=\"42214\" data-permalink=\"https:\/\/www1.unicap.br\/assecom1\/projeto-maes-do-liceu-comemora-primeiro-aniversario\/dscn5125\/\" data-orig-file=\"https:\/\/i1.wp.com\/www1.unicap.br\/assecom1\/wp-content\/uploads\/2013\/09\/DSCN5125.jpg?fit=4608%2C3456&amp;ssl=1\" data-orig-size=\"4608,3456\" data-comments-opened=\"1\" data-image-meta=\"{&quot;aperture&quot;:&quot;3.1&quot;,&quot;credit&quot;:&quot;&quot;,&quot;camera&quot;:&quot;COOLPIX L810&quot;,&quot;caption&quot;:&quot;&quot;,&quot;created_timestamp&quot;:&quot;1380017570&quot;,&quot;copyright&quot;:&quot;&quot;,&quot;focal_length&quot;:&quot;4.3&quot;,&quot;iso&quot;:&quot;400&quot;,&quot;shutter_speed&quot;:&quot;0.033333333333333&quot;,&quot;title&quot;:&quot;&quot;}\" data-image-title=\"\" data-image-description=\"\" data-medium-file=\"https:\/\/i1.wp.com\/www1.unicap.br\/assecom1\/wp-content\/uploads\/2013\/09\/DSCN5125.jpg?fit=300%2C225&amp;ssl=1\" data-large-file=\"https:\/\/i1.wp.com\/www1.unicap.br\/assecom1\/wp-content\/uploads\/2013\/09\/DSCN5125.jpg?fit=640%2C480&amp;ssl=1\" loading=\"lazy\" class=\"alignleft size-thumbnail wp-image-42214\" alt=\"\" src=\"https:\/\/i1.wp.com\/www1.unicap.br\/assecom1\/wp-content\/uploads\/2013\/09\/DSCN5125.jpg?resize=150%2C150&#038;ssl=1\" srcset=\"https:\/\/i1.wp.com\/www1.unicap.br\/assecom1\/wp-content\/uploads\/2013\/09\/DSCN5125.jpg?resize=150%2C150&amp;ssl=1 150w, https:\/\/i1.wp.com\/www1.unicap.br\/assecom1\/wp-content\/uploads\/2013\/09\/DSCN5125.jpg?zoom=2&amp;resize=150%2C150&amp;ssl=1 300w, https:\/\/i1.wp.com\/www1.unicap.br\/assecom1\/wp-content\/uploads\/2013\/09\/DSCN5125.jpg?zoom=3&amp;resize=150%2C150&amp;ssl=1 450w\" sizes=\"(max-width: 150px) 100vw, 150px\" data-recalc-dims=\"1\" \/><\/a><\/p>\n<p>Animada, Irm\u00e3 Roz\u00e1rio revelou seu encantamento com o projeto ao mencionar o resgate da cidadania dessas m\u00e3es. Josete Lima, que \u00e9 auxiliar administrativa do Liceu, concorda, e lembrou que essa iniciativa tamb\u00e9m pode se configurar como um incentivo para os alunos. Assim como ela, outro secret\u00e1rio do Liceu, Lailson Lima, tamb\u00e9m prestigiou o evento e destacou a import\u00e2ncia de um projeto como este dentro da \u00e1rea de rela\u00e7\u00e3o fam\u00edlia- escola.<\/p>\n","protected":false},"excerpt":{"rendered":"<p>O projeto M\u00e3es do Liceu, que realiza atividades\u00a0 de integra\u00e7\u00e3o entre m\u00e3es de alunos do Liceu e a pr\u00f3pria escola, comemorou nesta ter\u00e7a-feira (24) o seu primeiro ano de exist\u00eancia. O projeto, que tem o apoio do Instituto Humanitas Unicap, contribui entre outras coisas, para a promo\u00e7\u00e3o de atividades l\u00fadicas realizadas pelas pr\u00f3prias m\u00e3es. Para [&hellip;]<\/p>\n","protected":false},"author":52,"featured_media":0,"comment_status":"open","ping_status":"open","sticky":false,"template":"","format":"standard","meta":[],"categories":[4],"tags":[],"jetpack-related-posts":[],"_links":{"self":[{"href":"https:\/\/www1.unicap.br\/assecom1\/wp-json\/wp\/v2\/posts\/42200"}],"collection":[{"href":"https:\/\/www1.unicap.br\/assecom1\/wp-json\/wp\/v2\/posts"}],"about":[{"href":"https:\/\/www1.unicap.br\/assecom1\/wp-json\/wp\/v2\/types\/post"}],"author":[{"embeddable":true,"href":"https:\/\/www1.unicap.br\/assecom1\/wp-json\/wp\/v2\/users\/52"}],"replies":[{"embeddable":true,"href":"https:\/\/www1.unicap.br\/assecom1\/wp-json\/wp\/v2\/comments?post=42200"}],"version-history":[{"count":12,"href":"https:\/\/www1.unicap.br\/assecom1\/wp-json\/wp\/v2\/posts\/42200\/revisions"}],"predecessor-version":[{"id":42360,"href":"https:\/\/www1.unicap.br\/assecom1\/wp-json\/wp\/v2\/posts\/42200\/revisions\/42360"}],"wp:attachment":[{"href":"https:\/\/www1.unicap.br\/assecom1\/wp-json\/wp\/v2\/media?parent=42200"}],"wp:term":[{"taxonomy":"category","embeddable":true,"href":"https:\/\/www1.unicap.br\/assecom1\/wp-json\/wp\/v2\/categories?post=42200"},{"taxonomy":"post_tag","embeddable":true,"href":"https:\/\/www1.unicap.br\/assecom1\/wp-json\/wp\/v2\/tags?post=42200"}],"curies":[{"name":"wp","href":"https:\/\/api.w.org\/{rel}","templated":true}]}}