{"id":42026,"date":"2013-09-18T20:02:14","date_gmt":"2013-09-18T23:02:14","guid":{"rendered":"http:\/\/www.unicap.br\/assecom1\/?p=42026"},"modified":"2013-09-18T20:02:14","modified_gmt":"2013-09-18T23:02:14","slug":"aconteceu-a-caminhada-dos-70-da-catolica-de-recife-a-olinda","status":"publish","type":"post","link":"https:\/\/www1.unicap.br\/assecom1\/aconteceu-a-caminhada-dos-70-da-catolica-de-recife-a-olinda\/","title":{"rendered":"Aconteceu a Caminhada dos + 70 da Cat\u00f3lica &#8211; de Recife \u00e0 Olinda"},"content":{"rendered":"<p>Por Artur Peregrino<\/p>\n<p align=\"center\"><b>\u201cEl camino de Hurtado\u201d<\/b><\/p>\n<p align=\"center\">&#8220;\u00a1C\u00f3mo no voy a estar contento! \u00a1C\u00f3mo no estar agradecido a Dios!&#8221;<\/p>\n<p align=\"center\">Santo Alberto Hurtado, SJ (1901-1952)<\/p>\n<p style=\"text-align: left;\" align=\"center\">\n<p style=\"text-align: left;\" align=\"right\"><strong>Artur Peregrino<\/strong> &#8211;\u00a0Mestre em Antropologia pela Universidade Federal de Pernambuco (UPPE), possui gradua\u00e7\u00e3o e bacharelado em Filosofia pela Universidade Cat\u00f3lica de Pernambuco\u00a0 (UNICAP) e bacharelado em Teologia pelo Instituto de Teologia do Recife (ITER); prof. do Curso de Teologia na Unicap e integrante do Instituto Humanitas Unicap; pesquisador do Grupo de pesquisa UNICAP\/CNPq Religi\u00f5es, identidades e di\u00e1logos, na linha de pesquisa Di\u00e1logos inter-religiosos. Email: <a href=\"file:\/\/\/C:\/Documents%20and%20Settings\/Administrador\/Meus%20documentos\/Downloads\/arturperegrino@gmail.com\">arturperegrino@gmail.com<\/a><\/p>\n<p style=\"text-align: left;\" align=\"right\">\n<p style=\"text-align: left;\" align=\"center\"><a href=\"https:\/\/i0.wp.com\/www1.unicap.br\/assecom1\/wp-content\/uploads\/2013\/09\/pelegrino01.jpg?ssl=1\"><img data-attachment-id=\"42027\" data-permalink=\"https:\/\/www1.unicap.br\/assecom1\/aconteceu-a-caminhada-dos-70-da-catolica-de-recife-a-olinda\/pelegrino01\/\" data-orig-file=\"https:\/\/i0.wp.com\/www1.unicap.br\/assecom1\/wp-content\/uploads\/2013\/09\/pelegrino01-e1379542734658.jpg?fit=640%2C240&amp;ssl=1\" data-orig-size=\"640,240\" data-comments-opened=\"1\" data-image-meta=\"{&quot;aperture&quot;:&quot;0&quot;,&quot;credit&quot;:&quot;&quot;,&quot;camera&quot;:&quot;&quot;,&quot;caption&quot;:&quot;&quot;,&quot;created_timestamp&quot;:&quot;0&quot;,&quot;copyright&quot;:&quot;&quot;,&quot;focal_length&quot;:&quot;0&quot;,&quot;iso&quot;:&quot;0&quot;,&quot;shutter_speed&quot;:&quot;0&quot;,&quot;title&quot;:&quot;&quot;}\" data-image-title=\"pelegrino01\" data-image-description=\"\" data-medium-file=\"https:\/\/i0.wp.com\/www1.unicap.br\/assecom1\/wp-content\/uploads\/2013\/09\/pelegrino01-e1379542734658.jpg?fit=300%2C112&amp;ssl=1\" data-large-file=\"https:\/\/i0.wp.com\/www1.unicap.br\/assecom1\/wp-content\/uploads\/2013\/09\/pelegrino01-e1379542734658.jpg?fit=640%2C240&amp;ssl=1\" loading=\"lazy\" class=\"alignnone size-full wp-image-42027\" alt=\"peregrino01\" src=\"https:\/\/i0.wp.com\/www1.unicap.br\/assecom1\/wp-content\/uploads\/2013\/09\/pelegrino01-e1379542734658.jpg?resize=640%2C240&#038;ssl=1\" data-recalc-dims=\"1\" \/><\/a><\/p>\n<p>A caminhada aconteceu no dia 17 de agosto e reuniu professores, funcion\u00e1rios e estudantes da Cat\u00f3lica. Foi um patroc\u00ednio do Instituto Humanitas e do Curso de Teologia da Unicap.<\/p>\n<p><b>O sentido<\/b><\/p>\n<p>Diante de um tempo, marcado pela rapidez das mudan\u00e7as, pelo corre-corre fren\u00e9tico, pelo individualismo, muitas vezes \u00e9 dif\u00edcil avaliar o impacto que isso acarreta em nossa vida, pois afeta os nossos valores, a pr\u00e1tica pessoal, espiritual e profissional.<\/p>\n<p>Portanto, a caminhada \u00e9 uma experi\u00eancia que resgata a exist\u00eancia humana, trazendo equil\u00edbrio, sabedoria, discernimento para melhor viver, al\u00e9m de possibilitar conhecer novas pessoas, novos lugares, integrar-se mais consigo, com os outros e com o transcendente. \u00c9 uma possibilidade de ordenar os sentimentos.<\/p>\n<p style=\"text-align: left;\" align=\"center\">\u00c9 dentro desse esp\u00edrito que acontece, j\u00e1 a cinco anos, uma caminhada da Unicap para a S\u00e9 de Olinda, celebrando a mem\u00f3ria, refletindo sobre o trabalho de Santo Alberto Hurtado e celebrando o anivers\u00e1rio da Unicap que nesse ano completa 70 anos de exist\u00eancia a servi\u00e7o do povo nordestino.<\/p>\n<p><a href=\"https:\/\/i2.wp.com\/www1.unicap.br\/assecom1\/wp-content\/uploads\/2013\/09\/pelegrino02.jpg?ssl=1\"><img data-attachment-id=\"42028\" data-permalink=\"https:\/\/www1.unicap.br\/assecom1\/aconteceu-a-caminhada-dos-70-da-catolica-de-recife-a-olinda\/pelegrino02\/\" data-orig-file=\"https:\/\/i2.wp.com\/www1.unicap.br\/assecom1\/wp-content\/uploads\/2013\/09\/pelegrino02.jpg?fit=204%2C257&amp;ssl=1\" data-orig-size=\"204,257\" data-comments-opened=\"1\" data-image-meta=\"{&quot;aperture&quot;:&quot;0&quot;,&quot;credit&quot;:&quot;&quot;,&quot;camera&quot;:&quot;&quot;,&quot;caption&quot;:&quot;&quot;,&quot;created_timestamp&quot;:&quot;0&quot;,&quot;copyright&quot;:&quot;&quot;,&quot;focal_length&quot;:&quot;0&quot;,&quot;iso&quot;:&quot;0&quot;,&quot;shutter_speed&quot;:&quot;0&quot;,&quot;title&quot;:&quot;&quot;}\" data-image-title=\"pelegrino02\" data-image-description=\"\" data-medium-file=\"https:\/\/i2.wp.com\/www1.unicap.br\/assecom1\/wp-content\/uploads\/2013\/09\/pelegrino02.jpg?fit=204%2C257&amp;ssl=1\" data-large-file=\"https:\/\/i2.wp.com\/www1.unicap.br\/assecom1\/wp-content\/uploads\/2013\/09\/pelegrino02.jpg?fit=204%2C257&amp;ssl=1\" loading=\"lazy\" class=\"alignleft size-full wp-image-42028\" alt=\"peregrino02\" src=\"https:\/\/i2.wp.com\/www1.unicap.br\/assecom1\/wp-content\/uploads\/2013\/09\/pelegrino02.jpg?resize=204%2C257&#038;ssl=1\" data-recalc-dims=\"1\" \/><\/a><\/p>\n<p>&nbsp;<\/p>\n<p>&nbsp;<\/p>\n<p>&nbsp;<\/p>\n<p>&nbsp;<\/p>\n<p>&nbsp;<\/p>\n<p>&nbsp;<\/p>\n<p>Santo Alberto Hurtado (1901 \u2013 1952)<\/p>\n<p>Santo Alberto Hurtado (1901 \u2013 1952) foi um sacerdote chileno, da Companhia de Jesus, que, no \u00faltimo s\u00e9culo, dedicou sua vida a Deus e ao servi\u00e7o dos mais pobres. Homem de grande dinamismo, foi conferencista, professor e assessor da A\u00e7\u00e3o Cat\u00f3lica. Incans\u00e1vel e de not\u00e1vel criatividade, construiu uma Casa de Exerc\u00edcios Espirituais, fundou em 1947 a Associa\u00e7\u00e3o Sindical Chilena. Convocava a todos para operar a grande revolu\u00e7\u00e3o de viver crist\u00e3mente. Frequentemente sa\u00eda \u00e0 noite para recolher meninos de rua e dar-lhes alimenta\u00e7\u00e3o e alojamento. Fundou para os pobres a rede de \u201cLares de Cristo\u201d. Sua palavra convencia porque sua vida era testemunho vivo. Para ele amar a Cristo era reconhec\u00ea-lo no pobre, nos universit\u00e1rios, nos oper\u00e1rios despedidos, nos mendigos das ruas de Santiago do Chile.<\/p>\n<p>&nbsp;<\/p>\n<p style=\"text-align: left;\" align=\"center\"><b>\u00a01. \u201cA FEIJOADA EUCAR\u00cdSTICA\u201d<\/b><\/p>\n<p style=\"text-align: left;\" align=\"center\"><a href=\"https:\/\/i2.wp.com\/www1.unicap.br\/assecom1\/wp-content\/uploads\/2013\/09\/pelegrino03.jpg?ssl=1\"><img data-attachment-id=\"42029\" data-permalink=\"https:\/\/www1.unicap.br\/assecom1\/aconteceu-a-caminhada-dos-70-da-catolica-de-recife-a-olinda\/pelegrino03\/\" data-orig-file=\"https:\/\/i2.wp.com\/www1.unicap.br\/assecom1\/wp-content\/uploads\/2013\/09\/pelegrino03.jpg?fit=640%2C480&amp;ssl=1\" data-orig-size=\"640,480\" data-comments-opened=\"1\" data-image-meta=\"{&quot;aperture&quot;:&quot;0&quot;,&quot;credit&quot;:&quot;&quot;,&quot;camera&quot;:&quot;&quot;,&quot;caption&quot;:&quot;&quot;,&quot;created_timestamp&quot;:&quot;0&quot;,&quot;copyright&quot;:&quot;&quot;,&quot;focal_length&quot;:&quot;0&quot;,&quot;iso&quot;:&quot;0&quot;,&quot;shutter_speed&quot;:&quot;0&quot;,&quot;title&quot;:&quot;&quot;}\" data-image-title=\"pelegrino03\" data-image-description=\"\" data-medium-file=\"https:\/\/i2.wp.com\/www1.unicap.br\/assecom1\/wp-content\/uploads\/2013\/09\/pelegrino03.jpg?fit=300%2C225&amp;ssl=1\" data-large-file=\"https:\/\/i2.wp.com\/www1.unicap.br\/assecom1\/wp-content\/uploads\/2013\/09\/pelegrino03.jpg?fit=640%2C480&amp;ssl=1\" loading=\"lazy\" class=\"alignnone size-full wp-image-42029\" alt=\"peregrino03\" src=\"https:\/\/i2.wp.com\/www1.unicap.br\/assecom1\/wp-content\/uploads\/2013\/09\/pelegrino03.jpg?resize=640%2C480&#038;ssl=1\" srcset=\"https:\/\/i2.wp.com\/www1.unicap.br\/assecom1\/wp-content\/uploads\/2013\/09\/pelegrino03.jpg?w=640&amp;ssl=1 640w, https:\/\/i2.wp.com\/www1.unicap.br\/assecom1\/wp-content\/uploads\/2013\/09\/pelegrino03.jpg?resize=300%2C225&amp;ssl=1 300w\" sizes=\"(max-width: 640px) 100vw, 640px\" data-recalc-dims=\"1\" \/><\/a><\/p>\n<p>No final da \u00faltima aula da manh\u00e3 come\u00e7ou chegar as pessoas na sala do Instituto Humanitas para partilhar a feijoada. A partilha de uma feijoada j\u00e1 \u00e9 uma tradi\u00e7\u00e3o na cat\u00f3lica. Tudo come\u00e7ou com a conclus\u00e3o de uma disciplina no curso de administra\u00e7\u00e3o. A iniciativa foi do funcion\u00e1rio e estudante de administra\u00e7\u00e3o, Elias Heleno, e acolhida pelo professor da disciplina Humanidade e Transcend\u00eancia. A feijoada, comida t\u00edpica nordestina, deu o toque inicial na caminhada. Na sala do Instituto Humanitas participaram da partilha da feijoada professores, funcion\u00e1rios e alunos. Foi realmente um momento comunit\u00e1rio rico em humanidade.<\/p>\n<p>&nbsp;<\/p>\n<p style=\"text-align: left;\" align=\"center\"><b>2. NO RITMO DA CAPOEIRA<\/b><\/p>\n<p style=\"text-align: left;\" align=\"center\"><a href=\"https:\/\/i0.wp.com\/www1.unicap.br\/assecom1\/wp-content\/uploads\/2013\/09\/peregrino04.jpg?ssl=1\"><img data-attachment-id=\"42032\" data-permalink=\"https:\/\/www1.unicap.br\/assecom1\/aconteceu-a-caminhada-dos-70-da-catolica-de-recife-a-olinda\/peregrino04\/\" data-orig-file=\"https:\/\/i0.wp.com\/www1.unicap.br\/assecom1\/wp-content\/uploads\/2013\/09\/peregrino04.jpg?fit=640%2C480&amp;ssl=1\" data-orig-size=\"640,480\" data-comments-opened=\"1\" data-image-meta=\"{&quot;aperture&quot;:&quot;0&quot;,&quot;credit&quot;:&quot;&quot;,&quot;camera&quot;:&quot;&quot;,&quot;caption&quot;:&quot;&quot;,&quot;created_timestamp&quot;:&quot;0&quot;,&quot;copyright&quot;:&quot;&quot;,&quot;focal_length&quot;:&quot;0&quot;,&quot;iso&quot;:&quot;0&quot;,&quot;shutter_speed&quot;:&quot;0&quot;,&quot;title&quot;:&quot;&quot;}\" data-image-title=\"peregrino04\" data-image-description=\"\" data-medium-file=\"https:\/\/i0.wp.com\/www1.unicap.br\/assecom1\/wp-content\/uploads\/2013\/09\/peregrino04.jpg?fit=300%2C225&amp;ssl=1\" data-large-file=\"https:\/\/i0.wp.com\/www1.unicap.br\/assecom1\/wp-content\/uploads\/2013\/09\/peregrino04.jpg?fit=640%2C480&amp;ssl=1\" loading=\"lazy\" class=\"alignnone size-full wp-image-42032\" alt=\"peregrino04\" src=\"https:\/\/i0.wp.com\/www1.unicap.br\/assecom1\/wp-content\/uploads\/2013\/09\/peregrino04.jpg?resize=640%2C480&#038;ssl=1\" srcset=\"https:\/\/i0.wp.com\/www1.unicap.br\/assecom1\/wp-content\/uploads\/2013\/09\/peregrino04.jpg?w=640&amp;ssl=1 640w, https:\/\/i0.wp.com\/www1.unicap.br\/assecom1\/wp-content\/uploads\/2013\/09\/peregrino04.jpg?resize=300%2C225&amp;ssl=1 300w\" sizes=\"(max-width: 640px) 100vw, 640px\" data-recalc-dims=\"1\" \/><\/a><\/p>\n<p>O rel\u00f3gio j\u00e1 marcava 14h30 quando nos reunimos no t\u00e9rreo do Bl A. O Grupo Capoeira Chap\u00e9u de Couro fez uma bel\u00edssima apresenta\u00e7\u00e3o, acompanhada de um momento de relaxamento e express\u00e3o corporal. Foi um momento excelente de termos consci\u00eancia do corpo. Ajudou imensamente, de uma vez que todos iriam iniciar uma caminhada. O Mestre Corisco ligou o momento de m\u00edstica da capoeira com o sentido da caminhada que fazia mem\u00f3ria de Santo Alberto Hurtado e ao mesmo tempo celebrava o anivers\u00e1rio da Cat\u00f3lica. Esse momento possibilitou um tempo de sil\u00eancio e interioriza\u00e7\u00e3o. Finalmente o momento vivido ajudou todo grupo a respirar tamb\u00e9m com m\u00e9todo. De modo que o andar e respirar se tornaram harm\u00f4nicos.<\/p>\n<p><b>\u00a0<\/b><\/p>\n<p><b>3. A ACOLHIDA TRADICIONAL DO PE. CAETANO NA IGREJINHA DA RUA DO LIMA<\/b><\/p>\n<p style=\"text-align: left;\" align=\"center\"><a href=\"https:\/\/i0.wp.com\/www1.unicap.br\/assecom1\/wp-content\/uploads\/2013\/09\/peregrino05.jpg?ssl=1\"><img data-attachment-id=\"42034\" data-permalink=\"https:\/\/www1.unicap.br\/assecom1\/aconteceu-a-caminhada-dos-70-da-catolica-de-recife-a-olinda\/peregrino05\/\" data-orig-file=\"https:\/\/i0.wp.com\/www1.unicap.br\/assecom1\/wp-content\/uploads\/2013\/09\/peregrino05.jpg?fit=640%2C480&amp;ssl=1\" data-orig-size=\"640,480\" data-comments-opened=\"1\" data-image-meta=\"{&quot;aperture&quot;:&quot;0&quot;,&quot;credit&quot;:&quot;&quot;,&quot;camera&quot;:&quot;&quot;,&quot;caption&quot;:&quot;&quot;,&quot;created_timestamp&quot;:&quot;0&quot;,&quot;copyright&quot;:&quot;&quot;,&quot;focal_length&quot;:&quot;0&quot;,&quot;iso&quot;:&quot;0&quot;,&quot;shutter_speed&quot;:&quot;0&quot;,&quot;title&quot;:&quot;&quot;}\" data-image-title=\"peregrino05\" data-image-description=\"\" data-medium-file=\"https:\/\/i0.wp.com\/www1.unicap.br\/assecom1\/wp-content\/uploads\/2013\/09\/peregrino05.jpg?fit=300%2C225&amp;ssl=1\" data-large-file=\"https:\/\/i0.wp.com\/www1.unicap.br\/assecom1\/wp-content\/uploads\/2013\/09\/peregrino05.jpg?fit=640%2C480&amp;ssl=1\" loading=\"lazy\" class=\"alignnone size-full wp-image-42034\" alt=\"peregrino05\" src=\"https:\/\/i0.wp.com\/www1.unicap.br\/assecom1\/wp-content\/uploads\/2013\/09\/peregrino05.jpg?resize=640%2C480&#038;ssl=1\" srcset=\"https:\/\/i0.wp.com\/www1.unicap.br\/assecom1\/wp-content\/uploads\/2013\/09\/peregrino05.jpg?w=640&amp;ssl=1 640w, https:\/\/i0.wp.com\/www1.unicap.br\/assecom1\/wp-content\/uploads\/2013\/09\/peregrino05.jpg?resize=300%2C225&amp;ssl=1 300w\" sizes=\"(max-width: 640px) 100vw, 640px\" data-recalc-dims=\"1\" \/><\/a><\/p>\n<p>Chegamos por volta da 16h na igrejinha da Rua do Lima. Entramos na igrejinha para um momento de sil\u00eancio e descanso. Logo em seguida fomos convidados para seguir para o sal\u00e3o paroquial onde foi nos servido um gostoso suco de frutas. O padre Caetano, professor de direito da Cat\u00f3lica, \u00e9 p\u00e1roco naquela igreja de Nossa Senhora da Piedade que completa 102 anos em 2013. O padre Caetano nos contou algumas hist\u00f3rias engra\u00e7adas que logo cativou todo grupo de peregrinos. Antes de sair voltamos \u00e0 igreja para uma ora\u00e7\u00e3o que nos enviou para a S\u00e9 de Olinda. Voltamos para a estrada \u00e0s 16h30.<\/p>\n<p>&nbsp;<\/p>\n<p style=\"text-align: left;\" align=\"center\"><b>4. A MAGIA DO CAMINHO<\/b><\/p>\n<p style=\"text-align: left;\" align=\"center\"><a href=\"https:\/\/i0.wp.com\/www1.unicap.br\/assecom1\/wp-content\/uploads\/2013\/09\/peregrino06.jpg?ssl=1\"><img data-attachment-id=\"42035\" data-permalink=\"https:\/\/www1.unicap.br\/assecom1\/aconteceu-a-caminhada-dos-70-da-catolica-de-recife-a-olinda\/peregrino06\/\" data-orig-file=\"https:\/\/i0.wp.com\/www1.unicap.br\/assecom1\/wp-content\/uploads\/2013\/09\/peregrino06.jpg?fit=640%2C480&amp;ssl=1\" data-orig-size=\"640,480\" data-comments-opened=\"1\" data-image-meta=\"{&quot;aperture&quot;:&quot;0&quot;,&quot;credit&quot;:&quot;&quot;,&quot;camera&quot;:&quot;&quot;,&quot;caption&quot;:&quot;&quot;,&quot;created_timestamp&quot;:&quot;0&quot;,&quot;copyright&quot;:&quot;&quot;,&quot;focal_length&quot;:&quot;0&quot;,&quot;iso&quot;:&quot;0&quot;,&quot;shutter_speed&quot;:&quot;0&quot;,&quot;title&quot;:&quot;&quot;}\" data-image-title=\"peregrino06\" data-image-description=\"\" data-medium-file=\"https:\/\/i0.wp.com\/www1.unicap.br\/assecom1\/wp-content\/uploads\/2013\/09\/peregrino06.jpg?fit=300%2C225&amp;ssl=1\" data-large-file=\"https:\/\/i0.wp.com\/www1.unicap.br\/assecom1\/wp-content\/uploads\/2013\/09\/peregrino06.jpg?fit=640%2C480&amp;ssl=1\" loading=\"lazy\" class=\"alignnone size-full wp-image-42035\" alt=\"peregrino06\" src=\"https:\/\/i0.wp.com\/www1.unicap.br\/assecom1\/wp-content\/uploads\/2013\/09\/peregrino06.jpg?resize=640%2C480&#038;ssl=1\" srcset=\"https:\/\/i0.wp.com\/www1.unicap.br\/assecom1\/wp-content\/uploads\/2013\/09\/peregrino06.jpg?w=640&amp;ssl=1 640w, https:\/\/i0.wp.com\/www1.unicap.br\/assecom1\/wp-content\/uploads\/2013\/09\/peregrino06.jpg?resize=300%2C225&amp;ssl=1 300w\" sizes=\"(max-width: 640px) 100vw, 640px\" data-recalc-dims=\"1\" \/><\/a><\/p>\n<p>O caminho se mostrava agrad\u00e1vel porque n\u00e3o estava fazendo sol nem chovendo. A caminhada continuou pela Av. Cruzcabug\u00e1 no sentido Olinda. Havia um clima muito gostoso de compartilhamento. Alguns caminhavam em sil\u00eancio vivendo um momento privilegiado. Perceb\u00edamos que a medita\u00e7\u00e3o andando pode trazer uma sensa\u00e7\u00e3o de felicidade, equil\u00edbrio e paz. Outros caminhavam em pequenos grupos partilhando a vida. Chamou-nos aten\u00e7\u00e3o o que v\u00edamos no caminho. Passando, em muitas paradas de \u00f4nibus, observ\u00e1vamos as pessoas e as pessoas nos observavam. Foi chocante ver o rio que divide as cidades de Recife e Olinda extremamente polu\u00eddo. A cena vivida calou profundamente em cada um. O caminho vivido demonstra que n\u00e3o se trata de um andar qualquer, mas de um andar com m\u00e9todo. A viv\u00eancia do caminhar foi nos ajudando a sentir o prazer de cada passo, de cada respira\u00e7\u00e3o, do c\u00e9u azul, de cada paisagem.<\/p>\n<p>&nbsp;<\/p>\n<p style=\"text-align: left;\" align=\"center\"><b>5. OLINDA SEMPRE ENCANTADA<\/b><\/p>\n<p style=\"text-align: left;\" align=\"center\"><a href=\"https:\/\/i1.wp.com\/www1.unicap.br\/assecom1\/wp-content\/uploads\/2013\/09\/peregrino07.jpg?ssl=1\"><img data-attachment-id=\"42039\" data-permalink=\"https:\/\/www1.unicap.br\/assecom1\/aconteceu-a-caminhada-dos-70-da-catolica-de-recife-a-olinda\/peregrino07\/\" data-orig-file=\"https:\/\/i1.wp.com\/www1.unicap.br\/assecom1\/wp-content\/uploads\/2013\/09\/peregrino07.jpg?fit=640%2C480&amp;ssl=1\" data-orig-size=\"640,480\" data-comments-opened=\"1\" data-image-meta=\"{&quot;aperture&quot;:&quot;0&quot;,&quot;credit&quot;:&quot;&quot;,&quot;camera&quot;:&quot;&quot;,&quot;caption&quot;:&quot;&quot;,&quot;created_timestamp&quot;:&quot;0&quot;,&quot;copyright&quot;:&quot;&quot;,&quot;focal_length&quot;:&quot;0&quot;,&quot;iso&quot;:&quot;0&quot;,&quot;shutter_speed&quot;:&quot;0&quot;,&quot;title&quot;:&quot;&quot;}\" data-image-title=\"peregrino07\" data-image-description=\"\" data-medium-file=\"https:\/\/i1.wp.com\/www1.unicap.br\/assecom1\/wp-content\/uploads\/2013\/09\/peregrino07.jpg?fit=300%2C225&amp;ssl=1\" data-large-file=\"https:\/\/i1.wp.com\/www1.unicap.br\/assecom1\/wp-content\/uploads\/2013\/09\/peregrino07.jpg?fit=640%2C480&amp;ssl=1\" loading=\"lazy\" class=\"alignnone size-full wp-image-42039\" alt=\"peregrino07\" src=\"https:\/\/i1.wp.com\/www1.unicap.br\/assecom1\/wp-content\/uploads\/2013\/09\/peregrino07.jpg?resize=640%2C480&#038;ssl=1\" srcset=\"https:\/\/i1.wp.com\/www1.unicap.br\/assecom1\/wp-content\/uploads\/2013\/09\/peregrino07.jpg?w=640&amp;ssl=1 640w, https:\/\/i1.wp.com\/www1.unicap.br\/assecom1\/wp-content\/uploads\/2013\/09\/peregrino07.jpg?resize=300%2C225&amp;ssl=1 300w\" sizes=\"(max-width: 640px) 100vw, 640px\" data-recalc-dims=\"1\" \/><\/a><\/p>\n<p>Chegando \u00e0s ruas hist\u00f3ricas de Olinda no finalzinho da tarde p\u00f4de-se viver o clima buc\u00f3lico proporcionado pelas ladeiras dessa bela cidade. \u00a0Paramos na Rua de S\u00e3o Bento, na pra\u00e7a da prefeitura, para um momento de descanso e contempla\u00e7\u00e3o do mar. Seguindo o caminho chegamos ao Alto da S\u00e9. Subindo pela paralela da Ladeira da Miseric\u00f3rdia chegamos \u00e0 igrejinha dedicada a Nossa Senhora da Miseric\u00f3rdia mantida pelas irm\u00e3s beneditinas mission\u00e1rias de Tutzing. O rel\u00f3gio marcava 18h. No momento de visita a Igreja da miseric\u00f3rdia as irm\u00e3s iniciavam a ora\u00e7\u00e3o das v\u00e9speras (ora\u00e7\u00e3o do final da tarde). Foi um momento silencioso que possibilitou cada um fazer sua ora\u00e7\u00e3o pessoal.<\/p>\n<p>&nbsp;<\/p>\n<p style=\"text-align: left;\" align=\"center\"><b>6. A PARTILHA DA CEIA<\/b><\/p>\n<p style=\"text-align: left;\" align=\"center\"><a href=\"https:\/\/i0.wp.com\/www1.unicap.br\/assecom1\/wp-content\/uploads\/2013\/09\/peregrino08.jpg?ssl=1\"><img data-attachment-id=\"42040\" data-permalink=\"https:\/\/www1.unicap.br\/assecom1\/aconteceu-a-caminhada-dos-70-da-catolica-de-recife-a-olinda\/peregrino08\/\" data-orig-file=\"https:\/\/i0.wp.com\/www1.unicap.br\/assecom1\/wp-content\/uploads\/2013\/09\/peregrino08.jpg?fit=640%2C480&amp;ssl=1\" data-orig-size=\"640,480\" data-comments-opened=\"1\" data-image-meta=\"{&quot;aperture&quot;:&quot;0&quot;,&quot;credit&quot;:&quot;&quot;,&quot;camera&quot;:&quot;&quot;,&quot;caption&quot;:&quot;&quot;,&quot;created_timestamp&quot;:&quot;0&quot;,&quot;copyright&quot;:&quot;&quot;,&quot;focal_length&quot;:&quot;0&quot;,&quot;iso&quot;:&quot;0&quot;,&quot;shutter_speed&quot;:&quot;0&quot;,&quot;title&quot;:&quot;&quot;}\" data-image-title=\"peregrino08\" data-image-description=\"\" data-medium-file=\"https:\/\/i0.wp.com\/www1.unicap.br\/assecom1\/wp-content\/uploads\/2013\/09\/peregrino08.jpg?fit=300%2C225&amp;ssl=1\" data-large-file=\"https:\/\/i0.wp.com\/www1.unicap.br\/assecom1\/wp-content\/uploads\/2013\/09\/peregrino08.jpg?fit=640%2C480&amp;ssl=1\" loading=\"lazy\" class=\"alignnone size-full wp-image-42040\" alt=\"peregrino08\" src=\"https:\/\/i0.wp.com\/www1.unicap.br\/assecom1\/wp-content\/uploads\/2013\/09\/peregrino08.jpg?resize=640%2C480&#038;ssl=1\" srcset=\"https:\/\/i0.wp.com\/www1.unicap.br\/assecom1\/wp-content\/uploads\/2013\/09\/peregrino08.jpg?w=640&amp;ssl=1 640w, https:\/\/i0.wp.com\/www1.unicap.br\/assecom1\/wp-content\/uploads\/2013\/09\/peregrino08.jpg?resize=300%2C225&amp;ssl=1 300w\" sizes=\"(max-width: 640px) 100vw, 640px\" data-recalc-dims=\"1\" \/><\/a><\/p>\n<p>A ceia festiva aconteceu no Convento das Dorot\u00e9ias. Chegando no Convento da Concei\u00e7\u00e3o encontramos algumas professoras da Cat\u00f3lica que nos aguardavam.\u00a0 A alegria da chegada se misturou com a alegria do encontro. Tamb\u00e9m nos aguardava um grupo do coral Recife Em Canto. No refeit\u00f3rio do convento foi servida a ceia. Ap\u00f3s um canto de agradecimento participamos dessa ceia solene regada a um vinho chileno. Foi um momento bel\u00edssimo! Todos ficaram maravilhados com o sabor do momento. Na mesa de jantar o assunto era reviver a caminhada percorrida. E j\u00e1 se falava da caminhada de 2014.<\/p>\n<p>&nbsp;<\/p>\n<p style=\"text-align: left;\" align=\"center\"><b>7. EM OLINDA, RECIFE EM CANTO<\/b><\/p>\n<p style=\"text-align: left;\" align=\"center\"><a href=\"https:\/\/i2.wp.com\/www1.unicap.br\/assecom1\/wp-content\/uploads\/2013\/09\/peregrino09.jpg?ssl=1\"><img data-attachment-id=\"42041\" data-permalink=\"https:\/\/www1.unicap.br\/assecom1\/aconteceu-a-caminhada-dos-70-da-catolica-de-recife-a-olinda\/peregrino09\/\" data-orig-file=\"https:\/\/i2.wp.com\/www1.unicap.br\/assecom1\/wp-content\/uploads\/2013\/09\/peregrino09.jpg?fit=640%2C480&amp;ssl=1\" data-orig-size=\"640,480\" data-comments-opened=\"1\" data-image-meta=\"{&quot;aperture&quot;:&quot;0&quot;,&quot;credit&quot;:&quot;&quot;,&quot;camera&quot;:&quot;&quot;,&quot;caption&quot;:&quot;&quot;,&quot;created_timestamp&quot;:&quot;0&quot;,&quot;copyright&quot;:&quot;&quot;,&quot;focal_length&quot;:&quot;0&quot;,&quot;iso&quot;:&quot;0&quot;,&quot;shutter_speed&quot;:&quot;0&quot;,&quot;title&quot;:&quot;&quot;}\" data-image-title=\"peregrino09\" data-image-description=\"\" data-medium-file=\"https:\/\/i2.wp.com\/www1.unicap.br\/assecom1\/wp-content\/uploads\/2013\/09\/peregrino09.jpg?fit=300%2C225&amp;ssl=1\" data-large-file=\"https:\/\/i2.wp.com\/www1.unicap.br\/assecom1\/wp-content\/uploads\/2013\/09\/peregrino09.jpg?fit=640%2C480&amp;ssl=1\" loading=\"lazy\" class=\"alignnone size-full wp-image-42041\" alt=\"peregrino09\" src=\"https:\/\/i2.wp.com\/www1.unicap.br\/assecom1\/wp-content\/uploads\/2013\/09\/peregrino09.jpg?resize=640%2C480&#038;ssl=1\" srcset=\"https:\/\/i2.wp.com\/www1.unicap.br\/assecom1\/wp-content\/uploads\/2013\/09\/peregrino09.jpg?w=640&amp;ssl=1 640w, https:\/\/i2.wp.com\/www1.unicap.br\/assecom1\/wp-content\/uploads\/2013\/09\/peregrino09.jpg?resize=300%2C225&amp;ssl=1 300w\" sizes=\"(max-width: 640px) 100vw, 640px\" data-recalc-dims=\"1\" \/><\/a><\/p>\n<p>Para concluir o \u201cEl camino de Hurtado\u201d, com chave de ouro, assistimos a apresenta\u00e7\u00e3o do coral Recife em Canto, regido pelo maestro Josu\u00e9. O coral era composto por vinte pessoas incluindo funcion\u00e1rios e alunos da Cat\u00f3lica. No audit\u00f3rio do Convento da Concei\u00e7\u00e3o escutamos o melhor da MPB nordestina. Entre as m\u00fasicas de Luiz Gonzaga escutamos uma Ave Maria em latim. Foi um momento m\u00e1gico.<\/p>\n<p>&nbsp;<\/p>\n<p><b>O CAMINHO CONTINUA<\/b><\/p>\n<p>Essa pedagogia do caminho, com certeza, nos leva a entender que o conhecimento se torna experi\u00eancia. &#8220;N\u00e3o \u00e9 o muito saber que sacia e satisfaz a alma, mas o sentir e saborear as coisas internamente&#8221;(EE 2). As pessoas que, realmente, fazem a experi\u00eancia do caminho certamente, em breve, ser\u00e3o mais s\u00e1bias. Voltando para a Cat\u00f3lica nos sent\u00edamos mais dispostos para continuar o caminho e agora saboreando o mesmo e com mais sabedoria.<\/p>\n<p style=\"text-align: left;\" align=\"center\">\n<p style=\"text-align: left;\" align=\"center\">\n<p style=\"text-align: left;\" align=\"center\">\n","protected":false},"excerpt":{"rendered":"<p>Por Artur Peregrino \u201cEl camino de Hurtado\u201d &#8220;\u00a1C\u00f3mo no voy a estar contento! \u00a1C\u00f3mo no estar agradecido a Dios!&#8221; Santo Alberto Hurtado, SJ (1901-1952) Artur Peregrino &#8211;\u00a0Mestre em Antropologia pela Universidade Federal de Pernambuco (UPPE), possui gradua\u00e7\u00e3o e bacharelado em Filosofia pela Universidade Cat\u00f3lica de Pernambuco\u00a0 (UNICAP) e bacharelado em Teologia pelo Instituto de Teologia [&hellip;]<\/p>\n","protected":false},"author":3,"featured_media":0,"comment_status":"open","ping_status":"open","sticky":false,"template":"","format":"standard","meta":[],"categories":[4],"tags":[],"jetpack-related-posts":[],"_links":{"self":[{"href":"https:\/\/www1.unicap.br\/assecom1\/wp-json\/wp\/v2\/posts\/42026"}],"collection":[{"href":"https:\/\/www1.unicap.br\/assecom1\/wp-json\/wp\/v2\/posts"}],"about":[{"href":"https:\/\/www1.unicap.br\/assecom1\/wp-json\/wp\/v2\/types\/post"}],"author":[{"embeddable":true,"href":"https:\/\/www1.unicap.br\/assecom1\/wp-json\/wp\/v2\/users\/3"}],"replies":[{"embeddable":true,"href":"https:\/\/www1.unicap.br\/assecom1\/wp-json\/wp\/v2\/comments?post=42026"}],"version-history":[{"count":2,"href":"https:\/\/www1.unicap.br\/assecom1\/wp-json\/wp\/v2\/posts\/42026\/revisions"}],"predecessor-version":[{"id":42055,"href":"https:\/\/www1.unicap.br\/assecom1\/wp-json\/wp\/v2\/posts\/42026\/revisions\/42055"}],"wp:attachment":[{"href":"https:\/\/www1.unicap.br\/assecom1\/wp-json\/wp\/v2\/media?parent=42026"}],"wp:term":[{"taxonomy":"category","embeddable":true,"href":"https:\/\/www1.unicap.br\/assecom1\/wp-json\/wp\/v2\/categories?post=42026"},{"taxonomy":"post_tag","embeddable":true,"href":"https:\/\/www1.unicap.br\/assecom1\/wp-json\/wp\/v2\/tags?post=42026"}],"curies":[{"name":"wp","href":"https:\/\/api.w.org\/{rel}","templated":true}]}}