{"id":41968,"date":"2013-09-18T16:36:25","date_gmt":"2013-09-18T19:36:25","guid":{"rendered":"http:\/\/www.unicap.br\/assecom1\/?p=41968"},"modified":"2013-09-18T20:02:17","modified_gmt":"2013-09-18T23:02:17","slug":"reitor-da-catolica-e-o-novo-presidente-da-abruc","status":"publish","type":"post","link":"https:\/\/www1.unicap.br\/assecom1\/reitor-da-catolica-e-o-novo-presidente-da-abruc\/","title":{"rendered":"Reitor da Cat\u00f3lica \u00e9 o novo presidente da Abruc"},"content":{"rendered":"<p>&nbsp;<\/p>\n<p><a href=\"https:\/\/i1.wp.com\/www1.unicap.br\/assecom1\/wp-content\/uploads\/2013\/09\/abruc.jpg?ssl=1\"><img data-attachment-id=\"42036\" data-permalink=\"https:\/\/www1.unicap.br\/assecom1\/reitor-da-catolica-e-o-novo-presidente-da-abruc\/abruc\/\" data-orig-file=\"https:\/\/i1.wp.com\/www1.unicap.br\/assecom1\/wp-content\/uploads\/2013\/09\/abruc.jpg?fit=350%2C209&amp;ssl=1\" data-orig-size=\"350,209\" data-comments-opened=\"1\" data-image-meta=\"{&quot;aperture&quot;:&quot;3.5&quot;,&quot;credit&quot;:&quot;Bruno Todeschini&quot;,&quot;camera&quot;:&quot;NIKON D700&quot;,&quot;caption&quot;:&quot;&quot;,&quot;created_timestamp&quot;:&quot;1379517815&quot;,&quot;copyright&quot;:&quot;&quot;,&quot;focal_length&quot;:&quot;27&quot;,&quot;iso&quot;:&quot;1000&quot;,&quot;shutter_speed&quot;:&quot;0.008&quot;,&quot;title&quot;:&quot;&quot;}\" data-image-title=\"abruc\" data-image-description=\"\" data-medium-file=\"https:\/\/i1.wp.com\/www1.unicap.br\/assecom1\/wp-content\/uploads\/2013\/09\/abruc.jpg?fit=300%2C179&amp;ssl=1\" data-large-file=\"https:\/\/i1.wp.com\/www1.unicap.br\/assecom1\/wp-content\/uploads\/2013\/09\/abruc.jpg?fit=350%2C209&amp;ssl=1\" loading=\"lazy\" class=\"wp-image-42036 alignright\" alt=\"abruc\" src=\"https:\/\/i1.wp.com\/www1.unicap.br\/assecom1\/wp-content\/uploads\/2013\/09\/abruc.jpg?resize=300%2C179&#038;ssl=1\" srcset=\"https:\/\/i1.wp.com\/www1.unicap.br\/assecom1\/wp-content\/uploads\/2013\/09\/abruc.jpg?resize=300%2C179&amp;ssl=1 300w, https:\/\/i1.wp.com\/www1.unicap.br\/assecom1\/wp-content\/uploads\/2013\/09\/abruc.jpg?w=350&amp;ssl=1 350w\" sizes=\"(max-width: 300px) 100vw, 300px\" data-recalc-dims=\"1\" \/><\/a>O Reitor da Universidade Cat\u00f3lica de Pernambuco, Padre Pedro Rubens, foi eleito nesta quarta-feira (18), em Bras\u00edlia, presidente da Associa\u00e7\u00e3o Brasileira das Universidades Comunit\u00e1rias (Abruc).<\/p>\n<p>Padre Pedro j\u00e1 integrava a dire\u00e7\u00e3o da Abruc h\u00e1 quatro anos e atualmente era vice-presidente da entidade. Sua elei\u00e7\u00e3o para presidente, portanto, foi resultado de um processo natural. Como j\u00e1 ia a Bras\u00edlia uma vez por m\u00eas, a nova fun\u00e7\u00e3o n\u00e3o alterar\u00e1 a rotina do Reitor da Unicap.<\/p>\n<p>Padre Pedro tamb\u00e9m \u00e9 presidente da Federa\u00e7\u00e3o Internacional das Universidades Cat\u00f3licas (Fiuc). Ele \u00e9 o primeiro brasileiro a ocupar o cargo.<\/p>\n","protected":false},"excerpt":{"rendered":"<p>&nbsp; O Reitor da Universidade Cat\u00f3lica de Pernambuco, Padre Pedro Rubens, foi eleito nesta quarta-feira (18), em Bras\u00edlia, presidente da Associa\u00e7\u00e3o Brasileira das Universidades Comunit\u00e1rias (Abruc). Padre Pedro j\u00e1 integrava a dire\u00e7\u00e3o da Abruc h\u00e1 quatro anos e atualmente era vice-presidente da entidade. Sua elei\u00e7\u00e3o para presidente, portanto, foi resultado de um processo natural. Como [&hellip;]<\/p>\n","protected":false},"author":2,"featured_media":0,"comment_status":"open","ping_status":"open","sticky":false,"template":"","format":"standard","meta":[],"categories":[4],"tags":[],"jetpack-related-posts":[],"_links":{"self":[{"href":"https:\/\/www1.unicap.br\/assecom1\/wp-json\/wp\/v2\/posts\/41968"}],"collection":[{"href":"https:\/\/www1.unicap.br\/assecom1\/wp-json\/wp\/v2\/posts"}],"about":[{"href":"https:\/\/www1.unicap.br\/assecom1\/wp-json\/wp\/v2\/types\/post"}],"author":[{"embeddable":true,"href":"https:\/\/www1.unicap.br\/assecom1\/wp-json\/wp\/v2\/users\/2"}],"replies":[{"embeddable":true,"href":"https:\/\/www1.unicap.br\/assecom1\/wp-json\/wp\/v2\/comments?post=41968"}],"version-history":[{"count":5,"href":"https:\/\/www1.unicap.br\/assecom1\/wp-json\/wp\/v2\/posts\/41968\/revisions"}],"predecessor-version":[{"id":42038,"href":"https:\/\/www1.unicap.br\/assecom1\/wp-json\/wp\/v2\/posts\/41968\/revisions\/42038"}],"wp:attachment":[{"href":"https:\/\/www1.unicap.br\/assecom1\/wp-json\/wp\/v2\/media?parent=41968"}],"wp:term":[{"taxonomy":"category","embeddable":true,"href":"https:\/\/www1.unicap.br\/assecom1\/wp-json\/wp\/v2\/categories?post=41968"},{"taxonomy":"post_tag","embeddable":true,"href":"https:\/\/www1.unicap.br\/assecom1\/wp-json\/wp\/v2\/tags?post=41968"}],"curies":[{"name":"wp","href":"https:\/\/api.w.org\/{rel}","templated":true}]}}