{"id":41281,"date":"2013-08-28T20:55:19","date_gmt":"2013-08-28T23:55:19","guid":{"rendered":"http:\/\/www.unicap.br\/assecom1\/?p=41281"},"modified":"2013-08-28T20:55:19","modified_gmt":"2013-08-28T23:55:19","slug":"coloquio-sobre-metapsicologia-da-perversao-chega-ao-ultimo-dia-com-programacao-intensa","status":"publish","type":"post","link":"https:\/\/www1.unicap.br\/assecom1\/coloquio-sobre-metapsicologia-da-perversao-chega-ao-ultimo-dia-com-programacao-intensa\/","title":{"rendered":"Col\u00f3quio sobre Metapsicologia da Pervers\u00e3o chega ao \u00faltimo dia com programa\u00e7\u00e3o intensa"},"content":{"rendered":"<p><a href=\"https:\/\/i2.wp.com\/www1.unicap.br\/assecom1\/wp-content\/uploads\/2013\/08\/DSCN4126.jpg?ssl=1\"><img data-attachment-id=\"41287\" data-permalink=\"https:\/\/www1.unicap.br\/assecom1\/coloquio-sobre-metapsicologia-da-perversao-chega-ao-ultimo-dia-com-programacao-intensa\/dscn4126\/\" data-orig-file=\"https:\/\/i2.wp.com\/www1.unicap.br\/assecom1\/wp-content\/uploads\/2013\/08\/DSCN4126.jpg?fit=4608%2C3456&amp;ssl=1\" data-orig-size=\"4608,3456\" data-comments-opened=\"1\" data-image-meta=\"{&quot;aperture&quot;:&quot;4.6&quot;,&quot;credit&quot;:&quot;&quot;,&quot;camera&quot;:&quot;COOLPIX L810&quot;,&quot;caption&quot;:&quot;&quot;,&quot;created_timestamp&quot;:&quot;1377686521&quot;,&quot;copyright&quot;:&quot;&quot;,&quot;focal_length&quot;:&quot;17.2&quot;,&quot;iso&quot;:&quot;400&quot;,&quot;shutter_speed&quot;:&quot;0.125&quot;,&quot;title&quot;:&quot;&quot;}\" data-image-title=\"\" data-image-description=\"\" data-medium-file=\"https:\/\/i2.wp.com\/www1.unicap.br\/assecom1\/wp-content\/uploads\/2013\/08\/DSCN4126.jpg?fit=300%2C225&amp;ssl=1\" data-large-file=\"https:\/\/i2.wp.com\/www1.unicap.br\/assecom1\/wp-content\/uploads\/2013\/08\/DSCN4126.jpg?fit=640%2C480&amp;ssl=1\" loading=\"lazy\" class=\"aligncenter size-medium wp-image-41287\" alt=\"\" src=\"https:\/\/i2.wp.com\/www1.unicap.br\/assecom1\/wp-content\/uploads\/2013\/08\/DSCN4126.jpg?resize=300%2C225&#038;ssl=1\" srcset=\"https:\/\/i2.wp.com\/www1.unicap.br\/assecom1\/wp-content\/uploads\/2013\/08\/DSCN4126.jpg?resize=300%2C225&amp;ssl=1 300w, https:\/\/i2.wp.com\/www1.unicap.br\/assecom1\/wp-content\/uploads\/2013\/08\/DSCN4126.jpg?resize=1024%2C768&amp;ssl=1 1024w, https:\/\/i2.wp.com\/www1.unicap.br\/assecom1\/wp-content\/uploads\/2013\/08\/DSCN4126.jpg?w=1280&amp;ssl=1 1280w, https:\/\/i2.wp.com\/www1.unicap.br\/assecom1\/wp-content\/uploads\/2013\/08\/DSCN4126.jpg?w=1920&amp;ssl=1 1920w\" sizes=\"(max-width: 300px) 100vw, 300px\" data-recalc-dims=\"1\" \/><\/a><\/p>\n<p>O I Col\u00f3quio Internacional sobre Metapsicologia da Pervers\u00e3o, que est\u00e1 sendo realizado pela Universidade Cat\u00f3lica de Pernambuco em parceria com a\u00a0 Universit\u00e9 Catholique de L\u2019Ouest, chegou hoje ao seu \u00faltimo dia com programa\u00e7\u00e3o intensa e atividades diversificadas. Por volta das 9h40, o audit\u00f3rio G1\u00a0 recebeu os participantes de dois Simp\u00f3sios.<\/p>\n<p>O primeiro teve a participa\u00e7\u00e3o de V\u00e9ronique Pautrel e de Virginie Martin-Lavaud, ambas da UCO Angers. Elas debateram temas voltados para as consequ\u00eancias da pervers\u00e3o na educa\u00e7\u00e3o. O segundo Simp\u00f3sio do dia foi tamb\u00e9m o s\u00e9timo realizado no evento. Tratando do tema <i>Pervers\u00e3o, endere\u00e7amento e discurso: O n\u00e3o limite da palavra <\/i>, o momento contou com um debate interessante.<\/p>\n<figure id=\"attachment_41289\" aria-describedby=\"caption-attachment-41289\" style=\"width: 300px\" class=\"wp-caption alignleft\"><a href=\"https:\/\/i1.wp.com\/www1.unicap.br\/assecom1\/wp-content\/uploads\/2013\/08\/DSCN4111.jpg?ssl=1\"><img data-attachment-id=\"41289\" data-permalink=\"https:\/\/www1.unicap.br\/assecom1\/coloquio-sobre-metapsicologia-da-perversao-chega-ao-ultimo-dia-com-programacao-intensa\/dscn4111\/\" data-orig-file=\"https:\/\/i1.wp.com\/www1.unicap.br\/assecom1\/wp-content\/uploads\/2013\/08\/DSCN4111.jpg?fit=4608%2C3456&amp;ssl=1\" data-orig-size=\"4608,3456\" data-comments-opened=\"1\" data-image-meta=\"{&quot;aperture&quot;:&quot;3.1&quot;,&quot;credit&quot;:&quot;&quot;,&quot;camera&quot;:&quot;COOLPIX L810&quot;,&quot;caption&quot;:&quot;&quot;,&quot;created_timestamp&quot;:&quot;1377678925&quot;,&quot;copyright&quot;:&quot;&quot;,&quot;focal_length&quot;:&quot;4&quot;,&quot;iso&quot;:&quot;200&quot;,&quot;shutter_speed&quot;:&quot;0.033333333333333&quot;,&quot;title&quot;:&quot;&quot;}\" data-image-title=\"\" data-image-description=\"\" data-medium-file=\"https:\/\/i1.wp.com\/www1.unicap.br\/assecom1\/wp-content\/uploads\/2013\/08\/DSCN4111.jpg?fit=300%2C225&amp;ssl=1\" data-large-file=\"https:\/\/i1.wp.com\/www1.unicap.br\/assecom1\/wp-content\/uploads\/2013\/08\/DSCN4111.jpg?fit=640%2C480&amp;ssl=1\" loading=\"lazy\" class=\"size-medium wp-image-41289\" alt=\"\" src=\"https:\/\/i1.wp.com\/www1.unicap.br\/assecom1\/wp-content\/uploads\/2013\/08\/DSCN4111.jpg?resize=300%2C225&#038;ssl=1\" srcset=\"https:\/\/i1.wp.com\/www1.unicap.br\/assecom1\/wp-content\/uploads\/2013\/08\/DSCN4111.jpg?resize=300%2C225&amp;ssl=1 300w, https:\/\/i1.wp.com\/www1.unicap.br\/assecom1\/wp-content\/uploads\/2013\/08\/DSCN4111.jpg?resize=1024%2C768&amp;ssl=1 1024w, https:\/\/i1.wp.com\/www1.unicap.br\/assecom1\/wp-content\/uploads\/2013\/08\/DSCN4111.jpg?w=1280&amp;ssl=1 1280w, https:\/\/i1.wp.com\/www1.unicap.br\/assecom1\/wp-content\/uploads\/2013\/08\/DSCN4111.jpg?w=1920&amp;ssl=1 1920w\" sizes=\"(max-width: 300px) 100vw, 300px\" data-recalc-dims=\"1\" \/><\/a><figcaption id=\"caption-attachment-41289\" class=\"wp-caption-text\">Mesa-redonda em c\u00edrculo foi destaque entre as demais<\/figcaption><\/figure>\n<p>Antes do in\u00edcio dos Simp\u00f3sios, a exemplo do que ocorrera no dia anterior, foram realizadas mesas-redondas, divididas pelos seus subtemas em cinco salas diferentes. Toxicomania, economia, rela\u00e7\u00e3o consumidor\/sujeito e a pervers\u00e3o no feminino foram s\u00f3 algumas das abordagens feitas pelos palestrantes.<\/p>\n<p>Um dos destaques deste primeiro momento do dia foi a mesa-redonda <i>Sujeito, limite e pervers\u00e3o. A<\/i> coordenadora Consu\u00ealo Passos prop\u00f4s uma quebra no modelo proposto. Em c\u00edrculo, os integrantes ficaram mais pr\u00f3ximos e realizaram um debate mais democr\u00e1tico. A ideia surtiu efeito e o debate foi um dos mais interessantes da manh\u00e3.<\/p>\n","protected":false},"excerpt":{"rendered":"<p>O I Col\u00f3quio Internacional sobre Metapsicologia da Pervers\u00e3o, que est\u00e1 sendo realizado pela Universidade Cat\u00f3lica de Pernambuco em parceria com a\u00a0 Universit\u00e9 Catholique de L\u2019Ouest, chegou hoje ao seu \u00faltimo dia com programa\u00e7\u00e3o intensa e atividades diversificadas. Por volta das 9h40, o audit\u00f3rio G1\u00a0 recebeu os participantes de dois Simp\u00f3sios. O primeiro teve a participa\u00e7\u00e3o [&hellip;]<\/p>\n","protected":false},"author":52,"featured_media":0,"comment_status":"open","ping_status":"open","sticky":false,"template":"","format":"standard","meta":[],"categories":[4],"tags":[],"jetpack-related-posts":[],"_links":{"self":[{"href":"https:\/\/www1.unicap.br\/assecom1\/wp-json\/wp\/v2\/posts\/41281"}],"collection":[{"href":"https:\/\/www1.unicap.br\/assecom1\/wp-json\/wp\/v2\/posts"}],"about":[{"href":"https:\/\/www1.unicap.br\/assecom1\/wp-json\/wp\/v2\/types\/post"}],"author":[{"embeddable":true,"href":"https:\/\/www1.unicap.br\/assecom1\/wp-json\/wp\/v2\/users\/52"}],"replies":[{"embeddable":true,"href":"https:\/\/www1.unicap.br\/assecom1\/wp-json\/wp\/v2\/comments?post=41281"}],"version-history":[{"count":8,"href":"https:\/\/www1.unicap.br\/assecom1\/wp-json\/wp\/v2\/posts\/41281\/revisions"}],"predecessor-version":[{"id":41302,"href":"https:\/\/www1.unicap.br\/assecom1\/wp-json\/wp\/v2\/posts\/41281\/revisions\/41302"}],"wp:attachment":[{"href":"https:\/\/www1.unicap.br\/assecom1\/wp-json\/wp\/v2\/media?parent=41281"}],"wp:term":[{"taxonomy":"category","embeddable":true,"href":"https:\/\/www1.unicap.br\/assecom1\/wp-json\/wp\/v2\/categories?post=41281"},{"taxonomy":"post_tag","embeddable":true,"href":"https:\/\/www1.unicap.br\/assecom1\/wp-json\/wp\/v2\/tags?post=41281"}],"curies":[{"name":"wp","href":"https:\/\/api.w.org\/{rel}","templated":true}]}}