{"id":41249,"date":"2013-08-28T20:42:09","date_gmt":"2013-08-28T23:42:09","guid":{"rendered":"http:\/\/www.unicap.br\/assecom1\/?p=41249"},"modified":"2013-08-28T20:42:09","modified_gmt":"2013-08-28T23:42:09","slug":"segunda-edicao-do-cinema-pela-verdade-discute-as-caravanas-da-anistia","status":"publish","type":"post","link":"https:\/\/www1.unicap.br\/assecom1\/segunda-edicao-do-cinema-pela-verdade-discute-as-caravanas-da-anistia\/","title":{"rendered":"Segunda edi\u00e7\u00e3o do Cinema Pela Verdade discute as Caravanas da Anistia"},"content":{"rendered":"<p><a href=\"https:\/\/i0.wp.com\/www1.unicap.br\/assecom1\/wp-content\/uploads\/2013\/08\/DSCN4102.jpg?ssl=1\"><img data-attachment-id=\"41253\" data-permalink=\"https:\/\/www1.unicap.br\/assecom1\/segunda-edicao-do-cinema-pela-verdade-discute-as-caravanas-da-anistia\/dscn4102\/\" data-orig-file=\"https:\/\/i0.wp.com\/www1.unicap.br\/assecom1\/wp-content\/uploads\/2013\/08\/DSCN4102.jpg?fit=3456%2C4608&amp;ssl=1\" data-orig-size=\"3456,4608\" data-comments-opened=\"1\" data-image-meta=\"{&quot;aperture&quot;:&quot;3.1&quot;,&quot;credit&quot;:&quot;&quot;,&quot;camera&quot;:&quot;COOLPIX L810&quot;,&quot;caption&quot;:&quot;&quot;,&quot;created_timestamp&quot;:&quot;1377630731&quot;,&quot;copyright&quot;:&quot;&quot;,&quot;focal_length&quot;:&quot;4&quot;,&quot;iso&quot;:&quot;400&quot;,&quot;shutter_speed&quot;:&quot;0.1&quot;,&quot;title&quot;:&quot;&quot;}\" data-image-title=\"DSCN4102\" data-image-description=\"\" data-medium-file=\"https:\/\/i0.wp.com\/www1.unicap.br\/assecom1\/wp-content\/uploads\/2013\/08\/DSCN4102.jpg?fit=225%2C300&amp;ssl=1\" data-large-file=\"https:\/\/i0.wp.com\/www1.unicap.br\/assecom1\/wp-content\/uploads\/2013\/08\/DSCN4102.jpg?fit=640%2C853&amp;ssl=1\" loading=\"lazy\" class=\"alignleft size-medium wp-image-41253\" alt=\"DSCN4102\" src=\"https:\/\/i0.wp.com\/www1.unicap.br\/assecom1\/wp-content\/uploads\/2013\/08\/DSCN4102.jpg?resize=225%2C300&#038;ssl=1\" srcset=\"https:\/\/i0.wp.com\/www1.unicap.br\/assecom1\/wp-content\/uploads\/2013\/08\/DSCN4102.jpg?resize=225%2C300&amp;ssl=1 225w, https:\/\/i0.wp.com\/www1.unicap.br\/assecom1\/wp-content\/uploads\/2013\/08\/DSCN4102.jpg?resize=768%2C1024&amp;ssl=1 768w, https:\/\/i0.wp.com\/www1.unicap.br\/assecom1\/wp-content\/uploads\/2013\/08\/DSCN4102.jpg?w=1280&amp;ssl=1 1280w, https:\/\/i0.wp.com\/www1.unicap.br\/assecom1\/wp-content\/uploads\/2013\/08\/DSCN4102.jpg?w=1920&amp;ssl=1 1920w\" sizes=\"(max-width: 225px) 100vw, 225px\" data-recalc-dims=\"1\" \/><\/a>Na semana de comemora\u00e7\u00e3o dos 34 anos da anistia e do segundo anivers\u00e1rio da instala\u00e7\u00e3o do comit\u00ea estadadual pela \u201cMem\u00f3ria, Verdade e Justi\u00e7a\u201d de Pernambuco, o Cinema Pela Verdade volta \u00e0 Cat\u00f3lica com o filme \u201cEu me lembro\u201d, de Luiz Fernando Lobo. O document\u00e1rio acompanhou a luta dos perseguidos e seus familiares por repara\u00e7\u00e3o da injusti\u00e7a sofrida na \u00e9poca da ditadura, com as Caravanas da Anistia.<\/p>\n<p>Ap\u00f3s a exibi\u00e7\u00e3o do longa, o soci\u00f3logo Edival Caj\u00e1, membro do comit\u00ea, relatou as experi\u00eancias vividas por ele na d\u00e9cada de 1970 e 1980. \u201cTudo aquilo que era feito contra a ditadura e a explora\u00e7\u00e3o, eles acusavam que n\u00f3s \u00e9 que \u00e9ramos os criminosos. No lugar onde eu fui torturado tinha um crucifixo bastante grande, e os torturadores diziam que aquele s\u00edmbolo representava o que eles estavam defendendo: a fam\u00edlia, a p\u00e1tria, Deus e Jesus\u201d, ressaltou. Caj\u00e1 afirma que n\u00e3o \u00e9 justo considerar apenas que o estado cometeu um erro, mas um crime \u00e0 humanidade. \u201cAtrasaram a hist\u00f3ria, principalmente econ\u00f4mica, do pa\u00eds com esse golpe em pelo menos 50 anos\u201d, concluiu.<\/p>\n<p><img data-attachment-id=\"41254\" data-permalink=\"https:\/\/www1.unicap.br\/assecom1\/segunda-edicao-do-cinema-pela-verdade-discute-as-caravanas-da-anistia\/dscn4103\/\" data-orig-file=\"https:\/\/i2.wp.com\/www1.unicap.br\/assecom1\/wp-content\/uploads\/2013\/08\/DSCN4103.jpg?fit=4608%2C3456&amp;ssl=1\" data-orig-size=\"4608,3456\" data-comments-opened=\"1\" data-image-meta=\"{&quot;aperture&quot;:&quot;4.3&quot;,&quot;credit&quot;:&quot;&quot;,&quot;camera&quot;:&quot;COOLPIX L810&quot;,&quot;caption&quot;:&quot;&quot;,&quot;created_timestamp&quot;:&quot;1377634811&quot;,&quot;copyright&quot;:&quot;&quot;,&quot;focal_length&quot;:&quot;13.9&quot;,&quot;iso&quot;:&quot;400&quot;,&quot;shutter_speed&quot;:&quot;0.076923076923077&quot;,&quot;title&quot;:&quot;&quot;}\" data-image-title=\"DSCN4103\" data-image-description=\"\" data-medium-file=\"https:\/\/i2.wp.com\/www1.unicap.br\/assecom1\/wp-content\/uploads\/2013\/08\/DSCN4103.jpg?fit=300%2C225&amp;ssl=1\" data-large-file=\"https:\/\/i2.wp.com\/www1.unicap.br\/assecom1\/wp-content\/uploads\/2013\/08\/DSCN4103.jpg?fit=640%2C480&amp;ssl=1\" loading=\"lazy\" class=\"alignleft size-medium wp-image-41254\" alt=\"DSCN4103\" src=\"https:\/\/i2.wp.com\/www1.unicap.br\/assecom1\/wp-content\/uploads\/2013\/08\/DSCN4103.jpg?resize=300%2C225&#038;ssl=1\" srcset=\"https:\/\/i2.wp.com\/www1.unicap.br\/assecom1\/wp-content\/uploads\/2013\/08\/DSCN4103.jpg?resize=300%2C225&amp;ssl=1 300w, https:\/\/i2.wp.com\/www1.unicap.br\/assecom1\/wp-content\/uploads\/2013\/08\/DSCN4103.jpg?resize=1024%2C768&amp;ssl=1 1024w, https:\/\/i2.wp.com\/www1.unicap.br\/assecom1\/wp-content\/uploads\/2013\/08\/DSCN4103.jpg?w=1280&amp;ssl=1 1280w, https:\/\/i2.wp.com\/www1.unicap.br\/assecom1\/wp-content\/uploads\/2013\/08\/DSCN4103.jpg?w=1920&amp;ssl=1 1920w\" sizes=\"(max-width: 300px) 100vw, 300px\" data-recalc-dims=\"1\" \/><\/p>\n<p>Para consultar a programa\u00e7\u00e3o completa da II Semana da Anista, que vai at\u00e9 o dia 02\/09, acesse o site: <a href=\"https:\/\/www1.unicap.br\/assecom1\/?p=41166\">https:\/\/www1.unicap.br\/assecom1\/?p=41166<\/a><\/p>\n","protected":false},"excerpt":{"rendered":"<p>Na semana de comemora\u00e7\u00e3o dos 34 anos da anistia e do segundo anivers\u00e1rio da instala\u00e7\u00e3o do comit\u00ea estadadual pela \u201cMem\u00f3ria, Verdade e Justi\u00e7a\u201d de Pernambuco, o Cinema Pela Verdade volta \u00e0 Cat\u00f3lica com o filme \u201cEu me lembro\u201d, de Luiz Fernando Lobo. O document\u00e1rio acompanhou a luta dos perseguidos e seus familiares por repara\u00e7\u00e3o da [&hellip;]<\/p>\n","protected":false},"author":53,"featured_media":0,"comment_status":"open","ping_status":"open","sticky":false,"template":"","format":"standard","meta":[],"categories":[4],"tags":[],"jetpack-related-posts":[],"_links":{"self":[{"href":"https:\/\/www1.unicap.br\/assecom1\/wp-json\/wp\/v2\/posts\/41249"}],"collection":[{"href":"https:\/\/www1.unicap.br\/assecom1\/wp-json\/wp\/v2\/posts"}],"about":[{"href":"https:\/\/www1.unicap.br\/assecom1\/wp-json\/wp\/v2\/types\/post"}],"author":[{"embeddable":true,"href":"https:\/\/www1.unicap.br\/assecom1\/wp-json\/wp\/v2\/users\/53"}],"replies":[{"embeddable":true,"href":"https:\/\/www1.unicap.br\/assecom1\/wp-json\/wp\/v2\/comments?post=41249"}],"version-history":[{"count":5,"href":"https:\/\/www1.unicap.br\/assecom1\/wp-json\/wp\/v2\/posts\/41249\/revisions"}],"predecessor-version":[{"id":41300,"href":"https:\/\/www1.unicap.br\/assecom1\/wp-json\/wp\/v2\/posts\/41249\/revisions\/41300"}],"wp:attachment":[{"href":"https:\/\/www1.unicap.br\/assecom1\/wp-json\/wp\/v2\/media?parent=41249"}],"wp:term":[{"taxonomy":"category","embeddable":true,"href":"https:\/\/www1.unicap.br\/assecom1\/wp-json\/wp\/v2\/categories?post=41249"},{"taxonomy":"post_tag","embeddable":true,"href":"https:\/\/www1.unicap.br\/assecom1\/wp-json\/wp\/v2\/tags?post=41249"}],"curies":[{"name":"wp","href":"https:\/\/api.w.org\/{rel}","templated":true}]}}