{"id":41102,"date":"2013-08-27T19:28:54","date_gmt":"2013-08-27T22:28:54","guid":{"rendered":"http:\/\/www.unicap.br\/assecom1\/?p=41102"},"modified":"2013-08-27T19:29:43","modified_gmt":"2013-08-27T22:29:43","slug":"direitos-humanos-e-mediacao-de-conflitos-e-tema-de-seminario-promovido-pelo-gajop-e-instituto-humanitas","status":"publish","type":"post","link":"https:\/\/www1.unicap.br\/assecom1\/direitos-humanos-e-mediacao-de-conflitos-e-tema-de-seminario-promovido-pelo-gajop-e-instituto-humanitas\/","title":{"rendered":"Direitos humanos e media\u00e7\u00e3o de conflitos \u00e9 tema de semin\u00e1rio promovido pelo Gajop e Instituto Humanitas"},"content":{"rendered":"<p><a href=\"https:\/\/i1.wp.com\/www1.unicap.br\/assecom1\/wp-content\/uploads\/2013\/08\/DSCN3958.jpg?ssl=1\"><img data-attachment-id=\"41104\" data-permalink=\"https:\/\/www1.unicap.br\/assecom1\/direitos-humanos-e-mediacao-de-conflitos-e-tema-de-seminario-promovido-pelo-gajop-e-instituto-humanitas\/dscn3958-2\/\" data-orig-file=\"https:\/\/i1.wp.com\/www1.unicap.br\/assecom1\/wp-content\/uploads\/2013\/08\/DSCN3958.jpg?fit=4608%2C3456&amp;ssl=1\" data-orig-size=\"4608,3456\" data-comments-opened=\"1\" data-image-meta=\"{&quot;aperture&quot;:&quot;3.1&quot;,&quot;credit&quot;:&quot;&quot;,&quot;camera&quot;:&quot;COOLPIX L810&quot;,&quot;caption&quot;:&quot;&quot;,&quot;created_timestamp&quot;:&quot;1377254773&quot;,&quot;copyright&quot;:&quot;&quot;,&quot;focal_length&quot;:&quot;4&quot;,&quot;iso&quot;:&quot;400&quot;,&quot;shutter_speed&quot;:&quot;0.04&quot;,&quot;title&quot;:&quot;&quot;}\" data-image-title=\"\" data-image-description=\"\" data-medium-file=\"https:\/\/i1.wp.com\/www1.unicap.br\/assecom1\/wp-content\/uploads\/2013\/08\/DSCN3958.jpg?fit=300%2C225&amp;ssl=1\" data-large-file=\"https:\/\/i1.wp.com\/www1.unicap.br\/assecom1\/wp-content\/uploads\/2013\/08\/DSCN3958.jpg?fit=640%2C480&amp;ssl=1\" loading=\"lazy\" class=\"aligncenter size-large wp-image-41104\" alt=\"\" src=\"https:\/\/i1.wp.com\/www1.unicap.br\/assecom1\/wp-content\/uploads\/2013\/08\/DSCN3958.jpg?resize=640%2C479&#038;ssl=1\" srcset=\"https:\/\/i1.wp.com\/www1.unicap.br\/assecom1\/wp-content\/uploads\/2013\/08\/DSCN3958.jpg?resize=1024%2C768&amp;ssl=1 1024w, https:\/\/i1.wp.com\/www1.unicap.br\/assecom1\/wp-content\/uploads\/2013\/08\/DSCN3958.jpg?resize=300%2C225&amp;ssl=1 300w, https:\/\/i1.wp.com\/www1.unicap.br\/assecom1\/wp-content\/uploads\/2013\/08\/DSCN3958.jpg?w=1280&amp;ssl=1 1280w, https:\/\/i1.wp.com\/www1.unicap.br\/assecom1\/wp-content\/uploads\/2013\/08\/DSCN3958.jpg?w=1920&amp;ssl=1 1920w\" sizes=\"(max-width: 640px) 100vw, 640px\" data-recalc-dims=\"1\" \/><\/a><\/p>\n<p>Direitos humanos e media\u00e7\u00e3o de conflitos foram dois dos principais temas abordados no semin\u00e1rio realizado pelo Gajop (Gabinete de Assessoria Jur\u00eddica \u00e0s Organiza\u00e7\u00f5es Populares) em parceria com o Instituto Humanitas Unicap. \u00a0A abertura do evento contou com as boas-vindas do Pr\u00f3-reitor Comunit\u00e1rio da Unicap, Padre L\u00facio Fl\u00e1vio Ribeiro Cirne, que afirmou estar feliz com a realiza\u00e7\u00e3o do evento na Cat\u00f3lica. &#8220;O acesso \u00e0 Justi\u00e7a est\u00e1 na base de todos os outros direitos&#8221;, enfatizou.<\/p>\n<p>O primeiro debate do dia contou com a media\u00e7\u00e3o do coordenador executivo do Gajop, Rodrigo Deodato. Quem tamb\u00e9m fez parte da mesa principal foi a professora Ligia Paula Pires Pinto Sica (FGV-SP), o professor Pedro Strozenberg (ISER &#8211; RJ) e a Professora Vald\u00eania Brito Monteiro (Gajop\/Unicap).<\/p>\n<p>A pesquisa apresentada pela professora Vald\u00eania Brito abordou temas relacionados \u00e0s perspectivas de jovens estudantes de <a href=\"https:\/\/i0.wp.com\/www1.unicap.br\/assecom1\/wp-content\/uploads\/2013\/08\/DSCN3954.jpg?ssl=1\"><img data-attachment-id=\"41106\" data-permalink=\"https:\/\/www1.unicap.br\/assecom1\/direitos-humanos-e-mediacao-de-conflitos-e-tema-de-seminario-promovido-pelo-gajop-e-instituto-humanitas\/dscn3954\/\" data-orig-file=\"https:\/\/i0.wp.com\/www1.unicap.br\/assecom1\/wp-content\/uploads\/2013\/08\/DSCN3954.jpg?fit=4608%2C3456&amp;ssl=1\" data-orig-size=\"4608,3456\" data-comments-opened=\"1\" data-image-meta=\"{&quot;aperture&quot;:&quot;3.1&quot;,&quot;credit&quot;:&quot;&quot;,&quot;camera&quot;:&quot;COOLPIX L810&quot;,&quot;caption&quot;:&quot;&quot;,&quot;created_timestamp&quot;:&quot;1377250272&quot;,&quot;copyright&quot;:&quot;&quot;,&quot;focal_length&quot;:&quot;4&quot;,&quot;iso&quot;:&quot;250&quot;,&quot;shutter_speed&quot;:&quot;0.033333333333333&quot;,&quot;title&quot;:&quot;&quot;}\" data-image-title=\"\" data-image-description=\"\" data-medium-file=\"https:\/\/i0.wp.com\/www1.unicap.br\/assecom1\/wp-content\/uploads\/2013\/08\/DSCN3954.jpg?fit=300%2C225&amp;ssl=1\" data-large-file=\"https:\/\/i0.wp.com\/www1.unicap.br\/assecom1\/wp-content\/uploads\/2013\/08\/DSCN3954.jpg?fit=640%2C480&amp;ssl=1\" loading=\"lazy\" class=\"alignleft size-thumbnail wp-image-41106\" alt=\"\" src=\"https:\/\/i0.wp.com\/www1.unicap.br\/assecom1\/wp-content\/uploads\/2013\/08\/DSCN3954.jpg?resize=150%2C150&#038;ssl=1\" srcset=\"https:\/\/i0.wp.com\/www1.unicap.br\/assecom1\/wp-content\/uploads\/2013\/08\/DSCN3954.jpg?resize=150%2C150&amp;ssl=1 150w, https:\/\/i0.wp.com\/www1.unicap.br\/assecom1\/wp-content\/uploads\/2013\/08\/DSCN3954.jpg?zoom=2&amp;resize=150%2C150&amp;ssl=1 300w, https:\/\/i0.wp.com\/www1.unicap.br\/assecom1\/wp-content\/uploads\/2013\/08\/DSCN3954.jpg?zoom=3&amp;resize=150%2C150&amp;ssl=1 450w\" sizes=\"(max-width: 150px) 100vw, 150px\" data-recalc-dims=\"1\" \/><\/a>Direito. Com o tema\u00a0<em>&#8220;Percep\u00e7\u00e3o sobre o acesso \u00e0 Justi\u00e7a, media\u00e7\u00e3o de conflitos e direitos humanos&#8221;<\/em>\u00a0, a pesquisa revelou dados que geraram surpresa na plateia, que lotou o audit\u00f3rio do Centro de Teologia e Ci\u00eancias Humanas, no primeiro andar do bloco B. Uma informa\u00e7\u00e3o em especial chamou a aten\u00e7\u00e3o de todos que ali estavam presentes. Perguntados quanto ao conhecimento de trabalhos voltados para o acesso \u00e0 Justi\u00e7a, nenhum estudante lembrou de citar a Defensoria P\u00fablica.<\/p>\n<p>Questionando aspectos metodol\u00f3gicos e de aplica\u00e7\u00e3o da pesquisa, os professores Ligia Paula Pires Pinto Sica (FGV &#8211; SP) e Pedro Strozenberg (ISER &#8211; RJ) seguiram com um interessante debate.<\/p>\n","protected":false},"excerpt":{"rendered":"<p>Direitos humanos e media\u00e7\u00e3o de conflitos foram dois dos principais temas abordados no semin\u00e1rio realizado pelo Gajop (Gabinete de Assessoria Jur\u00eddica \u00e0s Organiza\u00e7\u00f5es Populares) em parceria com o Instituto Humanitas Unicap. \u00a0A abertura do evento contou com as boas-vindas do Pr\u00f3-reitor Comunit\u00e1rio da Unicap, Padre L\u00facio Fl\u00e1vio Ribeiro Cirne, que afirmou estar feliz com a [&hellip;]<\/p>\n","protected":false},"author":52,"featured_media":0,"comment_status":"open","ping_status":"open","sticky":false,"template":"","format":"standard","meta":[],"categories":[4],"tags":[],"jetpack-related-posts":[],"_links":{"self":[{"href":"https:\/\/www1.unicap.br\/assecom1\/wp-json\/wp\/v2\/posts\/41102"}],"collection":[{"href":"https:\/\/www1.unicap.br\/assecom1\/wp-json\/wp\/v2\/posts"}],"about":[{"href":"https:\/\/www1.unicap.br\/assecom1\/wp-json\/wp\/v2\/types\/post"}],"author":[{"embeddable":true,"href":"https:\/\/www1.unicap.br\/assecom1\/wp-json\/wp\/v2\/users\/52"}],"replies":[{"embeddable":true,"href":"https:\/\/www1.unicap.br\/assecom1\/wp-json\/wp\/v2\/comments?post=41102"}],"version-history":[{"count":9,"href":"https:\/\/www1.unicap.br\/assecom1\/wp-json\/wp\/v2\/posts\/41102\/revisions"}],"predecessor-version":[{"id":41317,"href":"https:\/\/www1.unicap.br\/assecom1\/wp-json\/wp\/v2\/posts\/41102\/revisions\/41317"}],"wp:attachment":[{"href":"https:\/\/www1.unicap.br\/assecom1\/wp-json\/wp\/v2\/media?parent=41102"}],"wp:term":[{"taxonomy":"category","embeddable":true,"href":"https:\/\/www1.unicap.br\/assecom1\/wp-json\/wp\/v2\/categories?post=41102"},{"taxonomy":"post_tag","embeddable":true,"href":"https:\/\/www1.unicap.br\/assecom1\/wp-json\/wp\/v2\/tags?post=41102"}],"curies":[{"name":"wp","href":"https:\/\/api.w.org\/{rel}","templated":true}]}}