{"id":40997,"date":"2013-08-17T00:19:39","date_gmt":"2013-08-17T03:19:39","guid":{"rendered":"http:\/\/www.unicap.br\/assecom1\/?p=40997"},"modified":"2013-08-17T00:19:39","modified_gmt":"2013-08-17T03:19:39","slug":"centro-de-teologia-e-ciencias-humanas-da-catolica-recebe-o-teologo-carlos-mendoza-alvarez","status":"publish","type":"post","link":"https:\/\/www1.unicap.br\/assecom1\/centro-de-teologia-e-ciencias-humanas-da-catolica-recebe-o-teologo-carlos-mendoza-alvarez\/","title":{"rendered":"Centro de Teologia e Ci\u00eancias Humanas da Cat\u00f3lica recebe o te\u00f3logo Carlos Mendoza-\u00c1lvarez"},"content":{"rendered":"<p style=\"text-align: center;\"><a href=\"https:\/\/i1.wp.com\/www1.unicap.br\/assecom1\/wp-content\/uploads\/2013\/08\/mendoza2.jpg?ssl=1\"><img data-attachment-id=\"40998\" data-permalink=\"https:\/\/www1.unicap.br\/assecom1\/centro-de-teologia-e-ciencias-humanas-da-catolica-recebe-o-teologo-carlos-mendoza-alvarez\/mendoza2\/\" data-orig-file=\"https:\/\/i1.wp.com\/www1.unicap.br\/assecom1\/wp-content\/uploads\/2013\/08\/mendoza2.jpg?fit=3264%2C2448&amp;ssl=1\" data-orig-size=\"3264,2448\" data-comments-opened=\"1\" data-image-meta=\"{&quot;aperture&quot;:&quot;2.65&quot;,&quot;credit&quot;:&quot;&quot;,&quot;camera&quot;:&quot;GT-I9082L&quot;,&quot;caption&quot;:&quot;&quot;,&quot;created_timestamp&quot;:&quot;1376665486&quot;,&quot;copyright&quot;:&quot;&quot;,&quot;focal_length&quot;:&quot;3.9687&quot;,&quot;iso&quot;:&quot;1250&quot;,&quot;shutter_speed&quot;:&quot;0.066664&quot;,&quot;title&quot;:&quot;&quot;}\" data-image-title=\"mendoza2\" data-image-description=\"\" data-medium-file=\"https:\/\/i1.wp.com\/www1.unicap.br\/assecom1\/wp-content\/uploads\/2013\/08\/mendoza2.jpg?fit=300%2C225&amp;ssl=1\" data-large-file=\"https:\/\/i1.wp.com\/www1.unicap.br\/assecom1\/wp-content\/uploads\/2013\/08\/mendoza2.jpg?fit=640%2C480&amp;ssl=1\" loading=\"lazy\" class=\"size-medium wp-image-40998 aligncenter\" alt=\"mendoza2\" src=\"https:\/\/i1.wp.com\/www1.unicap.br\/assecom1\/wp-content\/uploads\/2013\/08\/mendoza2.jpg?resize=300%2C225&#038;ssl=1\" srcset=\"https:\/\/i1.wp.com\/www1.unicap.br\/assecom1\/wp-content\/uploads\/2013\/08\/mendoza2.jpg?resize=300%2C225&amp;ssl=1 300w, https:\/\/i1.wp.com\/www1.unicap.br\/assecom1\/wp-content\/uploads\/2013\/08\/mendoza2.jpg?resize=1024%2C768&amp;ssl=1 1024w, https:\/\/i1.wp.com\/www1.unicap.br\/assecom1\/wp-content\/uploads\/2013\/08\/mendoza2.jpg?w=1280&amp;ssl=1 1280w, https:\/\/i1.wp.com\/www1.unicap.br\/assecom1\/wp-content\/uploads\/2013\/08\/mendoza2.jpg?w=1920&amp;ssl=1 1920w\" sizes=\"(max-width: 300px) 100vw, 300px\" data-recalc-dims=\"1\" \/><\/a>O cursos de Teologia e o Mestrado em Ci\u00eancias da Religi\u00e3o da Universidade Cat\u00f3lica de Pernambuco contaram, na quinta (15) e sexta (16), com a ilustre presen\u00e7a do te\u00f3logo e fil\u00f3sofo Carlos Mendoza-\u00c1lvarez. A convite do Reitor, Prof. Dr. Padre Pedro Rubens, o professor da Universidade Ibero-Americana do M\u00e9xico veio \u00e0 Unicap com o intuito de participar da aula inaugural do Mestrado em Ci\u00eancias da Religi\u00e3o e da abertura do semestre para os estudantes de Teologia.<\/p>\n<p><a href=\"https:\/\/i2.wp.com\/www1.unicap.br\/assecom1\/wp-content\/uploads\/2013\/08\/mendoza.jpg?ssl=1\"><img data-attachment-id=\"40999\" data-permalink=\"https:\/\/www1.unicap.br\/assecom1\/centro-de-teologia-e-ciencias-humanas-da-catolica-recebe-o-teologo-carlos-mendoza-alvarez\/mendoza\/\" data-orig-file=\"https:\/\/i2.wp.com\/www1.unicap.br\/assecom1\/wp-content\/uploads\/2013\/08\/mendoza.jpg?fit=103%2C130&amp;ssl=1\" data-orig-size=\"103,130\" data-comments-opened=\"1\" data-image-meta=\"{&quot;aperture&quot;:&quot;0&quot;,&quot;credit&quot;:&quot;&quot;,&quot;camera&quot;:&quot;&quot;,&quot;caption&quot;:&quot;&quot;,&quot;created_timestamp&quot;:&quot;0&quot;,&quot;copyright&quot;:&quot;&quot;,&quot;focal_length&quot;:&quot;0&quot;,&quot;iso&quot;:&quot;0&quot;,&quot;shutter_speed&quot;:&quot;0&quot;,&quot;title&quot;:&quot;&quot;}\" data-image-title=\"mendoza\" data-image-description=\"\" data-medium-file=\"https:\/\/i2.wp.com\/www1.unicap.br\/assecom1\/wp-content\/uploads\/2013\/08\/mendoza.jpg?fit=103%2C130&amp;ssl=1\" data-large-file=\"https:\/\/i2.wp.com\/www1.unicap.br\/assecom1\/wp-content\/uploads\/2013\/08\/mendoza.jpg?fit=103%2C130&amp;ssl=1\" loading=\"lazy\" class=\"size-full wp-image-40999 alignright\" alt=\"mendoza\" src=\"https:\/\/i2.wp.com\/www1.unicap.br\/assecom1\/wp-content\/uploads\/2013\/08\/mendoza.jpg?resize=103%2C130&#038;ssl=1\" data-recalc-dims=\"1\" \/><\/a>Formado em Filosofia pela Universidade Aut\u00f4noma do M\u00e9xico, Carlos Mendoza concluiu seu doutorado em Teologia na Su\u00ed\u00e7a. Em sua tese, procurou tecer um di\u00e1logo com a teoria mim\u00e9tica de <em>Ren\u00e9 Girard<\/em>, a \u00e9tica da alteridade de <em>Emmanuel Levinas<\/em> e o pensamento heman\u00eautico de <em>Paul Ricoeur<\/em>. O fil\u00f3sofo estuda a teologia fundamental buscando o futuro da religi\u00e3o e dialogando com a filosofia. Ele questiona o que \u00e9 a f\u00e9 crist\u00e3 para al\u00e9m da religi\u00e3o e do sacrif\u00edcio que se coloca como coisa desnecess\u00e1ria, atrapalhando a experi\u00eancia da verdadeira f\u00e9.<\/p>\n<p>Carlos j\u00e1 esteve presente na Universidade Cat\u00f3lica no ano de 2012, onde participou do\u00a0<em>Simp\u00f3sio Internacional sobre Ren\u00e9 Girard.\u00a0<\/em>Desta vez, o tema abordado nos dois dias de palestra foi de que maneira pode-se colaborar a fim de construir o futuro de uma religiosidade que n\u00e3o seja sacrif\u00edcio e sim doa\u00e7\u00e3o da vida e respeito pelo mist\u00e9rio da realidade m\u00edstica.<\/p>\n<p>&nbsp;<\/p>\n","protected":false},"excerpt":{"rendered":"<p>O cursos de Teologia e o Mestrado em Ci\u00eancias da Religi\u00e3o da Universidade Cat\u00f3lica de Pernambuco contaram, na quinta (15) e sexta (16), com a ilustre presen\u00e7a do te\u00f3logo e fil\u00f3sofo Carlos Mendoza-\u00c1lvarez. A convite do Reitor, Prof. Dr. Padre Pedro Rubens, o professor da Universidade Ibero-Americana do M\u00e9xico veio \u00e0 Unicap com o intuito [&hellip;]<\/p>\n","protected":false},"author":51,"featured_media":0,"comment_status":"open","ping_status":"open","sticky":false,"template":"","format":"standard","meta":[],"categories":[4],"tags":[],"jetpack-related-posts":[],"_links":{"self":[{"href":"https:\/\/www1.unicap.br\/assecom1\/wp-json\/wp\/v2\/posts\/40997"}],"collection":[{"href":"https:\/\/www1.unicap.br\/assecom1\/wp-json\/wp\/v2\/posts"}],"about":[{"href":"https:\/\/www1.unicap.br\/assecom1\/wp-json\/wp\/v2\/types\/post"}],"author":[{"embeddable":true,"href":"https:\/\/www1.unicap.br\/assecom1\/wp-json\/wp\/v2\/users\/51"}],"replies":[{"embeddable":true,"href":"https:\/\/www1.unicap.br\/assecom1\/wp-json\/wp\/v2\/comments?post=40997"}],"version-history":[{"count":2,"href":"https:\/\/www1.unicap.br\/assecom1\/wp-json\/wp\/v2\/posts\/40997\/revisions"}],"predecessor-version":[{"id":41008,"href":"https:\/\/www1.unicap.br\/assecom1\/wp-json\/wp\/v2\/posts\/40997\/revisions\/41008"}],"wp:attachment":[{"href":"https:\/\/www1.unicap.br\/assecom1\/wp-json\/wp\/v2\/media?parent=40997"}],"wp:term":[{"taxonomy":"category","embeddable":true,"href":"https:\/\/www1.unicap.br\/assecom1\/wp-json\/wp\/v2\/categories?post=40997"},{"taxonomy":"post_tag","embeddable":true,"href":"https:\/\/www1.unicap.br\/assecom1\/wp-json\/wp\/v2\/tags?post=40997"}],"curies":[{"name":"wp","href":"https:\/\/api.w.org\/{rel}","templated":true}]}}