{"id":40278,"date":"2013-07-18T18:26:31","date_gmt":"2013-07-18T18:26:31","guid":{"rendered":"http:\/\/www.unicap.br\/assecom1\/?p=40278"},"modified":"2013-07-18T18:26:31","modified_gmt":"2013-07-18T18:26:31","slug":"catolica-promove-encontro-entre-secretarios-municipais-de-turismo-de-pernambuco","status":"publish","type":"post","link":"https:\/\/www1.unicap.br\/assecom1\/catolica-promove-encontro-entre-secretarios-municipais-de-turismo-de-pernambuco\/","title":{"rendered":"Cat\u00f3lica promove encontro entre secret\u00e1rios municipais de turismo de Pernambuco."},"content":{"rendered":"<p>&nbsp;<\/p>\n<p><a href=\"https:\/\/i2.wp.com\/www1.unicap.br\/assecom1\/wp-content\/uploads\/2013\/07\/P7180352.jpg?ssl=1\"><img data-attachment-id=\"40284\" data-permalink=\"https:\/\/www1.unicap.br\/assecom1\/catolica-promove-encontro-entre-secretarios-municipais-de-turismo-de-pernambuco\/olympus-digital-camera-7\/\" data-orig-file=\"https:\/\/i2.wp.com\/www1.unicap.br\/assecom1\/wp-content\/uploads\/2013\/07\/P7180352.jpg?fit=640%2C480&amp;ssl=1\" data-orig-size=\"640,480\" data-comments-opened=\"1\" data-image-meta=\"{&quot;aperture&quot;:&quot;3.1&quot;,&quot;credit&quot;:&quot;&quot;,&quot;camera&quot;:&quot;T110,X37&quot;,&quot;caption&quot;:&quot;&quot;,&quot;created_timestamp&quot;:&quot;1374143058&quot;,&quot;copyright&quot;:&quot;&quot;,&quot;focal_length&quot;:&quot;6.3&quot;,&quot;iso&quot;:&quot;125&quot;,&quot;shutter_speed&quot;:&quot;0.033333333333333&quot;,&quot;title&quot;:&quot;OLYMPUS DIGITAL CAMERA&quot;}\" data-image-title=\"\" data-image-description=\"\" data-medium-file=\"https:\/\/i2.wp.com\/www1.unicap.br\/assecom1\/wp-content\/uploads\/2013\/07\/P7180352.jpg?fit=300%2C225&amp;ssl=1\" data-large-file=\"https:\/\/i2.wp.com\/www1.unicap.br\/assecom1\/wp-content\/uploads\/2013\/07\/P7180352.jpg?fit=640%2C480&amp;ssl=1\" loading=\"lazy\" class=\"alignleft size-medium wp-image-40284\" alt=\"\" src=\"https:\/\/i2.wp.com\/www1.unicap.br\/assecom1\/wp-content\/uploads\/2013\/07\/P7180352.jpg?resize=300%2C225&#038;ssl=1\" srcset=\"https:\/\/i2.wp.com\/www1.unicap.br\/assecom1\/wp-content\/uploads\/2013\/07\/P7180352.jpg?resize=300%2C225&amp;ssl=1 300w, https:\/\/i2.wp.com\/www1.unicap.br\/assecom1\/wp-content\/uploads\/2013\/07\/P7180352.jpg?w=640&amp;ssl=1 640w\" sizes=\"(max-width: 300px) 100vw, 300px\" data-recalc-dims=\"1\" \/><\/a>A Universidade Cat\u00f3lica de Pernambuco vai firmar um conv\u00eanio de coopera\u00e7\u00e3o com a Associa\u00e7\u00e3o dos Secret\u00e1rios de Turismo de Pernambuco (Astur-PE). O projeto idealizado e organizado pelas coordena\u00e7\u00f5es dos cursos de Eventos e de Gest\u00e3o de Turismo\u00a0 pretende estimular o desenvolvimento do turismo nos munic\u00edpios pernambucanos.<\/p>\n<p>Secret\u00e1rios de turismo de algumas cidades participaram da reuni\u00e3o que ocorreu na manh\u00e3 desta quinta-feira (18) no bloco G4. O encontro foi mediado pela coordenadora do curso de Gest\u00e3o de Turismo\u00a0 Rosilei Montenegro. Ela destacou a import\u00e2ncia da ideia para os alunos da Universidade.&#8221;O estudante vai aprender na pr\u00e1tica aquilo que j\u00e1 tinha visto na sala de aula, atrav\u00e9s da pesquisa e do pr\u00f3prio contato com os secret\u00e1rios&#8221;, enfatizou a professora.<\/p>\n<p>Tr\u00eas cidades estavam representadas na reuni\u00e3o de hoje. A secret\u00e1ria de Turismo de Igarassu J\u00falia Maria Chalegre fez quest\u00e3o de lembrar a import\u00e2ncia do encontro para as cidades participantes. &#8220;Este \u00e9 um grande passo para integrar mais ainda os munic\u00edpios atrav\u00e9s de um conv\u00eanio de coopera\u00e7\u00e3o t\u00e9cnica. \u00c9 importante para que se realce o trabalho tur\u00edstico de um munic\u00edpio&#8221;.\u00a0 Anayran Santos, que \u00e9 diretora de Turismo de <a href=\"https:\/\/i0.wp.com\/www1.unicap.br\/assecom1\/wp-content\/uploads\/2013\/07\/P7180355.jpg?ssl=1\"><img data-attachment-id=\"40285\" data-permalink=\"https:\/\/www1.unicap.br\/assecom1\/catolica-promove-encontro-entre-secretarios-municipais-de-turismo-de-pernambuco\/olympus-digital-camera-8\/\" data-orig-file=\"https:\/\/i0.wp.com\/www1.unicap.br\/assecom1\/wp-content\/uploads\/2013\/07\/P7180355.jpg?fit=640%2C480&amp;ssl=1\" data-orig-size=\"640,480\" data-comments-opened=\"1\" data-image-meta=\"{&quot;aperture&quot;:&quot;3.1&quot;,&quot;credit&quot;:&quot;&quot;,&quot;camera&quot;:&quot;T110,X37&quot;,&quot;caption&quot;:&quot;&quot;,&quot;created_timestamp&quot;:&quot;1374144260&quot;,&quot;copyright&quot;:&quot;&quot;,&quot;focal_length&quot;:&quot;6.3&quot;,&quot;iso&quot;:&quot;125&quot;,&quot;shutter_speed&quot;:&quot;0.04&quot;,&quot;title&quot;:&quot;OLYMPUS DIGITAL CAMERA&quot;}\" data-image-title=\"\" data-image-description=\"\" data-medium-file=\"https:\/\/i0.wp.com\/www1.unicap.br\/assecom1\/wp-content\/uploads\/2013\/07\/P7180355.jpg?fit=300%2C225&amp;ssl=1\" data-large-file=\"https:\/\/i0.wp.com\/www1.unicap.br\/assecom1\/wp-content\/uploads\/2013\/07\/P7180355.jpg?fit=640%2C480&amp;ssl=1\" loading=\"lazy\" class=\"alignright size-medium wp-image-40285\" alt=\"\" src=\"https:\/\/i0.wp.com\/www1.unicap.br\/assecom1\/wp-content\/uploads\/2013\/07\/P7180355.jpg?resize=300%2C225&#038;ssl=1\" srcset=\"https:\/\/i0.wp.com\/www1.unicap.br\/assecom1\/wp-content\/uploads\/2013\/07\/P7180355.jpg?resize=300%2C225&amp;ssl=1 300w, https:\/\/i0.wp.com\/www1.unicap.br\/assecom1\/wp-content\/uploads\/2013\/07\/P7180355.jpg?w=640&amp;ssl=1 640w\" sizes=\"(max-width: 300px) 100vw, 300px\" data-recalc-dims=\"1\" \/><\/a>Agrestina lembrou que a cidade possui pouco mais de 20 mil habitantes e que apesar do munic\u00edpio do Agreste do estado ser pequeno, projetos como este ajudam na promo\u00e7\u00e3o tur\u00edstica de eventos culturais que ocorrem l\u00e1.<\/p>\n<p>Al\u00e9m de Igarassu e Agrestina, a cidade de Limoeiro tamb\u00e9m estava representada. Al\u00e9m de ser secret\u00e1rio de Turismo da cidade, Andr\u00e9 Quirino \u00e9 tamb\u00e9m o presidente da Astur-PE. Ele falou sobre a import\u00e2ncia\u00a0 deste projeto. &#8220;O objetivo \u00e9 estimular a pol\u00edtica tur\u00edstica no interior do estado. Promover o turismo nas cidades aonde n\u00e3o existem grandes cart\u00f5es postais tamb\u00e9m \u00e9 nosso dever&#8221;, lembrou o presidente.<\/p>\n","protected":false},"excerpt":{"rendered":"<p>&nbsp; A Universidade Cat\u00f3lica de Pernambuco vai firmar um conv\u00eanio de coopera\u00e7\u00e3o com a Associa\u00e7\u00e3o dos Secret\u00e1rios de Turismo de Pernambuco (Astur-PE). O projeto idealizado e organizado pelas coordena\u00e7\u00f5es dos cursos de Eventos e de Gest\u00e3o de Turismo\u00a0 pretende estimular o desenvolvimento do turismo nos munic\u00edpios pernambucanos. Secret\u00e1rios de turismo de algumas cidades participaram da [&hellip;]<\/p>\n","protected":false},"author":52,"featured_media":0,"comment_status":"open","ping_status":"open","sticky":false,"template":"","format":"standard","meta":[],"categories":[4],"tags":[],"jetpack-related-posts":[],"_links":{"self":[{"href":"https:\/\/www1.unicap.br\/assecom1\/wp-json\/wp\/v2\/posts\/40278"}],"collection":[{"href":"https:\/\/www1.unicap.br\/assecom1\/wp-json\/wp\/v2\/posts"}],"about":[{"href":"https:\/\/www1.unicap.br\/assecom1\/wp-json\/wp\/v2\/types\/post"}],"author":[{"embeddable":true,"href":"https:\/\/www1.unicap.br\/assecom1\/wp-json\/wp\/v2\/users\/52"}],"replies":[{"embeddable":true,"href":"https:\/\/www1.unicap.br\/assecom1\/wp-json\/wp\/v2\/comments?post=40278"}],"version-history":[{"count":7,"href":"https:\/\/www1.unicap.br\/assecom1\/wp-json\/wp\/v2\/posts\/40278\/revisions"}],"predecessor-version":[{"id":40292,"href":"https:\/\/www1.unicap.br\/assecom1\/wp-json\/wp\/v2\/posts\/40278\/revisions\/40292"}],"wp:attachment":[{"href":"https:\/\/www1.unicap.br\/assecom1\/wp-json\/wp\/v2\/media?parent=40278"}],"wp:term":[{"taxonomy":"category","embeddable":true,"href":"https:\/\/www1.unicap.br\/assecom1\/wp-json\/wp\/v2\/categories?post=40278"},{"taxonomy":"post_tag","embeddable":true,"href":"https:\/\/www1.unicap.br\/assecom1\/wp-json\/wp\/v2\/tags?post=40278"}],"curies":[{"name":"wp","href":"https:\/\/api.w.org\/{rel}","templated":true}]}}