{"id":40265,"date":"2013-07-17T19:36:14","date_gmt":"2013-07-17T19:36:14","guid":{"rendered":"http:\/\/www.unicap.br\/assecom1\/?p=40265"},"modified":"2013-07-18T20:14:29","modified_gmt":"2013-07-18T20:14:29","slug":"unicap-participa-de-experiencia-do-magis-em-vazantes-ce","status":"publish","type":"post","link":"https:\/\/www1.unicap.br\/assecom1\/unicap-participa-de-experiencia-do-magis-em-vazantes-ce\/","title":{"rendered":"Unicap participa de experi\u00eancia do Magis em Vazantes &#8211; CE"},"content":{"rendered":"<p><a href=\"https:\/\/i1.wp.com\/www1.unicap.br\/assecom1\/wp-content\/uploads\/2013\/05\/Selo-da-Cat\u00f3lica.jpg?ssl=1\"><img data-attachment-id=\"38255\" data-permalink=\"https:\/\/www1.unicap.br\/assecom1\/unicap-fundacao-abrinqsave-the-children-desenvolvem-curso-de-extensao-para-agentes-socioeducativos\/selo-da-catolica\/\" data-orig-file=\"https:\/\/i1.wp.com\/www1.unicap.br\/assecom1\/wp-content\/uploads\/2013\/05\/Selo-da-Cat\u00f3lica.jpg?fit=200%2C200&amp;ssl=1\" data-orig-size=\"200,200\" data-comments-opened=\"1\" data-image-meta=\"{&quot;aperture&quot;:&quot;0&quot;,&quot;credit&quot;:&quot;&quot;,&quot;camera&quot;:&quot;&quot;,&quot;caption&quot;:&quot;&quot;,&quot;created_timestamp&quot;:&quot;0&quot;,&quot;copyright&quot;:&quot;&quot;,&quot;focal_length&quot;:&quot;0&quot;,&quot;iso&quot;:&quot;0&quot;,&quot;shutter_speed&quot;:&quot;0&quot;,&quot;title&quot;:&quot;&quot;}\" data-image-title=\"Selo da Cat\u00f3lica\" data-image-description=\"\" data-medium-file=\"https:\/\/i1.wp.com\/www1.unicap.br\/assecom1\/wp-content\/uploads\/2013\/05\/Selo-da-Cat\u00f3lica.jpg?fit=200%2C200&amp;ssl=1\" data-large-file=\"https:\/\/i1.wp.com\/www1.unicap.br\/assecom1\/wp-content\/uploads\/2013\/05\/Selo-da-Cat\u00f3lica.jpg?fit=200%2C200&amp;ssl=1\" loading=\"lazy\" class=\"alignleft size-full wp-image-38255\" alt=\"Selo da Cat\u00f3lica\" src=\"https:\/\/i1.wp.com\/www1.unicap.br\/assecom1\/wp-content\/uploads\/2013\/05\/Selo-da-Cat\u00f3lica.jpg?resize=200%2C200&#038;ssl=1\" srcset=\"https:\/\/i1.wp.com\/www1.unicap.br\/assecom1\/wp-content\/uploads\/2013\/05\/Selo-da-Cat\u00f3lica.jpg?w=200&amp;ssl=1 200w, https:\/\/i1.wp.com\/www1.unicap.br\/assecom1\/wp-content\/uploads\/2013\/05\/Selo-da-Cat\u00f3lica.jpg?resize=150%2C150&amp;ssl=1 150w\" sizes=\"(max-width: 200px) 100vw, 200px\" data-recalc-dims=\"1\" \/><\/a>A Universidade Cat\u00f3lica de Pernambuco est\u00e1 participando da experi\u00eancia do Magis em Vazantes, distrito de Aracoiaba no Cear\u00e1. A abertura foi realizada ontem (16) \u00e0 noite na Igreja Matriz pelo Reitor Padre Pedro Rubens, que nasceu na comunidade. O evento, organizado pelos jesu\u00edtas em v\u00e1rias cidades do Brasil, precede as Jornadas Mundiais da Juventude. Este ano, a JMJ acontecer\u00e1 no Rio de Janeiro.<\/p>\n<p>As experi\u00eancias s\u00e3o desenvolvidas por \u00a0jovens que cultivam a espiritualidade inaciana. Vazantes est\u00e1 acolhendo jovens da Argentina, Fran\u00e7a e Paraguai. &#8220;Essa viv\u00eancia representa um impacto para o estrangeiro e para a comunidade pois eleva sua autoestima&#8221;, diz Padre Pedro.<\/p>\n<p>&#8220;Pessoas das maiores cidades do mundo e de uma pequena comunidade no interior do Nordeste, que provavelmente jamais se encontrariam, t\u00eam a oportunidade de trocar informa\u00e7\u00f5es e conhecimento gra\u00e7as ao F\u00e9 e Alegria e ao Magis&#8221;, destaca Padre Pedro. Dois funcion\u00e1rios da Unicap est\u00e3o atuando como volunt\u00e1rios: Luc\u00edlio Rotha e Lailson Lima.<\/p>\n<p>Ainda segundo Padre Pedro, a proposta do Magis em Vazantes \u00e9 s\u00f3cio-cultural, busca mostrar a realidade social e econ\u00f4mica da comunidade e apresentar projetos culturais. E a\u00a0programa\u00e7\u00e3o estimula este interc\u00e2mbio. Pela manh\u00e3, os jovens visitantes apresentam oficinas e a tarde \u00e9 a vez dos colegas locais mostrarem o que aprenderam nos projetos do F\u00e9 e Alegria, como por exemplo dan\u00e7a e maracatu. &#8220;Nesta sexta-feira (19), haver\u00e1 a culmin\u00e2ncia com show reunindo todas as atividades&#8221;, conta Padre Pedro.<\/p>\n<p>O clima \u00e9 mesmo de acolhida. Os jovens estrangeiros est\u00e3o hospedados na escola da comunidade. A popula\u00e7\u00e3o se encarregou de doar os alimentos e agasalhos. Para a chegada deles, o povo de Vazantes encomendou uma est\u00e1tua do Cristo Redentor com 1,80 m, semelhante ao famoso monumento hist\u00f3rico do Rio de Janeiro. A pe\u00e7a foi instalada sobre uma antiga caixa d&#8217;\u00e1gua desativada.<\/p>\n<p>Os recursos vieram das doa\u00e7\u00f5es do bingo solid\u00e1rio promovido por professores e funcion\u00e1rios da Unicap em comemora\u00e7\u00e3o ao anivers\u00e1rio do Padre Pedro ano passado. &#8220;Essa experi\u00eancia de Vazantes \u00e9 inspirada nas antigas redu\u00e7\u00f5es jesu\u00edtas que se utilizavam de elementos culturais para compor a forma\u00e7\u00e3o da comunidade. Povos diferentes que trocam algo entre si e buscam dar o seu melhor&#8221;, analisa Padre Pedro.<\/p>\n","protected":false},"excerpt":{"rendered":"<p>A Universidade Cat\u00f3lica de Pernambuco est\u00e1 participando da experi\u00eancia do Magis em Vazantes, distrito de Aracoiaba no Cear\u00e1. A abertura foi realizada ontem (16) \u00e0 noite na Igreja Matriz pelo Reitor Padre Pedro Rubens, que nasceu na comunidade. O evento, organizado pelos jesu\u00edtas em v\u00e1rias cidades do Brasil, precede as Jornadas Mundiais da Juventude. Este [&hellip;]<\/p>\n","protected":false},"author":8,"featured_media":0,"comment_status":"open","ping_status":"open","sticky":false,"template":"","format":"standard","meta":[],"categories":[4],"tags":[],"jetpack-related-posts":[],"_links":{"self":[{"href":"https:\/\/www1.unicap.br\/assecom1\/wp-json\/wp\/v2\/posts\/40265"}],"collection":[{"href":"https:\/\/www1.unicap.br\/assecom1\/wp-json\/wp\/v2\/posts"}],"about":[{"href":"https:\/\/www1.unicap.br\/assecom1\/wp-json\/wp\/v2\/types\/post"}],"author":[{"embeddable":true,"href":"https:\/\/www1.unicap.br\/assecom1\/wp-json\/wp\/v2\/users\/8"}],"replies":[{"embeddable":true,"href":"https:\/\/www1.unicap.br\/assecom1\/wp-json\/wp\/v2\/comments?post=40265"}],"version-history":[{"count":4,"href":"https:\/\/www1.unicap.br\/assecom1\/wp-json\/wp\/v2\/posts\/40265\/revisions"}],"predecessor-version":[{"id":40303,"href":"https:\/\/www1.unicap.br\/assecom1\/wp-json\/wp\/v2\/posts\/40265\/revisions\/40303"}],"wp:attachment":[{"href":"https:\/\/www1.unicap.br\/assecom1\/wp-json\/wp\/v2\/media?parent=40265"}],"wp:term":[{"taxonomy":"category","embeddable":true,"href":"https:\/\/www1.unicap.br\/assecom1\/wp-json\/wp\/v2\/categories?post=40265"},{"taxonomy":"post_tag","embeddable":true,"href":"https:\/\/www1.unicap.br\/assecom1\/wp-json\/wp\/v2\/tags?post=40265"}],"curies":[{"name":"wp","href":"https:\/\/api.w.org\/{rel}","templated":true}]}}