{"id":40132,"date":"2013-07-12T20:49:29","date_gmt":"2013-07-12T20:49:29","guid":{"rendered":"http:\/\/www.unicap.br\/assecom1\/?p=40132"},"modified":"2013-07-13T12:42:38","modified_gmt":"2013-07-13T12:42:38","slug":"comunidade-academica-da-unicap-da-as-boas-vindas-ao-padre-nicolas","status":"publish","type":"post","link":"https:\/\/www1.unicap.br\/assecom1\/comunidade-academica-da-unicap-da-as-boas-vindas-ao-padre-nicolas\/","title":{"rendered":"Comunidade acad\u00eamica da Unicap d\u00e1 as boas-vindas ao Padre Geral dos Jesu\u00edtas"},"content":{"rendered":"<p>Ap\u00f3s o pronunciamento no audit\u00f3rio G1, o Prep\u00f3sito Geral da Companhia de Jesus, Padre Adolfo Nicol\u00e1s, circulou pelo campus da Unicap, participando de momentos de intera\u00e7\u00e3o com a comunidade acad\u00eamica.<\/p>\n<p>Sempre acompanhado pelo Reitor, Padre Pedro Rubens, e pelo Provincial do Brasil Nordeste, Padre Miguel Martins, Padre Nicol\u00e1s foi bastante festejado e cumprimentado por alunos, funcion\u00e1rios e professores. Em v\u00e1rias ocasi\u00f5es, ele atendeu os pedidos para tirar uma foto.<\/p>\n<figure id=\"attachment_40136\" aria-describedby=\"caption-attachment-40136\" style=\"width: 645px\" class=\"wp-caption alignnone\"><a href=\"https:\/\/i0.wp.com\/www1.unicap.br\/assecom1\/wp-content\/uploads\/2013\/07\/Geral-Jesu\u00edtas-Foto-Alex-Costa-36.jpg?ssl=1\"><img data-attachment-id=\"40136\" data-permalink=\"https:\/\/www1.unicap.br\/assecom1\/comunidade-academica-da-unicap-da-as-boas-vindas-ao-padre-nicolas\/geral-jesuitas-foto-alex-costa-36\/\" data-orig-file=\"https:\/\/i0.wp.com\/www1.unicap.br\/assecom1\/wp-content\/uploads\/2013\/07\/Geral-Jesu\u00edtas-Foto-Alex-Costa-36.jpg?fit=4500%2C3108&amp;ssl=1\" data-orig-size=\"4500,3108\" data-comments-opened=\"1\" data-image-meta=\"{&quot;aperture&quot;:&quot;7.1&quot;,&quot;credit&quot;:&quot;&quot;,&quot;camera&quot;:&quot;Canon EOS REBEL T3i&quot;,&quot;caption&quot;:&quot;&quot;,&quot;created_timestamp&quot;:&quot;1373631444&quot;,&quot;copyright&quot;:&quot;&quot;,&quot;focal_length&quot;:&quot;18&quot;,&quot;iso&quot;:&quot;800&quot;,&quot;shutter_speed&quot;:&quot;0.05&quot;,&quot;title&quot;:&quot;&quot;}\" data-image-title=\"Geral Jesu\u00edtas &#8211; Foto Alex Costa (36)\" data-image-description=\"\" data-medium-file=\"https:\/\/i0.wp.com\/www1.unicap.br\/assecom1\/wp-content\/uploads\/2013\/07\/Geral-Jesu\u00edtas-Foto-Alex-Costa-36.jpg?fit=300%2C207&amp;ssl=1\" data-large-file=\"https:\/\/i0.wp.com\/www1.unicap.br\/assecom1\/wp-content\/uploads\/2013\/07\/Geral-Jesu\u00edtas-Foto-Alex-Costa-36.jpg?fit=640%2C442&amp;ssl=1\" loading=\"lazy\" class=\" wp-image-40136\" alt=\"Geral Jesu\u00edtas - Foto Alex Costa (36)\" src=\"https:\/\/i0.wp.com\/www1.unicap.br\/assecom1\/wp-content\/uploads\/2013\/07\/Geral-Jesu\u00edtas-Foto-Alex-Costa-36.jpg?resize=640%2C442&#038;ssl=1\" srcset=\"https:\/\/i0.wp.com\/www1.unicap.br\/assecom1\/wp-content\/uploads\/2013\/07\/Geral-Jesu\u00edtas-Foto-Alex-Costa-36.jpg?resize=1024%2C707&amp;ssl=1 1024w, https:\/\/i0.wp.com\/www1.unicap.br\/assecom1\/wp-content\/uploads\/2013\/07\/Geral-Jesu\u00edtas-Foto-Alex-Costa-36.jpg?resize=300%2C207&amp;ssl=1 300w, https:\/\/i0.wp.com\/www1.unicap.br\/assecom1\/wp-content\/uploads\/2013\/07\/Geral-Jesu\u00edtas-Foto-Alex-Costa-36.jpg?w=1280&amp;ssl=1 1280w, https:\/\/i0.wp.com\/www1.unicap.br\/assecom1\/wp-content\/uploads\/2013\/07\/Geral-Jesu\u00edtas-Foto-Alex-Costa-36.jpg?w=1920&amp;ssl=1 1920w\" sizes=\"(max-width: 640px) 100vw, 640px\" data-recalc-dims=\"1\" \/><\/a><figcaption id=\"caption-attachment-40136\" class=\"wp-caption-text\">Foto: Alex Costa<\/figcaption><\/figure>\n<p>No hall do bloco A, o Padre Nicol\u00e1s acompanhou a apresenta\u00e7\u00e3o do grupo de capoeira Chap\u00e9u de Couro e do Projeto Horizonte. Entre os integrantes, muitos eram jovens com S\u00edndrome de Down atendidos pela iniciativa da Cat\u00f3lica.<\/p>\n<p><a href=\"https:\/\/i1.wp.com\/www1.unicap.br\/assecom1\/wp-content\/uploads\/2013\/07\/Placa-e1373718975885.jpg?ssl=1\"><img data-attachment-id=\"40134\" data-permalink=\"https:\/\/www1.unicap.br\/assecom1\/comunidade-academica-da-unicap-da-as-boas-vindas-ao-padre-nicolas\/placa-2\/\" data-orig-file=\"https:\/\/i1.wp.com\/www1.unicap.br\/assecom1\/wp-content\/uploads\/2013\/07\/Placa-e1373718975885.jpg?fit=476%2C443&amp;ssl=1\" data-orig-size=\"476,443\" data-comments-opened=\"1\" data-image-meta=\"{&quot;aperture&quot;:&quot;2.8&quot;,&quot;credit&quot;:&quot;&quot;,&quot;camera&quot;:&quot;iPhone 4&quot;,&quot;caption&quot;:&quot;&quot;,&quot;created_timestamp&quot;:&quot;1373631564&quot;,&quot;copyright&quot;:&quot;&quot;,&quot;focal_length&quot;:&quot;3.85&quot;,&quot;iso&quot;:&quot;80&quot;,&quot;shutter_speed&quot;:&quot;0.0083333333333333&quot;,&quot;title&quot;:&quot;&quot;}\" data-image-title=\"Placa\" data-image-description=\"\" data-medium-file=\"https:\/\/i1.wp.com\/www1.unicap.br\/assecom1\/wp-content\/uploads\/2013\/07\/Placa-e1373718975885.jpg?fit=300%2C279&amp;ssl=1\" data-large-file=\"https:\/\/i1.wp.com\/www1.unicap.br\/assecom1\/wp-content\/uploads\/2013\/07\/Placa-e1373718975885.jpg?fit=476%2C443&amp;ssl=1\" loading=\"lazy\" class=\"alignleft  wp-image-40134\" alt=\"Placa\" src=\"https:\/\/i1.wp.com\/www1.unicap.br\/assecom1\/wp-content\/uploads\/2013\/07\/Placa-e1373718975885.jpg?resize=171%2C160&#038;ssl=1\" srcset=\"https:\/\/i1.wp.com\/www1.unicap.br\/assecom1\/wp-content\/uploads\/2013\/07\/Placa-e1373718975885.jpg?w=476&amp;ssl=1 476w, https:\/\/i1.wp.com\/www1.unicap.br\/assecom1\/wp-content\/uploads\/2013\/07\/Placa-e1373718975885.jpg?resize=300%2C279&amp;ssl=1 300w\" sizes=\"(max-width: 171px) 100vw, 171px\" data-recalc-dims=\"1\" \/><\/a>Logo depois, as autoridades jesu\u00edtas e o p\u00fablico presente se dirigiram ao jardim do bloco B, onde est\u00e1 o t\u00famulo do Padre Ant\u00f4nio dos Santos Abranches, fundador e primeiro diretor da Faculdade de Ci\u00eancias, Filosofia e Letras Manoel da N\u00f3brega, a primeira institui\u00e7\u00e3o de ensino superior jesu\u00edta no Norte e Nordeste do Brasil, fundada em 1943.<\/p>\n<p>Na ocasi\u00e3o, coduzida por Padre Pedro, funcion\u00e1rios que representam as institui\u00e7\u00f5es ligadas ao projeto da Unicap fizeram a entrega de flores que foram depositadas sobre o t\u00famulo. A primeira foi a chefe do Departamento de Recursos Humanos da Universidade, Valdice Dantas, uma das colaboradoras mais antigas em atividade da Unicap. Ela trabalha e se dedica \u00e0 obra desde os 13 anos de idade, tendo convivido com Padre Abranches.<\/p>\n<p><a href=\"https:\/\/i0.wp.com\/www1.unicap.br\/assecom1\/wp-content\/uploads\/2013\/07\/foto-e1373718378329.jpg?ssl=1\"><img data-attachment-id=\"40141\" data-permalink=\"https:\/\/www1.unicap.br\/assecom1\/comunidade-academica-da-unicap-da-as-boas-vindas-ao-padre-nicolas\/foto-9\/\" data-orig-file=\"https:\/\/i0.wp.com\/www1.unicap.br\/assecom1\/wp-content\/uploads\/2013\/07\/foto-e1373718378329.jpg?fit=1224%2C1632&amp;ssl=1\" data-orig-size=\"1224,1632\" data-comments-opened=\"1\" data-image-meta=\"{&quot;aperture&quot;:&quot;2.4&quot;,&quot;credit&quot;:&quot;&quot;,&quot;camera&quot;:&quot;iPhone 4S&quot;,&quot;caption&quot;:&quot;&quot;,&quot;created_timestamp&quot;:&quot;1373631397&quot;,&quot;copyright&quot;:&quot;&quot;,&quot;focal_length&quot;:&quot;4.28&quot;,&quot;iso&quot;:&quot;80&quot;,&quot;shutter_speed&quot;:&quot;0.0083333333333333&quot;,&quot;title&quot;:&quot;&quot;}\" data-image-title=\"foto\" data-image-description=\"\" data-medium-file=\"https:\/\/i0.wp.com\/www1.unicap.br\/assecom1\/wp-content\/uploads\/2013\/07\/foto-e1373718378329.jpg?fit=225%2C300&amp;ssl=1\" data-large-file=\"https:\/\/i0.wp.com\/www1.unicap.br\/assecom1\/wp-content\/uploads\/2013\/07\/foto-e1373718378329.jpg?fit=640%2C853&amp;ssl=1\" loading=\"lazy\" class=\"alignleft size-medium wp-image-40141\" alt=\"foto\" src=\"https:\/\/i0.wp.com\/www1.unicap.br\/assecom1\/wp-content\/uploads\/2013\/07\/foto-e1373718378329-225x300.jpg?resize=258%2C344&#038;ssl=1\" srcset=\"https:\/\/i0.wp.com\/www1.unicap.br\/assecom1\/wp-content\/uploads\/2013\/07\/foto-e1373718378329.jpg?resize=225%2C300&amp;ssl=1 225w, https:\/\/i0.wp.com\/www1.unicap.br\/assecom1\/wp-content\/uploads\/2013\/07\/foto-e1373718378329.jpg?resize=768%2C1024&amp;ssl=1 768w, https:\/\/i0.wp.com\/www1.unicap.br\/assecom1\/wp-content\/uploads\/2013\/07\/foto-e1373718378329.jpg?w=1224&amp;ssl=1 1224w\" sizes=\"(max-width: 258px) 100vw, 258px\" data-recalc-dims=\"1\" \/><\/a>Depois, foi a vez da gerente executiva da Funda\u00e7\u00e3o que leva o nome do homenageado (Fasa),\u00a0Maria Izabel Fernandes; seguida da coordenadora do grupo Horizonte do Movimento de Educa\u00e7\u00e3o Popular F\u00e9 e Alegria, Fernanda Sougey; da vice-diretora do Liceu N\u00f3brega, Bet\u00e2nia Silva Cordeiro; e encerrando o momento, a secretaria da Reitoria da Unicap, Cristina Carvalho.<\/p>\n<p>O Padre Geral dos Jesu\u00edtas tamb\u00e9m conheceu a obra de reforma da Capela e encerrou a programa\u00e7\u00e3o oficial de sua visita no espa\u00e7o cultural Padre Francisco Tavares Bragan\u00e7a, onde houve um momento de a\u00e7\u00e3o de gra\u00e7as. O local abrigou os primeiros cursos e a primeira biblioteca da Faculdade de Ci\u00eancias, Filosofia e Letras Manoel da N\u00f3brega.<\/p>\n","protected":false},"excerpt":{"rendered":"<p>Ap\u00f3s o pronunciamento no audit\u00f3rio G1, o Prep\u00f3sito Geral da Companhia de Jesus, Padre Adolfo Nicol\u00e1s, circulou pelo campus da Unicap, participando de momentos de intera\u00e7\u00e3o com a comunidade acad\u00eamica. Sempre acompanhado pelo Reitor, Padre Pedro Rubens, e pelo Provincial do Brasil Nordeste, Padre Miguel Martins, Padre Nicol\u00e1s foi bastante festejado e cumprimentado por alunos, [&hellip;]<\/p>\n","protected":false},"author":8,"featured_media":0,"comment_status":"open","ping_status":"open","sticky":false,"template":"","format":"standard","meta":[],"categories":[4],"tags":[],"jetpack-related-posts":[],"_links":{"self":[{"href":"https:\/\/www1.unicap.br\/assecom1\/wp-json\/wp\/v2\/posts\/40132"}],"collection":[{"href":"https:\/\/www1.unicap.br\/assecom1\/wp-json\/wp\/v2\/posts"}],"about":[{"href":"https:\/\/www1.unicap.br\/assecom1\/wp-json\/wp\/v2\/types\/post"}],"author":[{"embeddable":true,"href":"https:\/\/www1.unicap.br\/assecom1\/wp-json\/wp\/v2\/users\/8"}],"replies":[{"embeddable":true,"href":"https:\/\/www1.unicap.br\/assecom1\/wp-json\/wp\/v2\/comments?post=40132"}],"version-history":[{"count":8,"href":"https:\/\/www1.unicap.br\/assecom1\/wp-json\/wp\/v2\/posts\/40132\/revisions"}],"predecessor-version":[{"id":40139,"href":"https:\/\/www1.unicap.br\/assecom1\/wp-json\/wp\/v2\/posts\/40132\/revisions\/40139"}],"wp:attachment":[{"href":"https:\/\/www1.unicap.br\/assecom1\/wp-json\/wp\/v2\/media?parent=40132"}],"wp:term":[{"taxonomy":"category","embeddable":true,"href":"https:\/\/www1.unicap.br\/assecom1\/wp-json\/wp\/v2\/categories?post=40132"},{"taxonomy":"post_tag","embeddable":true,"href":"https:\/\/www1.unicap.br\/assecom1\/wp-json\/wp\/v2\/tags?post=40132"}],"curies":[{"name":"wp","href":"https:\/\/api.w.org\/{rel}","templated":true}]}}