{"id":40127,"date":"2013-07-12T18:15:27","date_gmt":"2013-07-12T18:15:27","guid":{"rendered":"http:\/\/www.unicap.br\/assecom1\/?p=40127"},"modified":"2013-07-12T18:16:12","modified_gmt":"2013-07-12T18:16:12","slug":"provas-do-vestibular-do-meio-do-ano-da-catolica-serao-realizadas-neste-sabado-dia-13-de-julho","status":"publish","type":"post","link":"https:\/\/www1.unicap.br\/assecom1\/provas-do-vestibular-do-meio-do-ano-da-catolica-serao-realizadas-neste-sabado-dia-13-de-julho\/","title":{"rendered":"Provas do Vestibular do meio do ano da Cat\u00f3lica ser\u00e3o realizadas neste s\u00e1bado, dia 13 de julho"},"content":{"rendered":"<p>Os\u00a0candidatos\u00a0que se inscreveram no Vestibular o meio do ano da Universidade Cat\u00f3lica de Pernambuco far\u00e3o as provas no pr\u00f3ximo s\u00e1bado (13), das 8h \u00e0s 13h. Os candidatos responder\u00e3o quest\u00f5es de portugu\u00eas, l\u00edngua estrangeira (ingl\u00eas, franc\u00eas ou espanhol), hist\u00f3ria, geografia, matem\u00e1tica, f\u00edsica, qu\u00edmica e biologia, al\u00e9m da reda\u00e7\u00e3o.<\/p>\n<p>Os cart\u00f5es de inscri\u00e7\u00e3o est\u00e3o dispon\u00edveis no site\u00a0<a href=\"http:\/\/www.unicap.br\/vestibular\">www.unicap.br\/vestibular<\/a>. O local de realiza\u00e7\u00e3o das provas estar\u00e1 indicado no cart\u00e3o de inscri\u00e7\u00e3o. Os candidatos dever\u00e3o chegar \u00e0 Cat\u00f3lica com uma hora de anteced\u00eancia e dever\u00e3o estar com documento de identifica\u00e7\u00e3o que contenha foto e com o cart\u00e3o de inscri\u00e7\u00e3o, al\u00e9m de caneta esferogr\u00e1fica azul ou preta.<\/p>\n<p><b>Jornada de Portas Abertas<\/b>\u00a0\u2013 No dia da prova, haver\u00e1 uma programa\u00e7\u00e3o especial para os acompanhantes dos vestibulandos, que vai transformar a expectativa das horas de espera num momento de confraterniza\u00e7\u00e3o. A biblioteca climatizada ir\u00e1 disponibilizar jornais, revistas e computadores com acesso \u00e0 internet. Professores e alunos dos cursos de Fisioterapia e Psicologia ir\u00e3o desenvolver t\u00e9cnicas de relaxamento, din\u00e2micas de grupo, pilates e massagens.<\/p>\n<p>J\u00e1 os funcion\u00e1rios da Divis\u00e3o de A\u00e7\u00e3o Social e da Diretoria de Gest\u00e3o Escolar estar\u00e3o a disposi\u00e7\u00e3o para dar informa\u00e7\u00f5es sobre todos os tipos de bolsas e financiamentos dispon\u00edveis na Universidade e o calend\u00e1rio de matr\u00edcula. Mais informa\u00e7\u00f5es pelo fone 2119-4143.<\/p>\n","protected":false},"excerpt":{"rendered":"<p>Os\u00a0candidatos\u00a0que se inscreveram no Vestibular o meio do ano da Universidade Cat\u00f3lica de Pernambuco far\u00e3o as provas no pr\u00f3ximo s\u00e1bado (13), das 8h \u00e0s 13h. Os candidatos responder\u00e3o quest\u00f5es de portugu\u00eas, l\u00edngua estrangeira (ingl\u00eas, franc\u00eas ou espanhol), hist\u00f3ria, geografia, matem\u00e1tica, f\u00edsica, qu\u00edmica e biologia, al\u00e9m da reda\u00e7\u00e3o. Os cart\u00f5es de inscri\u00e7\u00e3o est\u00e3o dispon\u00edveis no site\u00a0www.unicap.br\/vestibular. [&hellip;]<\/p>\n","protected":false},"author":3,"featured_media":0,"comment_status":"open","ping_status":"open","sticky":false,"template":"","format":"standard","meta":[],"categories":[4],"tags":[],"jetpack-related-posts":[],"_links":{"self":[{"href":"https:\/\/www1.unicap.br\/assecom1\/wp-json\/wp\/v2\/posts\/40127"}],"collection":[{"href":"https:\/\/www1.unicap.br\/assecom1\/wp-json\/wp\/v2\/posts"}],"about":[{"href":"https:\/\/www1.unicap.br\/assecom1\/wp-json\/wp\/v2\/types\/post"}],"author":[{"embeddable":true,"href":"https:\/\/www1.unicap.br\/assecom1\/wp-json\/wp\/v2\/users\/3"}],"replies":[{"embeddable":true,"href":"https:\/\/www1.unicap.br\/assecom1\/wp-json\/wp\/v2\/comments?post=40127"}],"version-history":[{"count":3,"href":"https:\/\/www1.unicap.br\/assecom1\/wp-json\/wp\/v2\/posts\/40127\/revisions"}],"predecessor-version":[{"id":40130,"href":"https:\/\/www1.unicap.br\/assecom1\/wp-json\/wp\/v2\/posts\/40127\/revisions\/40130"}],"wp:attachment":[{"href":"https:\/\/www1.unicap.br\/assecom1\/wp-json\/wp\/v2\/media?parent=40127"}],"wp:term":[{"taxonomy":"category","embeddable":true,"href":"https:\/\/www1.unicap.br\/assecom1\/wp-json\/wp\/v2\/categories?post=40127"},{"taxonomy":"post_tag","embeddable":true,"href":"https:\/\/www1.unicap.br\/assecom1\/wp-json\/wp\/v2\/tags?post=40127"}],"curies":[{"name":"wp","href":"https:\/\/api.w.org\/{rel}","templated":true}]}}