{"id":40063,"date":"2013-07-03T14:59:02","date_gmt":"2013-07-03T14:59:02","guid":{"rendered":"http:\/\/www.unicap.br\/assecom1\/?p=40063"},"modified":"2013-07-03T14:59:02","modified_gmt":"2013-07-03T14:59:02","slug":"prorrogadas-as-inscricoes-para-o-ii-opera-studio-recife","status":"publish","type":"post","link":"https:\/\/www1.unicap.br\/assecom1\/prorrogadas-as-inscricoes-para-o-ii-opera-studio-recife\/","title":{"rendered":"Prorrogadas as inscri\u00e7\u00f5es para o II Opera Studio Recife"},"content":{"rendered":"<div id=\"yui_3_7_2_1_1372851416398_11077\">\n<div dir=\"ltr\" id=\"yui_3_7_2_1_1372851416398_11076\">\n<div id=\"yui_3_7_2_1_1372851416398_11075\">\n<div id=\"yui_3_7_2_1_1372851416398_11074\">\n<div dir=\"ltr\" id=\"yui_3_7_2_1_1372851416398_11073\">\n<div id=\"yui_3_7_2_1_1372851416398_11072\">\n<div dir=\"ltr\" id=\"yui_3_7_2_1_1372851416398_11071\">\n<div id=\"yui_3_7_2_1_1372851416398_11070\">\n<div dir=\"ltr\" id=\"yui_3_7_2_1_1372851416398_11069\">\n<div id=\"yui_3_7_2_1_1372851416398_11068\">\n<div dir=\"ltr\" id=\"yui_3_7_2_1_1372851416398_11067\">\n<div id=\"yui_3_7_2_1_1372851416398_11066\">\n<div id=\"yui_3_7_2_1_1372851416398_11065\"><b id=\"yui_3_7_2_1_1372851416398_11082\"><\/b><\/p>\n<div id=\"yui_3_7_2_1_1372851416398_11064\">\n<div dir=\"ltr\" id=\"yui_3_7_2_1_1372851416398_11063\">\n<div id=\"yui_3_7_2_1_1372851416398_11062\">\n<div dir=\"ltr\" id=\"yui_3_7_2_1_1372851416398_11061\">\n<div id=\"yui_3_7_2_1_1372851416398_11060\">\n<div dir=\"ltr\" id=\"yui_3_7_2_1_1372851416398_11059\">\n<div id=\"yui_3_7_2_1_1372851416398_11058\">\n<div dir=\"ltr\" id=\"yui_3_7_2_1_1372851416398_11057\">\n<figure id=\"attachment_40064\" aria-describedby=\"caption-attachment-40064\" style=\"width: 200px\" class=\"wp-caption alignnone\"><img data-attachment-id=\"40064\" data-permalink=\"https:\/\/www1.unicap.br\/assecom1\/prorrogadas-as-inscricoes-para-o-ii-opera-studio-recife\/marcello-cormio\/\" data-orig-file=\"https:\/\/i0.wp.com\/www1.unicap.br\/assecom1\/wp-content\/uploads\/2013\/07\/Marcello-Cormio.jpg?fit=400%2C600&amp;ssl=1\" data-orig-size=\"400,600\" data-comments-opened=\"1\" data-image-meta=\"{&quot;aperture&quot;:&quot;0&quot;,&quot;credit&quot;:&quot;&quot;,&quot;camera&quot;:&quot;&quot;,&quot;caption&quot;:&quot;&quot;,&quot;created_timestamp&quot;:&quot;0&quot;,&quot;copyright&quot;:&quot;&quot;,&quot;focal_length&quot;:&quot;0&quot;,&quot;iso&quot;:&quot;0&quot;,&quot;shutter_speed&quot;:&quot;0&quot;,&quot;title&quot;:&quot;&quot;}\" data-image-title=\"Marcello Cormio\" data-image-description=\"\" data-medium-file=\"https:\/\/i0.wp.com\/www1.unicap.br\/assecom1\/wp-content\/uploads\/2013\/07\/Marcello-Cormio.jpg?fit=200%2C300&amp;ssl=1\" data-large-file=\"https:\/\/i0.wp.com\/www1.unicap.br\/assecom1\/wp-content\/uploads\/2013\/07\/Marcello-Cormio.jpg?fit=400%2C600&amp;ssl=1\" loading=\"lazy\" class=\"size-medium wp-image-40064\" alt=\"Marcello Cormio\" src=\"https:\/\/i0.wp.com\/www1.unicap.br\/assecom1\/wp-content\/uploads\/2013\/07\/Marcello-Cormio.jpg?resize=200%2C300&#038;ssl=1\" srcset=\"https:\/\/i0.wp.com\/www1.unicap.br\/assecom1\/wp-content\/uploads\/2013\/07\/Marcello-Cormio.jpg?resize=200%2C300&amp;ssl=1 200w, https:\/\/i0.wp.com\/www1.unicap.br\/assecom1\/wp-content\/uploads\/2013\/07\/Marcello-Cormio.jpg?w=400&amp;ssl=1 400w\" sizes=\"(max-width: 200px) 100vw, 200px\" data-recalc-dims=\"1\" \/><figcaption id=\"caption-attachment-40064\" class=\"wp-caption-text\">Foto: Divulga\u00e7\u00e3o<\/figcaption><\/figure>\n<p style=\"text-align: left;\" align=\"center\">Com informa\u00e7\u00f5es da Assessoria de Imprensa do evento<\/p>\n<p id=\"yui_3_7_2_1_1372851416398_11056\">Foram prorrogadas as inscri\u00e7\u00f5es para a segunda edi\u00e7\u00e3o do projeto\u00a0Opera\u00a0Studio\u00a0do Recife, curso avan\u00e7ado para cantores l\u00edricos profissionais e pianistas (coaches). O prazo estende-se at\u00e9 o dia 08 de julho de 2013 e as inscri\u00e7\u00f5es podem ser feitas online, por meio do formul\u00e1rio na p\u00e1gina\u00a0<a href=\"http:\/\/goo.gl\/AzJTy\" target=\"_blank\" rel=\"nofollow\">http:\/\/goo.gl\/AzJTy<\/a>\u00a0. O curso \u00e9 gratuito e acontecer\u00e1 no Conservat\u00f3rio Pernambucano de M\u00fasica.<\/p>\n<p id=\"yui_3_7_2_1_1372851416398_11088\">Em um formato in\u00e9dito no Estado, o\u00a0curso acontecer\u00e1 entre os dias\u00a022 de julho e 9 de agosto de 2013,\u00a0sendo de segunda a sexta em dois per\u00edodos (das 9h \u00e0s 12h, com aulas expositivas e das 14h \u00e0s 18h, com atividades pr\u00e1ticas).\u00a0O\u00a0Opera\u00a0ser\u00e1 ministrado pelos professores Marcelo Ferreira (coordenador do projeto), Tatiana Aguiar, Vitor Philomeno e Marcello Cormio, que acompanhar\u00e3o os alunos nas aulas em grupo e individuais. Ao final do curso, ser\u00e1 realizado um Recital de Conclus\u00e3o.<\/p>\n<p id=\"yui_3_7_2_1_1372851416398_11089\">A oficina ser\u00e1 composta por uma turma de 20 cantores (podendo ser estendida para 25 alunos, caso haja demanda), e um m\u00e1ximo de quatro pianistas.\u00a0Durante todo o curso haver\u00e1 sess\u00f5es de orienta\u00e7\u00e3o\u00a0(coaching)\u00a0individuais numa sala separada. A realiza\u00e7\u00e3o do II\u00a0Opera\u00a0Studio\u00a0\u00e9 da Jaragu\u00e1 Produ\u00e7\u00f5es.<\/p>\n<p id=\"yui_3_7_2_1_1372851416398_11101\">Os nomes dos selecionados ser\u00e3o divulgados no dia 09 de julho.<\/p>\n<p id=\"yui_3_7_2_1_1372851416398_11103\"><b>SELE\u00c7\u00c3O &#8211;<\/b>\u00a0A escolha dos participantes (tanto cantores quanto pianistas) ser\u00e1 feita exclusivamente\u00a0por meio\u00a0de grava\u00e7\u00f5es e an\u00e1lise de curr\u00edculo. A sele\u00e7\u00e3o ser\u00e1 baseada em t\u00e9cnica vocal, interpreta\u00e7\u00e3o musical, estilo, dic\u00e7\u00e3o e interpreta\u00e7\u00e3o do texto, interpreta\u00e7\u00e3o dram\u00e1tica e, sobretudo, potencial profissional e o quanto o curso poder\u00e1 beneficiar o participante.<\/p>\n<p id=\"yui_3_7_2_1_1372851416398_11105\">Grava\u00e7\u00f5es devem ser enviadas em MP3, com boa qualidade sonora e sem edi\u00e7\u00f5es, por meio de um link disponibilizado para download no formul\u00e1rio. Links para v\u00eddeos tamb\u00e9m ser\u00e3o aceitos. A grava\u00e7\u00e3o deve ser de uma \u00e1ria de \u00f3pera, na l\u00edngua e tom originais, sem edi\u00e7\u00f5es, e o\u00a0nome do arquivo deve indicar o nome do candidato, nome da \u00e1ria e da \u00f3pera e do compositor.<\/p>\n<p>Arquivos n\u00e3o dever\u00e3o exceder cinco megabytes. Confira mais informa\u00e7\u00f5es do programa atrav\u00e9s do edital:<a href=\"http:\/\/migre.me\/eXmW3\" target=\"_blank\" rel=\"nofollow\">\u00a0<\/a><a href=\"http:\/\/migre.me\/eXmW3\" target=\"_blank\" rel=\"nofollow\">http:\/\/migre.me\/eXmW3\u00a0<\/a><\/p>\n<p>Os selecionados para participar do 2\u00ba\u00a0Opera\u00a0Studio\u00a0do Recife ter\u00e3o seus nomes divulgados no dia 09\/07\/13 e ser\u00e3o\u00a0contactados por e-mail. A lista dos aprovados tamb\u00e9m ser\u00e1 divulgada na p\u00e1gina do\u00a0Opera\u00a0Studio(<a href=\"http:\/\/www.facebook.com\/OperaStudioDoRecife\" target=\"_blank\" rel=\"nofollow\">http:\/\/www.facebook.com\/OperaStudioDoRecife<\/a>) e na da Jaragu\u00e1 Produ\u00e7\u00f5es (<a href=\"https:\/\/www.facebook.com\/jaraguaproducoes\" target=\"_blank\" rel=\"nofollow\">https:\/\/www.facebook.com\/jaraguaproducoes<\/a>).<\/p>\n<p>O\u00a0projeto \u00e9\u00a0oferecido gratuitamente aos participantes, gra\u00e7as ao incentivo do Funcultura\/Governo do Estado de Pernambuco e do apoio do Conservat\u00f3rio Pernambucano de M\u00fasica.<\/p>\n<p><b>SERVI\u00c7O<\/b><\/p>\n<p><b>II<\/b><b>\u00a0<\/b><b>Opera<\/b><b>\u00a0<\/b><b>Studio do Recife<\/b><b><br \/>\n<\/b>Inscri\u00e7\u00f5es: At\u00e9 8 de julho, atrav\u00e9s do link\u00a0<a href=\"http:\/\/goo.gl\/AzJTy\" target=\"_blank\" rel=\"nofollow\">http:\/\/goo.gl\/AzJTy<\/a><br \/>\nPer\u00edodo do curso: De 22\/07 a 09\/08<br \/>\nLocal: Conservat\u00f3rio Pernambucano de M\u00fasica (Av. Jo\u00e3o de Barros, 594 &#8211; Boa Vista)<br \/>\nInforma\u00e7\u00f5es: (81) 3032-3184<\/p>\n<\/div>\n<\/div>\n<\/div>\n<\/div>\n<\/div>\n<\/div>\n<\/div>\n<\/div>\n<\/div>\n<div>&#8212;<\/div>\n<\/div>\n<\/div>\n<\/div>\n<\/div>\n<\/div>\n<\/div>\n<\/div>\n<\/div>\n<\/div>\n<\/div>\n<\/div>\n<\/div>\n<div><span style=\"font-family: tahoma, sans-serif;\"><strong>Raquel Monteath |<\/strong>\u00a0Imprensa e produ\u00e7\u00e3o de conte\u00fado.<\/span><\/div>\n<div><\/div>\n<div><a href=\"http:\/\/www.corujas.rec.br\/\" target=\"_blank\" rel=\"nofollow\"><strong>www.corujas.rec.br<\/strong><\/a><strong>\u00a0| @corujasrec<\/strong><\/div>\n<div id=\"yui_3_7_2_1_1372851416398_11108\"><\/div>\n<div id=\"yui_3_7_2_1_1372851416398_11107\"><span style=\"font-family: tahoma, sans-serif;\">81\u00a0<strong>8883 1382<\/strong><\/span><\/div>\n<div id=\"yui_3_7_2_1_1372851416398_11106\"><span style=\"font-family: tahoma, sans-serif;\">81\u00a0<strong>9704 1372<\/strong><\/span><\/div>\n","protected":false},"excerpt":{"rendered":"<p>Com informa\u00e7\u00f5es da Assessoria de Imprensa do evento Foram prorrogadas as inscri\u00e7\u00f5es para a segunda edi\u00e7\u00e3o do projeto\u00a0Opera\u00a0Studio\u00a0do Recife, curso avan\u00e7ado para cantores l\u00edricos profissionais e pianistas (coaches). O prazo estende-se at\u00e9 o dia 08 de julho de 2013 e as inscri\u00e7\u00f5es podem ser feitas online, por meio do formul\u00e1rio na p\u00e1gina\u00a0http:\/\/goo.gl\/AzJTy\u00a0. O curso \u00e9 [&hellip;]<\/p>\n","protected":false},"author":3,"featured_media":0,"comment_status":"open","ping_status":"open","sticky":false,"template":"","format":"standard","meta":[],"categories":[4],"tags":[],"jetpack-related-posts":[],"_links":{"self":[{"href":"https:\/\/www1.unicap.br\/assecom1\/wp-json\/wp\/v2\/posts\/40063"}],"collection":[{"href":"https:\/\/www1.unicap.br\/assecom1\/wp-json\/wp\/v2\/posts"}],"about":[{"href":"https:\/\/www1.unicap.br\/assecom1\/wp-json\/wp\/v2\/types\/post"}],"author":[{"embeddable":true,"href":"https:\/\/www1.unicap.br\/assecom1\/wp-json\/wp\/v2\/users\/3"}],"replies":[{"embeddable":true,"href":"https:\/\/www1.unicap.br\/assecom1\/wp-json\/wp\/v2\/comments?post=40063"}],"version-history":[{"count":2,"href":"https:\/\/www1.unicap.br\/assecom1\/wp-json\/wp\/v2\/posts\/40063\/revisions"}],"predecessor-version":[{"id":40066,"href":"https:\/\/www1.unicap.br\/assecom1\/wp-json\/wp\/v2\/posts\/40063\/revisions\/40066"}],"wp:attachment":[{"href":"https:\/\/www1.unicap.br\/assecom1\/wp-json\/wp\/v2\/media?parent=40063"}],"wp:term":[{"taxonomy":"category","embeddable":true,"href":"https:\/\/www1.unicap.br\/assecom1\/wp-json\/wp\/v2\/categories?post=40063"},{"taxonomy":"post_tag","embeddable":true,"href":"https:\/\/www1.unicap.br\/assecom1\/wp-json\/wp\/v2\/tags?post=40063"}],"curies":[{"name":"wp","href":"https:\/\/api.w.org\/{rel}","templated":true}]}}