{"id":40022,"date":"2013-06-28T00:12:40","date_gmt":"2013-06-28T00:12:40","guid":{"rendered":"http:\/\/www.unicap.br\/assecom1\/?p=40022"},"modified":"2013-06-28T00:12:40","modified_gmt":"2013-06-28T00:12:40","slug":"instituto-cervantes-exibe-filme-franco-espanhol-neste-sabado","status":"publish","type":"post","link":"https:\/\/www1.unicap.br\/assecom1\/instituto-cervantes-exibe-filme-franco-espanhol-neste-sabado\/","title":{"rendered":"Instituto Cervantes exibe filme franco-espanhol neste s\u00e1bado"},"content":{"rendered":"<p><span style=\"color: black; font-family: Verdana; font-size: xx-small;\">S\u00e1bado (29) o <i>Cineforum<\/i> do Instituto Cervantes exibe o filme \u201cNa Cidade de Sylvia (En la Ciudad de Sylvia &#8211; 2007)\u201d. A produ\u00e7\u00e3o franco-espanhola ser\u00e1 exibida a partir das 16h no audit\u00f3rio do Instituto com entrada gratuita. <\/span><\/p>\n<p><span style=\"color: black; font-family: Verdana; font-size: xx-small;\">O drama de Jos\u00e9 Luis Guer\u00edn mostra um jovem estrangeiro que passeia pelas ruas de Estrasburgo observando e desenhando gestos e express\u00f5es. Ele procura por uma mulher que conheceu na regi\u00e3o h\u00e1 alguns anos e cuja lembran\u00e7a e imagem ainda pairam por sobre a cidade. O jovem passa os dias sentado nas mesas ao ar livre de um caf\u00e9, desenhando as mulheres que o rodeiam, esperando pacientemente at\u00e9 que finalmente acredita t\u00ea-la encontrado e passa a seguir a mulher dos seus sonhos. A obra (com \u00e1udio em franc\u00eas e legendas em espanhol) enfatiza os olhares, express\u00f5es e comportamentos dos atores centrais. <\/span><\/p>\n<p><span style=\"color: black; font-family: Verdana; font-size: xx-small;\">Ap\u00f3s a exibi\u00e7\u00e3o, h\u00e1 um momento para debate que ser\u00e1 conduzido pela professora espanhola, Jessica Cavalcanti.<\/span><\/p>\n<p><span style=\"color: black; font-family: Verdana; font-size: xx-small;\">O Instituto Cervantes fica na Av. Gov. Agamenon Magalh\u00e3es, 4535, Derby. Maiores informa\u00e7\u00f5es atrav\u00e9s do telefone <a href=\"tel:%2881%29%203334-0450\" target=\"_blank\">(81) 3334-0450<\/a> ou no e-mail <\/span><span style=\"color: black; font-family: Verdana; font-size: xx-small;\"><a href=\"mailto:cenrec@cervantes.es\" target=\"_blank\">cenrec@cervantes.es<\/a><\/span><span style=\"color: black; font-family: Verdana; font-size: xx-small;\">.<\/span><\/p>\n<p><b><span style=\"color: black; font-family: Verdana; font-size: xx-small;\">SERVI\u00c7O: <i>Cineforum<\/i> do Instituto Cervantes<\/span><\/b><\/p>\n<p><b><span style=\"color: black; font-family: Verdana; font-size: xx-small;\">Filme<\/span><\/b><span style=\"color: black; font-family: Verdana; font-size: xx-small;\">: Na Cidade de Sylvia (En la Ciudad de Sylvia)<\/span><\/p>\n<p><b><span style=\"color: black; font-family: Verdana; font-size: xx-small;\">Data<\/span><\/b><span style=\"color: black; font-family: Verdana; font-size: xx-small;\">: 29\/06\/2013 (s\u00e1bado)<\/span><\/p>\n<p><b><span style=\"color: black; font-family: Verdana; font-size: xx-small;\">Hora<\/span><\/b><span style=\"color: black; font-family: Verdana; font-size: xx-small;\">: 16h<\/span><\/p>\n<p><b><span style=\"color: black; font-family: Verdana; font-size: xx-small;\">Lugar<\/span><\/b><span style=\"color: black; font-family: Verdana; font-size: xx-small;\">: Instituto Cervantes do Recife (Av. Agamenon Magalh\u00e3es, 4535, Derby)<br \/>\n<b>Entrada: Gratuita<\/b><\/span><b><span style=\"color: black; font-family: Verdana; font-size: xx-small;\"><wbr \/><\/span><\/b><\/p>\n<p><b><span style=\"color: black; font-family: Verdana; font-size: xx-small;\">Ficha T\u00e9cnica:<\/span><\/b><\/p>\n<p><span style=\"color: black; font-family: Verdana; font-size: xx-small;\">Ano: 2007<\/span><\/p>\n<p><span style=\"color: black; font-family: Verdana; font-size: xx-small;\">Origem: Fran\u00e7a<\/span><\/p>\n<p><span style=\"color: black; font-family: Verdana; font-size: xx-small;\">Dire\u00e7\u00e3o e roteiro: Jos\u00e9 Luis Guer\u00edn<\/span><\/p>\n<p><span style=\"color: black; font-family: Verdana; font-size: xx-small;\">Dura\u00e7\u00e3o: 82 minutos<\/span><\/p>\n<p><span style=\"color: black; font-family: Verdana; font-size: xx-small;\">Drama<\/span><\/p>\n<p><span style=\"color: black; font-family: Verdana; font-size: xx-small;\">Elenco:<\/span><a href=\"http:\/\/filmow.com\/michael-balerdi-a182982\/\" target=\"_blank\"><span style=\"color: black; font-family: Verdana; font-size: xx-small;\">Micha\u00ebl Balerdi<\/span><\/a><span style=\"color: black; font-family: Verdana; font-size: xx-small;\">\u00a0(Un passant)<\/span><a href=\"http:\/\/filmow.com\/pilar-lopez-de-ayala-a5476\/\" target=\"_blank\"><span style=\"color: black; font-family: Verdana; font-size: xx-small;\">Pilar L\u00f3pez de Ayala<\/span><\/a><span style=\"color: black; font-family: Verdana; font-size: xx-small;\">\u00a0(Ella)<\/span><a href=\"http:\/\/filmow.com\/xavier-lafitte-a163952\/\" target=\"_blank\"><span style=\"color: black; font-family: Verdana; font-size: xx-small;\">Xavier Lafitte<\/span><\/a><span style=\"color: black; font-family: Verdana; font-size: xx-small;\">\u00a0(\u00c9l)<\/span><\/p>\n<p><span style=\"font-family: Arial; font-size: small;\"><br \/>\n<\/span><\/p>\n","protected":false},"excerpt":{"rendered":"<p>S\u00e1bado (29) o Cineforum do Instituto Cervantes exibe o filme \u201cNa Cidade de Sylvia (En la Ciudad de Sylvia &#8211; 2007)\u201d. A produ\u00e7\u00e3o franco-espanhola ser\u00e1 exibida a partir das 16h no audit\u00f3rio do Instituto com entrada gratuita. O drama de Jos\u00e9 Luis Guer\u00edn mostra um jovem estrangeiro que passeia pelas ruas de Estrasburgo observando e [&hellip;]<\/p>\n","protected":false},"author":2,"featured_media":0,"comment_status":"open","ping_status":"open","sticky":false,"template":"","format":"standard","meta":[],"categories":[4],"tags":[],"jetpack-related-posts":[],"_links":{"self":[{"href":"https:\/\/www1.unicap.br\/assecom1\/wp-json\/wp\/v2\/posts\/40022"}],"collection":[{"href":"https:\/\/www1.unicap.br\/assecom1\/wp-json\/wp\/v2\/posts"}],"about":[{"href":"https:\/\/www1.unicap.br\/assecom1\/wp-json\/wp\/v2\/types\/post"}],"author":[{"embeddable":true,"href":"https:\/\/www1.unicap.br\/assecom1\/wp-json\/wp\/v2\/users\/2"}],"replies":[{"embeddable":true,"href":"https:\/\/www1.unicap.br\/assecom1\/wp-json\/wp\/v2\/comments?post=40022"}],"version-history":[{"count":1,"href":"https:\/\/www1.unicap.br\/assecom1\/wp-json\/wp\/v2\/posts\/40022\/revisions"}],"predecessor-version":[{"id":40024,"href":"https:\/\/www1.unicap.br\/assecom1\/wp-json\/wp\/v2\/posts\/40022\/revisions\/40024"}],"wp:attachment":[{"href":"https:\/\/www1.unicap.br\/assecom1\/wp-json\/wp\/v2\/media?parent=40022"}],"wp:term":[{"taxonomy":"category","embeddable":true,"href":"https:\/\/www1.unicap.br\/assecom1\/wp-json\/wp\/v2\/categories?post=40022"},{"taxonomy":"post_tag","embeddable":true,"href":"https:\/\/www1.unicap.br\/assecom1\/wp-json\/wp\/v2\/tags?post=40022"}],"curies":[{"name":"wp","href":"https:\/\/api.w.org\/{rel}","templated":true}]}}