{"id":39806,"date":"2013-06-13T15:12:37","date_gmt":"2013-06-13T15:12:37","guid":{"rendered":"http:\/\/www.unicap.br\/assecom1\/?p=39806"},"modified":"2013-06-21T14:44:02","modified_gmt":"2013-06-21T14:44:02","slug":"fe-e-alegria-de-vazantes-completa-8-anos-e-ganha-de-presente-a-i-mostra-curta-vazantes-cinema-em-comunidade","status":"publish","type":"post","link":"https:\/\/www1.unicap.br\/assecom1\/fe-e-alegria-de-vazantes-completa-8-anos-e-ganha-de-presente-a-i-mostra-curta-vazantes-cinema-em-comunidade\/","title":{"rendered":"F\u00e9 e Alegria de Vazantes completa 8 anos e ganha de presente a I Mostra Curta Vazantes: Cinema em Comunidade."},"content":{"rendered":"<p>O projeto F\u00e9 e Alegria de Vazantes est\u00e1 completando 8 anos e\u00a0 quem ganha o presente\u00a0 s\u00e3o os moradores do distrito de Aracoiaba, no Cear\u00e1, com a realiza\u00e7\u00e3o da I Mostra Curta Vazantes: Cinema em Comunidade. A vila de 2.500 habitantes n\u00e3o possui salas de cinema, locadoras ou qualquer outra possibilidade de exibi\u00e7\u00e3o de filmes, o que mostra a relev\u00e2ncia do projeto, viabilizado gra\u00e7as ao programa Banco do Nordeste de Cultura \/ Parceria BNDES \u2013 Edi\u00e7\u00e3o 2012.<\/p>\n<p>A mostra teve in\u00edcio segunda-feira (10) e prossegue at\u00e9\u00a0 s\u00e1bado (15), na comunidade de Vazantes, O projeto inclui a exibi\u00e7\u00e3o de v\u00eddeos digitais (curta-metragem), oficinas, exposi\u00e7\u00e3o fotogr\u00e1fica e lan\u00e7amento de livros. O assessor de Cultura da Unicap, Leo Tabosa, \u00e9 o respons\u00e1vel pela organiza\u00e7\u00e3o e execu\u00e7\u00e3o do projeto, que estimula o desenvolvimento de atividades interdisciplinares, colocando a Universidade Cat\u00f3lica de Pernambuco a servi\u00e7o das comunidades da regi\u00e3o Nordeste.<\/p>\n<p>Com o objetivo de abrir novos caminhos de interioriza\u00e7\u00e3o cultural, o projeto oferece condi\u00e7\u00f5es e oportunidades de desenvolvimento educativo e cultural \u00e0s crian\u00e7as e adolescente do distrito de Vazantes, em sua grande maioria em situa\u00e7\u00e3o de risco e vulnerabilidade social.<\/p>\n<p>A mostra audiovisual permitir\u00e1 diversas melhorias para a popula\u00e7\u00e3o local, como maior entrosamento entre os habitantes, entendimento de que todos participam de uma mesma realidade e, portanto, devem atuar de forma colaborativa; conhecimento sobre a realidade do mundo, eleva\u00e7\u00e3o da autoestima a partir da valoriza\u00e7\u00e3o de seus saberes; contato com outras culturas e aprendizado sobre sua pr\u00f3pria identidade cultural.<\/p>\n<p>Durante o per\u00edodo da mostra, est\u00e1 sendo rodado o curta-metragem \u201c3:00\u201d, do realizador Leo Tabosa, com fotografia de Alex Costa. Vazantes est\u00e1 sendo palco de uma trama surreal de terror psicol\u00f3gico, que mistura realidade e fantasia.<\/p>\n<p>Oficinas:<\/p>\n<p>Oficina: \u201cRoteiro e arte de contar uma hist\u00f3ria\u201d<br \/>\nAurora Miranda Le\u00e3o<\/p>\n<p>Oficina: \u201cIntrodu\u00e7\u00e3o ao cinema e produ\u00e7\u00e3o de v\u00eddeo minuto\u201d<br \/>\nAlex Costa<br \/>\nArthur Leite<\/p>\n<p>Oficina de fotografia: \u201cO mundo que vejo\u201d<br \/>\nDanilo Galv\u00e3o<\/p>\n<p>Opera\u00e7\u00e3o Mam\u00e3e (Fic\u00e7\u00e3o \/ 17\u2019 \/ 2011 \/ RJ)<br \/>\nMarina Freitas<\/p>\n<p>Abner, o Papa Zumbis (Anima\u00e7\u00e3o \/ 3\u2019 29\u201d \/ 2011 \/ SP)<br \/>\nDire\u00e7\u00e3o: Marcus Guio e Thiago Trevisan<\/p>\n<p>Velho Mundo (Fic\u00e7\u00e3o \/ 13\u2019 \/ 2010 \/ SP)<br \/>\nDire\u00e7\u00e3o: Armando Fonseca<\/p>\n<p>Retratos (Document\u00e1rio \/ 17\u2019 \/ 2010 \/ PE)<br \/>\nDire\u00e7\u00e3o: Leo Tabosa e Rafael Negr\u00e3o<\/p>\n<p>Cheirosa (Fic\u00e7\u00e3o \/ 5\u2019 15\u201d \/ 2009 \/ MG)<br \/>\nDire\u00e7\u00e3o: Carlos Segundo<\/p>\n<p>Cine Z\u00e9 Sozinho (Document\u00e1rio \/ 16\u2019 \/ 2007 \/ CE)<br \/>\nDire\u00e7\u00e3o: Adriano Lima<\/p>\n<p>A Montanha M\u00e1gica (Fic\u00e7\u00e3o \/ 13\u2019 \/ 2009 \/ CE)<br \/>\nDire\u00e7\u00e3o: Petrus Cariry<\/p>\n<p>Cores &amp; Botas (Fic\u00e7\u00e3o \/ 15\u2019 50\u201d \/ 2010 \/ RJ)<br \/>\nDire\u00e7\u00e3o: Juliana Vicente<\/p>\n<p>Darluz (Fic\u00e7\u00e3o \/ 15\u2019 \/ 2009 \/ SP)<br \/>\nDire\u00e7\u00e3o: Leandro Goddinho<\/p>\n<p>Doce de C\u00f4co (Fic\u00e7\u00e3o \/ 20\u2019 \/ 2011 \/ CE)<br \/>\nDire\u00e7\u00e3o: Allan Deberton<\/p>\n<p>Julie, Agosto, Setembro (Fic\u00e7\u00e3o \/ 8\u2019 \/ 2011 \u00b9GO)<br \/>\nDire\u00e7\u00e3o: Jarleo Barbosa<\/p>\n<p>O Membro Deca\u00eddo (Fic\u00e7\u00e3o \/ 15\u2019 \/ 2012 \/ MA)<br \/>\nDire\u00e7\u00e3o: Lucas S\u00e1<\/p>\n<p>Eu n\u00e3o quero voltar sozinho (Fic\u00e7\u00e3o \/ 17&#8242; \/ 2010 \/ SP)<br \/>\nDire\u00e7\u00e3o: Daniel Ribeiro<\/p>\n<p>Vida Maria (Anima\u00e7\u00e3o \/ 8\u201935\u2019\u2019 \/ 2008 \/ CE)<br \/>\nDire\u00e7\u00e3o: M\u00e1rcio Ramos<\/p>\n<p>Mato Alto \u2013 pedra por pedra (Doc \u2013 15\u2019 \/ 2011 \/ CE)<br \/>\nDire\u00e7\u00e3o: Arthur Leite<\/p>\n<p>O Sil\u00eancio do Mundo (Fic\u00e7\u00e3o \/ 10\u2019 \/ 2011 \/ CE)<br \/>\nDire\u00e7\u00e3o: B\u00e1rbara Cariry<\/p>\n<p>O C\u00e9u no Andar de Baixo (Anima\u00e7\u00e3o \/ 15\u2019 \/ 2011 \/ MG)<br \/>\nDire\u00e7\u00e3o: Leonardo Catapreta<\/p>\n<p>A Galinha ou Eu (Doc-Fic \/ 15\u2019 \/ 2011 \/ PR)<br \/>\nDire\u00e7\u00e3o: Denizia Moresqui<\/p>\n<p>O Vizinho da Frente (Fic\u00e7\u00e3o \/ 13\u2019 9\u201d \/2010\u00a0 \/ PE)<br \/>\nDire\u00e7\u00e3o: J\u00falia Ara\u00fajo e Nath\u00e1lia D\u2019Emery<\/p>\n<p>Chapeuzinho (Fic\u00e7\u00e3o \/ 7\u201939\u201d \/ 2010 \/ BA)<br \/>\nDire\u00e7\u00e3o: Rafael Jardim<\/p>\n<p>Caf\u00e9 com Leite (Fic\u00e7\u00e3o \/ 18&#8217;11 \/ 2007 \/ SP)<br \/>\nDire\u00e7\u00e3o: Daniel Ribeiro<\/p>\n<p>N\u00e3o v\u00e1 se Perder (Fic\u00e7\u00e3o \/ 19\u2019 \/ 2012 \/ CE)<br \/>\nDire\u00e7\u00e3o: Vanessa Pinheiro<\/p>\n<p>No Passo do Birim (Doc \/ 15\u2019 \/ 2010 \/ CE)<br \/>\nDire\u00e7\u00e3o:\u00a0 Aurora Miranda Le\u00e3o<\/p>\n<p>Aldeia (Fic\u00e7\u00e3o \/ 18\u2019 \/ 2012 \/ RJ)<br \/>\nDire\u00e7\u00e3o: Zeca Ferreira<\/p>\n<p>O Sabi\u00e1 (Fic\u00e7\u00e3o \/ 15\u2019 \/ 2010 \/ RS)<br \/>\nDire\u00e7\u00e3o:\u00a0 Zeca Brito<\/p>\n<p>&nbsp;<\/p>\n","protected":false},"excerpt":{"rendered":"<p>O projeto F\u00e9 e Alegria de Vazantes est\u00e1 completando 8 anos e\u00a0 quem ganha o presente\u00a0 s\u00e3o os moradores do distrito de Aracoiaba, no Cear\u00e1, com a realiza\u00e7\u00e3o da I Mostra Curta Vazantes: Cinema em Comunidade. A vila de 2.500 habitantes n\u00e3o possui salas de cinema, locadoras ou qualquer outra possibilidade de exibi\u00e7\u00e3o de filmes, [&hellip;]<\/p>\n","protected":false},"author":2,"featured_media":0,"comment_status":"open","ping_status":"open","sticky":false,"template":"","format":"standard","meta":[],"categories":[4],"tags":[],"jetpack-related-posts":[],"_links":{"self":[{"href":"https:\/\/www1.unicap.br\/assecom1\/wp-json\/wp\/v2\/posts\/39806"}],"collection":[{"href":"https:\/\/www1.unicap.br\/assecom1\/wp-json\/wp\/v2\/posts"}],"about":[{"href":"https:\/\/www1.unicap.br\/assecom1\/wp-json\/wp\/v2\/types\/post"}],"author":[{"embeddable":true,"href":"https:\/\/www1.unicap.br\/assecom1\/wp-json\/wp\/v2\/users\/2"}],"replies":[{"embeddable":true,"href":"https:\/\/www1.unicap.br\/assecom1\/wp-json\/wp\/v2\/comments?post=39806"}],"version-history":[{"count":3,"href":"https:\/\/www1.unicap.br\/assecom1\/wp-json\/wp\/v2\/posts\/39806\/revisions"}],"predecessor-version":[{"id":39966,"href":"https:\/\/www1.unicap.br\/assecom1\/wp-json\/wp\/v2\/posts\/39806\/revisions\/39966"}],"wp:attachment":[{"href":"https:\/\/www1.unicap.br\/assecom1\/wp-json\/wp\/v2\/media?parent=39806"}],"wp:term":[{"taxonomy":"category","embeddable":true,"href":"https:\/\/www1.unicap.br\/assecom1\/wp-json\/wp\/v2\/categories?post=39806"},{"taxonomy":"post_tag","embeddable":true,"href":"https:\/\/www1.unicap.br\/assecom1\/wp-json\/wp\/v2\/tags?post=39806"}],"curies":[{"name":"wp","href":"https:\/\/api.w.org\/{rel}","templated":true}]}}