{"id":39628,"date":"2013-06-06T00:15:39","date_gmt":"2013-06-06T00:15:39","guid":{"rendered":"http:\/\/www.unicap.br\/assecom1\/?p=39628"},"modified":"2013-06-06T00:25:10","modified_gmt":"2013-06-06T00:25:10","slug":"reitor-participa-das-comemoracoes-pelos-125-anos-da-universidade-catolica-do-chile","status":"publish","type":"post","link":"https:\/\/www1.unicap.br\/assecom1\/reitor-participa-das-comemoracoes-pelos-125-anos-da-universidade-catolica-do-chile\/","title":{"rendered":"Reitor participa das comemora\u00e7\u00f5es pelos 125 anos da Universidade Cat\u00f3lica do Chile"},"content":{"rendered":"<p>O Reitor da Universidade Cat\u00f3lica de Pernambuco e presidente da Federa\u00e7\u00e3o Internacional das Universidades Cat\u00f3licas (Fiuc), Padre Pedro Rubens, embarcou nesta quarta-feira (5) para Santiago, onde participar\u00e1 das comemora\u00e7\u00f5es dos 125 anos da Pontif\u00edcia Universidade Cat\u00f3lica do Chile, a mais antiga da Am\u00e9rica Latina.<\/p>\n<p>Durante solenidade, Padre Pedro entregar\u00e1 \u00e0 PUC do Chile a Medalha Ex Corde Ecclesiae, a mais alta comenda da Fiuc. A cerim\u00f4nia contar\u00e1 com<br \/>\na participa\u00e7\u00e3o do Prefeito da Educa\u00e7\u00e3o Cat\u00f3lica, Cardeal Z. Groscholewsck.<\/p>\n<p>A PUC do Chile foi fundada em 21 de junho de 1888, mediante um decreto do Arcebispo de Santiago. Seu primeiro reitor foi Joaqu\u00edn Larra\u00edn Gandarillas.<\/p>\n","protected":false},"excerpt":{"rendered":"<p>O Reitor da Universidade Cat\u00f3lica de Pernambuco e presidente da Federa\u00e7\u00e3o Internacional das Universidades Cat\u00f3licas (Fiuc), Padre Pedro Rubens, embarcou nesta quarta-feira (5) para Santiago, onde participar\u00e1 das comemora\u00e7\u00f5es dos 125 anos da Pontif\u00edcia Universidade Cat\u00f3lica do Chile, a mais antiga da Am\u00e9rica Latina. Durante solenidade, Padre Pedro entregar\u00e1 \u00e0 PUC do Chile a Medalha [&hellip;]<\/p>\n","protected":false},"author":2,"featured_media":0,"comment_status":"open","ping_status":"open","sticky":false,"template":"","format":"standard","meta":[],"categories":[4],"tags":[],"jetpack-related-posts":[],"_links":{"self":[{"href":"https:\/\/www1.unicap.br\/assecom1\/wp-json\/wp\/v2\/posts\/39628"}],"collection":[{"href":"https:\/\/www1.unicap.br\/assecom1\/wp-json\/wp\/v2\/posts"}],"about":[{"href":"https:\/\/www1.unicap.br\/assecom1\/wp-json\/wp\/v2\/types\/post"}],"author":[{"embeddable":true,"href":"https:\/\/www1.unicap.br\/assecom1\/wp-json\/wp\/v2\/users\/2"}],"replies":[{"embeddable":true,"href":"https:\/\/www1.unicap.br\/assecom1\/wp-json\/wp\/v2\/comments?post=39628"}],"version-history":[{"count":3,"href":"https:\/\/www1.unicap.br\/assecom1\/wp-json\/wp\/v2\/posts\/39628\/revisions"}],"predecessor-version":[{"id":39631,"href":"https:\/\/www1.unicap.br\/assecom1\/wp-json\/wp\/v2\/posts\/39628\/revisions\/39631"}],"wp:attachment":[{"href":"https:\/\/www1.unicap.br\/assecom1\/wp-json\/wp\/v2\/media?parent=39628"}],"wp:term":[{"taxonomy":"category","embeddable":true,"href":"https:\/\/www1.unicap.br\/assecom1\/wp-json\/wp\/v2\/categories?post=39628"},{"taxonomy":"post_tag","embeddable":true,"href":"https:\/\/www1.unicap.br\/assecom1\/wp-json\/wp\/v2\/tags?post=39628"}],"curies":[{"name":"wp","href":"https:\/\/api.w.org\/{rel}","templated":true}]}}