{"id":39451,"date":"2013-05-30T14:13:55","date_gmt":"2013-05-30T14:13:55","guid":{"rendered":"http:\/\/www.unicap.br\/assecom1\/?p=39451"},"modified":"2013-05-31T11:38:08","modified_gmt":"2013-05-31T11:38:08","slug":"tenor-faz-recital-primoroso-na-unicap","status":"publish","type":"post","link":"https:\/\/www1.unicap.br\/assecom1\/tenor-faz-recital-primoroso-na-unicap\/","title":{"rendered":"Tenor Sealtiel Maciel faz recital primoroso na Unicap"},"content":{"rendered":"<p><img data-attachment-id=\"39474\" data-permalink=\"https:\/\/www1.unicap.br\/assecom1\/tenor-faz-recital-primoroso-na-unicap\/recital-solistico6\/\" data-orig-file=\"https:\/\/i0.wp.com\/www1.unicap.br\/assecom1\/wp-content\/uploads\/2013\/05\/recital-solistico6-e1370000175252.jpg?fit=475%2C483&amp;ssl=1\" data-orig-size=\"475,483\" data-comments-opened=\"1\" data-image-meta=\"{&quot;aperture&quot;:&quot;2.8&quot;,&quot;credit&quot;:&quot;&quot;,&quot;camera&quot;:&quot;iPhone 4&quot;,&quot;caption&quot;:&quot;&quot;,&quot;created_timestamp&quot;:&quot;1369860590&quot;,&quot;copyright&quot;:&quot;&quot;,&quot;focal_length&quot;:&quot;3.85&quot;,&quot;iso&quot;:&quot;320&quot;,&quot;shutter_speed&quot;:&quot;0.066666666666667&quot;,&quot;title&quot;:&quot;&quot;}\" data-image-title=\"Recital Sol\u00edstico \" data-image-description=\"\" data-medium-file=\"https:\/\/i0.wp.com\/www1.unicap.br\/assecom1\/wp-content\/uploads\/2013\/05\/recital-solistico6-e1370000175252.jpg?fit=295%2C300&amp;ssl=1\" data-large-file=\"https:\/\/i0.wp.com\/www1.unicap.br\/assecom1\/wp-content\/uploads\/2013\/05\/recital-solistico6-e1370000175252.jpg?fit=475%2C483&amp;ssl=1\" loading=\"lazy\" class=\"alignnone size-full wp-image-39474\" alt=\"Recital Sol\u00edstico \" src=\"https:\/\/i0.wp.com\/www1.unicap.br\/assecom1\/wp-content\/uploads\/2013\/05\/recital-solistico6-e1370000175252.jpg?resize=475%2C483&#038;ssl=1\" srcset=\"https:\/\/i0.wp.com\/www1.unicap.br\/assecom1\/wp-content\/uploads\/2013\/05\/recital-solistico6-e1370000175252.jpg?w=475&amp;ssl=1 475w, https:\/\/i0.wp.com\/www1.unicap.br\/assecom1\/wp-content\/uploads\/2013\/05\/recital-solistico6-e1370000175252.jpg?resize=295%2C300&amp;ssl=1 295w\" sizes=\"(max-width: 475px) 100vw, 475px\" data-recalc-dims=\"1\" \/><\/p>\n<p>Visceral. Foi assim a apresenta\u00e7\u00e3o do tenor Sealtiel Sergio Maciel na noite desta quarta-feira (29), no Centro Cultural Padre Francisco Tavares de Bragan\u00e7a, na Universidade Cat\u00f3lica de Pernambuco.\u00a0 O Recital Sol\u00edstico, que contou com a participa\u00e7\u00e3o do pianista Alison Queiroz, foi dedicado pelo tenor ao Irm\u00e3o Lindbergh Pires, regente do Madrigal Marlos Nobre, seu professor e maior incentivador.<\/p>\n<p><img data-attachment-id=\"39475\" data-permalink=\"https:\/\/www1.unicap.br\/assecom1\/tenor-faz-recital-primoroso-na-unicap\/recital-solistico-5\/\" data-orig-file=\"https:\/\/i0.wp.com\/www1.unicap.br\/assecom1\/wp-content\/uploads\/2013\/05\/recital-solistico-5.jpg?fit=478%2C640&amp;ssl=1\" data-orig-size=\"478,640\" data-comments-opened=\"1\" data-image-meta=\"{&quot;aperture&quot;:&quot;2.8&quot;,&quot;credit&quot;:&quot;&quot;,&quot;camera&quot;:&quot;iPhone 4&quot;,&quot;caption&quot;:&quot;&quot;,&quot;created_timestamp&quot;:&quot;1369861169&quot;,&quot;copyright&quot;:&quot;&quot;,&quot;focal_length&quot;:&quot;3.85&quot;,&quot;iso&quot;:&quot;250&quot;,&quot;shutter_speed&quot;:&quot;0.066666666666667&quot;,&quot;title&quot;:&quot;&quot;}\" data-image-title=\"Recital Sol\u00edstico \" data-image-description=\"\" data-medium-file=\"https:\/\/i0.wp.com\/www1.unicap.br\/assecom1\/wp-content\/uploads\/2013\/05\/recital-solistico-5.jpg?fit=224%2C300&amp;ssl=1\" data-large-file=\"https:\/\/i0.wp.com\/www1.unicap.br\/assecom1\/wp-content\/uploads\/2013\/05\/recital-solistico-5.jpg?fit=478%2C640&amp;ssl=1\" loading=\"lazy\" class=\"alignright size-medium wp-image-39475\" alt=\"Recital Sol\u00edstico \" src=\"https:\/\/i0.wp.com\/www1.unicap.br\/assecom1\/wp-content\/uploads\/2013\/05\/recital-solistico-5.jpg?resize=224%2C300&#038;ssl=1\" srcset=\"https:\/\/i0.wp.com\/www1.unicap.br\/assecom1\/wp-content\/uploads\/2013\/05\/recital-solistico-5.jpg?resize=224%2C300&amp;ssl=1 224w, https:\/\/i0.wp.com\/www1.unicap.br\/assecom1\/wp-content\/uploads\/2013\/05\/recital-solistico-5.jpg?w=478&amp;ssl=1 478w\" sizes=\"(max-width: 224px) 100vw, 224px\" data-recalc-dims=\"1\" \/>Cantando com a alma, Sealtiel foi ovacionado pelo p\u00fablico presente ao final do recital, que foi dividido em tr\u00eas partes. A primeira, com as m\u00fasicas &#8220;Fiz da vida uma can\u00e7\u00e3o, de Waldemar Henrique; &#8220;Trovas&#8221;, de Alberto Nepomuceno; &#8220;Evoca\u00e7\u00e3o&#8221;, de Heitor Villa-Lobos; e &#8220;Retrato&#8221;, de Ronaldo Miranda. Ap\u00f3s breve intervalo, o tenor voltou para a segunda parte, na qual foram apresentadas as can\u00e7\u00f5es &#8220;Laschia ch&#8217;io peanga&#8221;, de G.F. Handel; &#8220;Amarilli mia bella&#8221;, de Giulio Caccini; e &#8220;Cara sposa&#8221;, tamb\u00e9m de Handel. A \u00faltima parte do recital foi dedicada \u00e0s \u00e1rias: &#8220;E Lucevan le stelle&#8221;, da \u00d3pera Tosca, de Puccini; &#8220;Che la mi credda&#8221;, da \u00d3pera La Fanciulla del Weste, tamb\u00e9m de Puccini; &#8220;Vesti la Giubba&#8221;, da \u00d3pera Pagliacci, de Leon Cavall; e para encerrar &#8220;Dein ist mein Ganzes Hertz&#8221;, da Opereta Das Land de L\u00e4chens, de Franz Leh\u00e1r.<\/p>\n<p><img data-attachment-id=\"39476\" data-permalink=\"https:\/\/www1.unicap.br\/assecom1\/tenor-faz-recital-primoroso-na-unicap\/recitalsolicistico8\/\" data-orig-file=\"https:\/\/i1.wp.com\/www1.unicap.br\/assecom1\/wp-content\/uploads\/2013\/05\/recitalsolicistico8-e1370000216555.jpg?fit=472%2C366&amp;ssl=1\" data-orig-size=\"472,366\" data-comments-opened=\"1\" data-image-meta=\"{&quot;aperture&quot;:&quot;2.8&quot;,&quot;credit&quot;:&quot;&quot;,&quot;camera&quot;:&quot;iPhone 4&quot;,&quot;caption&quot;:&quot;&quot;,&quot;created_timestamp&quot;:&quot;1369862332&quot;,&quot;copyright&quot;:&quot;&quot;,&quot;focal_length&quot;:&quot;3.85&quot;,&quot;iso&quot;:&quot;400&quot;,&quot;shutter_speed&quot;:&quot;0.066666666666667&quot;,&quot;title&quot;:&quot;&quot;}\" data-image-title=\"Recital Sol\u00edstico \" data-image-description=\"\" data-medium-file=\"https:\/\/i1.wp.com\/www1.unicap.br\/assecom1\/wp-content\/uploads\/2013\/05\/recitalsolicistico8-e1370000216555.jpg?fit=300%2C232&amp;ssl=1\" data-large-file=\"https:\/\/i1.wp.com\/www1.unicap.br\/assecom1\/wp-content\/uploads\/2013\/05\/recitalsolicistico8-e1370000216555.jpg?fit=472%2C366&amp;ssl=1\" loading=\"lazy\" class=\"alignleft size-medium wp-image-39476\" alt=\"Recital Sol\u00edstico \" src=\"https:\/\/i1.wp.com\/www1.unicap.br\/assecom1\/wp-content\/uploads\/2013\/05\/recitalsolicistico8-e1370000216555-300x232.jpg?resize=300%2C232&#038;ssl=1\" srcset=\"https:\/\/i1.wp.com\/www1.unicap.br\/assecom1\/wp-content\/uploads\/2013\/05\/recitalsolicistico8-e1370000216555.jpg?resize=300%2C232&amp;ssl=1 300w, https:\/\/i1.wp.com\/www1.unicap.br\/assecom1\/wp-content\/uploads\/2013\/05\/recitalsolicistico8-e1370000216555.jpg?w=472&amp;ssl=1 472w\" sizes=\"(max-width: 300px) 100vw, 300px\" data-recalc-dims=\"1\" \/>Aplaudido de p\u00e9, o tenor recebeu um buqu\u00ea de rosas e, muito emocionado, agradeceu a presen\u00e7a do Reitor da Unicap, Padre Pedro Rubens, de seus familiares, alunos e amigos, do pianista Alison Queiroz, que o acompanhou durante toda a apresenta\u00e7\u00e3o, do\u00a0 assessor cultural da Unicap, L\u00e9o Tabosa, e, muito especialmente, do Irm\u00e3o Lindbergh Pires, por tudo que o ensinou, pelas oportunidades que lhe deu e pelos caminhos que lhe abriu. Nessa hora, mestre e pupilo se abra\u00e7aram sob forte emo\u00e7\u00e3o.<\/p>\n<p>O recital, que teve produ\u00e7\u00e3o executiva de L\u00e9o Tabosa, foi realizado com incentivo do Funcultura.<\/p>\n<p><strong>Saiba mais sobre Sealtiel Sergio Maciel<\/strong><\/p>\n<p>Natural de S\u00e3o Paulo, iniciou seus estudos de m\u00fasica ainda no Sudeste do pa\u00eds, por incentivo dosseus pais, que eram m\u00fasicos amadores. O pai era regente de coral de igreja e a m\u00e3e sanfonista. Chegando em Pernambuco, entrou na escola de m\u00fasica Professor Policarpo Lira (Maninho) e, em seguida, no Centro de M\u00fasica de Paulista, onde come\u00e7ou a estudar canto com a profesora Noemi Fran\u00e7a. Ap\u00f3s alguns anos nessa escola, foi estudar no Semin\u00e1rio teol\u00f3gico Batista do Norte do Brasil, no curso de Bacharelado em M\u00fasica com especialidade em canto, tendo como professora Elizete Galv\u00e3o.<\/p>\n<p>Participou como solista do Orat\u00f3rio Elias de Mendelsson e, no mesmo ano, participou da \u00d3pera Carmen de Bizet. Ingressou no Madrigal Marlos Nobre, da Universidade Cat\u00f3lica de Pernambuco, em 2008, onde come\u00e7ou a ter aula individual de canto com o professor Lindbergh Pires. Nestes cinco anos no madrigal, tem participado de v\u00e1rios obras, como Johannes Brahms &#8211; In Concert, Antonio Vivaldi &#8211; In Concert, Stabat Mater, Requiem em C menor &#8211; Luigi Cherubini, Requiem Op.48 Gabriel Faur\u00e9, Magnificat e Gl\u00f3ria &#8211; Antonio Vivaldi, Un Viaggio per il Mondo Dell&#8217;Opera &#8211; 2012 e nas \u00f3peras Morcego, Cavalaria Rusticana, Don Giovanni, a Faluta M\u00e1gica, Carmina Burana e Te Deum.<\/p>\n<p>&nbsp;<\/p>\n","protected":false},"excerpt":{"rendered":"<p>Visceral. Foi assim a apresenta\u00e7\u00e3o do tenor Sealtiel Sergio Maciel na noite desta quarta-feira (29), no Centro Cultural Padre Francisco Tavares de Bragan\u00e7a, na Universidade Cat\u00f3lica de Pernambuco.\u00a0 O Recital Sol\u00edstico, que contou com a participa\u00e7\u00e3o do pianista Alison Queiroz, foi dedicado pelo tenor ao Irm\u00e3o Lindbergh Pires, regente do Madrigal Marlos Nobre, seu professor [&hellip;]<\/p>\n","protected":false},"author":2,"featured_media":0,"comment_status":"open","ping_status":"open","sticky":false,"template":"","format":"standard","meta":[],"categories":[4],"tags":[],"jetpack-related-posts":[],"_links":{"self":[{"href":"https:\/\/www1.unicap.br\/assecom1\/wp-json\/wp\/v2\/posts\/39451"}],"collection":[{"href":"https:\/\/www1.unicap.br\/assecom1\/wp-json\/wp\/v2\/posts"}],"about":[{"href":"https:\/\/www1.unicap.br\/assecom1\/wp-json\/wp\/v2\/types\/post"}],"author":[{"embeddable":true,"href":"https:\/\/www1.unicap.br\/assecom1\/wp-json\/wp\/v2\/users\/2"}],"replies":[{"embeddable":true,"href":"https:\/\/www1.unicap.br\/assecom1\/wp-json\/wp\/v2\/comments?post=39451"}],"version-history":[{"count":9,"href":"https:\/\/www1.unicap.br\/assecom1\/wp-json\/wp\/v2\/posts\/39451\/revisions"}],"predecessor-version":[{"id":39467,"href":"https:\/\/www1.unicap.br\/assecom1\/wp-json\/wp\/v2\/posts\/39451\/revisions\/39467"}],"wp:attachment":[{"href":"https:\/\/www1.unicap.br\/assecom1\/wp-json\/wp\/v2\/media?parent=39451"}],"wp:term":[{"taxonomy":"category","embeddable":true,"href":"https:\/\/www1.unicap.br\/assecom1\/wp-json\/wp\/v2\/categories?post=39451"},{"taxonomy":"post_tag","embeddable":true,"href":"https:\/\/www1.unicap.br\/assecom1\/wp-json\/wp\/v2\/tags?post=39451"}],"curies":[{"name":"wp","href":"https:\/\/api.w.org\/{rel}","templated":true}]}}