{"id":39447,"date":"2013-05-29T20:40:03","date_gmt":"2013-05-29T20:40:03","guid":{"rendered":"http:\/\/www.unicap.br\/assecom1\/?p=39447"},"modified":"2013-06-06T19:51:42","modified_gmt":"2013-06-06T19:51:42","slug":"pro-reitor-comunitario-da-unicap-lanca-livro-sobre-etica-socioambiental","status":"publish","type":"post","link":"https:\/\/www1.unicap.br\/assecom1\/pro-reitor-comunitario-da-unicap-lanca-livro-sobre-etica-socioambiental\/","title":{"rendered":"Pr\u00f3-reitor Comunit\u00e1rio da Unicap lan\u00e7a livro sobre \u00e9tica socioambiental nesta ter\u00e7a-feira"},"content":{"rendered":"<p><a href=\"https:\/\/i0.wp.com\/www1.unicap.br\/assecom1\/wp-content\/uploads\/2013\/05\/DSCN4005.jpg?ssl=1\"><img data-attachment-id=\"39448\" data-permalink=\"https:\/\/www1.unicap.br\/assecom1\/pro-reitor-comunitario-da-unicap-lanca-livro-sobre-etica-socioambiental\/dscn4005\/\" data-orig-file=\"https:\/\/i0.wp.com\/www1.unicap.br\/assecom1\/wp-content\/uploads\/2013\/05\/DSCN4005.jpg?fit=3264%2C2448&amp;ssl=1\" data-orig-size=\"3264,2448\" data-comments-opened=\"1\" data-image-meta=\"{&quot;aperture&quot;:&quot;3.1&quot;,&quot;credit&quot;:&quot;&quot;,&quot;camera&quot;:&quot;COOLPIX L810&quot;,&quot;caption&quot;:&quot;&quot;,&quot;created_timestamp&quot;:&quot;&quot;,&quot;copyright&quot;:&quot;&quot;,&quot;focal_length&quot;:&quot;4&quot;,&quot;iso&quot;:&quot;80&quot;,&quot;shutter_speed&quot;:&quot;0.004&quot;,&quot;title&quot;:&quot;&quot;}\" data-image-title=\"DSCN4005\" data-image-description=\"\" data-medium-file=\"https:\/\/i0.wp.com\/www1.unicap.br\/assecom1\/wp-content\/uploads\/2013\/05\/DSCN4005.jpg?fit=300%2C225&amp;ssl=1\" data-large-file=\"https:\/\/i0.wp.com\/www1.unicap.br\/assecom1\/wp-content\/uploads\/2013\/05\/DSCN4005.jpg?fit=640%2C480&amp;ssl=1\" loading=\"lazy\" class=\"alignleft size-medium wp-image-39448\" alt=\"DSCN4005\" src=\"https:\/\/i0.wp.com\/www1.unicap.br\/assecom1\/wp-content\/uploads\/2013\/05\/DSCN4005.jpg?resize=300%2C225&#038;ssl=1\" srcset=\"https:\/\/i0.wp.com\/www1.unicap.br\/assecom1\/wp-content\/uploads\/2013\/05\/DSCN4005.jpg?resize=300%2C225&amp;ssl=1 300w, https:\/\/i0.wp.com\/www1.unicap.br\/assecom1\/wp-content\/uploads\/2013\/05\/DSCN4005.jpg?resize=1024%2C768&amp;ssl=1 1024w, https:\/\/i0.wp.com\/www1.unicap.br\/assecom1\/wp-content\/uploads\/2013\/05\/DSCN4005.jpg?w=1280&amp;ssl=1 1280w, https:\/\/i0.wp.com\/www1.unicap.br\/assecom1\/wp-content\/uploads\/2013\/05\/DSCN4005.jpg?w=1920&amp;ssl=1 1920w\" sizes=\"(max-width: 300px) 100vw, 300px\" data-recalc-dims=\"1\" \/><\/a>O Pr\u00f3-reitor comunit\u00e1rio e coordenador do Instituto Humanitas Unicap (IHU), Prof. Dr. Padre L\u00facio Fl\u00e1vio Ribeiro Cirne, ir\u00e1 lan\u00e7ar, nesta ter\u00e7a-feira (4), \u00e0s 17h, no hall da biblioteca da Cat\u00f3lica, o livro\u00a0<i>O Espa\u00e7o da Coexist\u00eancia \u2013 Uma vis\u00e3o interdisciplinar de \u00e9tica socioambiental <\/i>(Edi\u00e7\u00f5es Loyola). A publica\u00e7\u00e3o traz parte de sua tese em Teologia defendida na PUC-RJ. \u201cTrata-se de uma vis\u00e3o interdisciplinar de \u00e9tica ambiental conjugando as perspectivas da Teologia da Cria\u00e7\u00e3o com paradigma ecol\u00f3gico e o conceito geogr\u00e1fico de espa\u00e7o. Nesse estudo, busca-se uma vis\u00e3o integrada e relacional do ser humano e natureza\u201d, explica Padre L\u00facio.<\/p>\n","protected":false},"excerpt":{"rendered":"<p>O Pr\u00f3-reitor comunit\u00e1rio e coordenador do Instituto Humanitas Unicap (IHU), Prof. Dr. Padre L\u00facio Fl\u00e1vio Ribeiro Cirne, ir\u00e1 lan\u00e7ar, nesta ter\u00e7a-feira (4), \u00e0s 17h, no hall da biblioteca da Cat\u00f3lica, o livro\u00a0O Espa\u00e7o da Coexist\u00eancia \u2013 Uma vis\u00e3o interdisciplinar de \u00e9tica socioambiental (Edi\u00e7\u00f5es Loyola). A publica\u00e7\u00e3o traz parte de sua tese em Teologia defendida na [&hellip;]<\/p>\n","protected":false},"author":8,"featured_media":0,"comment_status":"open","ping_status":"open","sticky":false,"template":"","format":"standard","meta":[],"categories":[4],"tags":[],"jetpack-related-posts":[],"_links":{"self":[{"href":"https:\/\/www1.unicap.br\/assecom1\/wp-json\/wp\/v2\/posts\/39447"}],"collection":[{"href":"https:\/\/www1.unicap.br\/assecom1\/wp-json\/wp\/v2\/posts"}],"about":[{"href":"https:\/\/www1.unicap.br\/assecom1\/wp-json\/wp\/v2\/types\/post"}],"author":[{"embeddable":true,"href":"https:\/\/www1.unicap.br\/assecom1\/wp-json\/wp\/v2\/users\/8"}],"replies":[{"embeddable":true,"href":"https:\/\/www1.unicap.br\/assecom1\/wp-json\/wp\/v2\/comments?post=39447"}],"version-history":[{"count":4,"href":"https:\/\/www1.unicap.br\/assecom1\/wp-json\/wp\/v2\/posts\/39447\/revisions"}],"predecessor-version":[{"id":39654,"href":"https:\/\/www1.unicap.br\/assecom1\/wp-json\/wp\/v2\/posts\/39447\/revisions\/39654"}],"wp:attachment":[{"href":"https:\/\/www1.unicap.br\/assecom1\/wp-json\/wp\/v2\/media?parent=39447"}],"wp:term":[{"taxonomy":"category","embeddable":true,"href":"https:\/\/www1.unicap.br\/assecom1\/wp-json\/wp\/v2\/categories?post=39447"},{"taxonomy":"post_tag","embeddable":true,"href":"https:\/\/www1.unicap.br\/assecom1\/wp-json\/wp\/v2\/tags?post=39447"}],"curies":[{"name":"wp","href":"https:\/\/api.w.org\/{rel}","templated":true}]}}