{"id":38719,"date":"2013-05-14T18:04:23","date_gmt":"2013-05-14T18:04:23","guid":{"rendered":"http:\/\/www.unicap.br\/assecom1\/?p=38719"},"modified":"2013-05-14T18:08:57","modified_gmt":"2013-05-14T18:08:57","slug":"o-livro-maracatus-do-recife-novas-consideracoes-sob-o-olhar-do-tempo-foi-lancado-no-auditorio-do-ctch-da-catolica","status":"publish","type":"post","link":"https:\/\/www1.unicap.br\/assecom1\/o-livro-maracatus-do-recife-novas-consideracoes-sob-o-olhar-do-tempo-foi-lancado-no-auditorio-do-ctch-da-catolica\/","title":{"rendered":"O livro \u201cMaracatus do Recife: novas considera\u00e7\u00f5es sob o olhar do tempo\u201d foi lan\u00e7ado no audit\u00f3rio do CTCH da Cat\u00f3lica"},"content":{"rendered":"<figure id=\"attachment_38722\" aria-describedby=\"caption-attachment-38722\" style=\"width: 224px\" class=\"wp-caption aligncenter\"><a href=\"https:\/\/i1.wp.com\/www1.unicap.br\/assecom1\/wp-content\/uploads\/2013\/05\/DSCN3394.jpg?ssl=1\"><img data-attachment-id=\"38722\" data-permalink=\"https:\/\/www1.unicap.br\/assecom1\/o-livro-maracatus-do-recife-novas-consideracoes-sob-o-olhar-do-tempo-foi-lancado-no-auditorio-do-ctch-da-catolica\/dscn3394\/\" data-orig-file=\"https:\/\/i1.wp.com\/www1.unicap.br\/assecom1\/wp-content\/uploads\/2013\/05\/DSCN3394.jpg?fit=1704%2C2272&amp;ssl=1\" data-orig-size=\"1704,2272\" data-comments-opened=\"1\" data-image-meta=\"{&quot;aperture&quot;:&quot;5.7&quot;,&quot;credit&quot;:&quot;&quot;,&quot;camera&quot;:&quot;COOLPIX L810&quot;,&quot;caption&quot;:&quot;&quot;,&quot;created_timestamp&quot;:&quot;&quot;,&quot;copyright&quot;:&quot;&quot;,&quot;focal_length&quot;:&quot;46&quot;,&quot;iso&quot;:&quot;400&quot;,&quot;shutter_speed&quot;:&quot;0.125&quot;,&quot;title&quot;:&quot;&quot;}\" data-image-title=\"DSCN3394\" data-image-description=\"\" data-medium-file=\"https:\/\/i1.wp.com\/www1.unicap.br\/assecom1\/wp-content\/uploads\/2013\/05\/DSCN3394.jpg?fit=224%2C300&amp;ssl=1\" data-large-file=\"https:\/\/i1.wp.com\/www1.unicap.br\/assecom1\/wp-content\/uploads\/2013\/05\/DSCN3394.jpg?fit=640%2C853&amp;ssl=1\" loading=\"lazy\" class=\"size-medium wp-image-38722 \" alt=\"Ivaldo Marciano de Fran\u00e7a Lima\" src=\"https:\/\/i1.wp.com\/www1.unicap.br\/assecom1\/wp-content\/uploads\/2013\/05\/DSCN3394.jpg?resize=224%2C300&#038;ssl=1\" srcset=\"https:\/\/i1.wp.com\/www1.unicap.br\/assecom1\/wp-content\/uploads\/2013\/05\/DSCN3394.jpg?resize=224%2C300&amp;ssl=1 224w, https:\/\/i1.wp.com\/www1.unicap.br\/assecom1\/wp-content\/uploads\/2013\/05\/DSCN3394.jpg?resize=768%2C1024&amp;ssl=1 768w, https:\/\/i1.wp.com\/www1.unicap.br\/assecom1\/wp-content\/uploads\/2013\/05\/DSCN3394.jpg?w=1704&amp;ssl=1 1704w, https:\/\/i1.wp.com\/www1.unicap.br\/assecom1\/wp-content\/uploads\/2013\/05\/DSCN3394.jpg?w=1280&amp;ssl=1 1280w\" sizes=\"(max-width: 224px) 100vw, 224px\" data-recalc-dims=\"1\" \/><\/a><figcaption id=\"caption-attachment-38722\" class=\"wp-caption-text\">Ivaldo Marciano de Fran\u00e7a Lima<\/figcaption><\/figure>\n<p><a href=\"https:\/\/i2.wp.com\/www1.unicap.br\/assecom1\/wp-content\/uploads\/2013\/05\/maracatu-livro.jpg?ssl=1\"><img data-attachment-id=\"38723\" data-permalink=\"https:\/\/www1.unicap.br\/assecom1\/o-livro-maracatus-do-recife-novas-consideracoes-sob-o-olhar-do-tempo-foi-lancado-no-auditorio-do-ctch-da-catolica\/maracatu-livro\/\" data-orig-file=\"https:\/\/i2.wp.com\/www1.unicap.br\/assecom1\/wp-content\/uploads\/2013\/05\/maracatu-livro.jpg?fit=159%2C200&amp;ssl=1\" data-orig-size=\"159,200\" data-comments-opened=\"1\" data-image-meta=\"{&quot;aperture&quot;:&quot;0&quot;,&quot;credit&quot;:&quot;Gilbraz&quot;,&quot;camera&quot;:&quot;&quot;,&quot;caption&quot;:&quot;&quot;,&quot;created_timestamp&quot;:&quot;0&quot;,&quot;copyright&quot;:&quot;&quot;,&quot;focal_length&quot;:&quot;0&quot;,&quot;iso&quot;:&quot;0&quot;,&quot;shutter_speed&quot;:&quot;0&quot;,&quot;title&quot;:&quot;&quot;}\" data-image-title=\"maracatu livro\" data-image-description=\"\" data-medium-file=\"https:\/\/i2.wp.com\/www1.unicap.br\/assecom1\/wp-content\/uploads\/2013\/05\/maracatu-livro.jpg?fit=159%2C200&amp;ssl=1\" data-large-file=\"https:\/\/i2.wp.com\/www1.unicap.br\/assecom1\/wp-content\/uploads\/2013\/05\/maracatu-livro.jpg?fit=159%2C200&amp;ssl=1\" loading=\"lazy\" class=\" wp-image-38723 alignleft\" alt=\"maracatu livro\" src=\"https:\/\/i2.wp.com\/www1.unicap.br\/assecom1\/wp-content\/uploads\/2013\/05\/maracatu-livro.jpg?resize=118%2C150&#038;ssl=1\" srcset=\"https:\/\/i2.wp.com\/www1.unicap.br\/assecom1\/wp-content\/uploads\/2013\/05\/maracatu-livro.jpg?zoom=2&amp;resize=118%2C150&amp;ssl=1 236w, https:\/\/i2.wp.com\/www1.unicap.br\/assecom1\/wp-content\/uploads\/2013\/05\/maracatu-livro.jpg?zoom=3&amp;resize=118%2C150&amp;ssl=1 354w\" sizes=\"(max-width: 118px) 100vw, 118px\" data-recalc-dims=\"1\" \/><\/a>O livro \u201cMaracatus do Recife: novas considera\u00e7\u00f5es sob o olhar do tempo\u201d, do historiador Ivaldo Marciano de Fran\u00e7a Lima, foi lan\u00e7ado na tarde desta segunda-feira(13), no audit\u00f3rio do CTCH da Universidade Cat\u00f3lica de Pernambuco. A obra traz olhares de diferentes \u00e1reas do conhecimento sobre a trajet\u00f3ria de um dos movimentos culturais mais caracter\u00edsticos da nossa regi\u00e3o, o Maracatu.<\/p>\n<p>O estudo publicado por Ivaldo, aborda a hist\u00f3ria recente dos maracatus da cidade do Recife, movimentos que romperam com as dificuldades do tempo e se firmaram na cultura nordestina, como uma das institui\u00e7\u00f5es mais antigas da regi\u00e3o. Ivaldo discorre sobre os processos de mudan\u00e7as verificados desde o s\u00e9culo XX e a a\u00e7\u00e3o atuante no \u00e2mbito pol\u00edtico dos maracatuzeiros.<\/p>\n<p>Por muito tempo o maracatu era estudado apenas pelos folcloristas, que buscavam analisar as prim\u00edcias do costume em suas pr\u00e1ticas africanas. <a href=\"https:\/\/i2.wp.com\/www1.unicap.br\/assecom1\/wp-content\/uploads\/2013\/05\/DSCN3399.jpg?ssl=1\"><img data-attachment-id=\"38724\" data-permalink=\"https:\/\/www1.unicap.br\/assecom1\/o-livro-maracatus-do-recife-novas-consideracoes-sob-o-olhar-do-tempo-foi-lancado-no-auditorio-do-ctch-da-catolica\/dscn3399\/\" data-orig-file=\"https:\/\/i2.wp.com\/www1.unicap.br\/assecom1\/wp-content\/uploads\/2013\/05\/DSCN3399.jpg?fit=2272%2C1704&amp;ssl=1\" data-orig-size=\"2272,1704\" data-comments-opened=\"1\" data-image-meta=\"{&quot;aperture&quot;:&quot;4&quot;,&quot;credit&quot;:&quot;&quot;,&quot;camera&quot;:&quot;COOLPIX L810&quot;,&quot;caption&quot;:&quot;&quot;,&quot;created_timestamp&quot;:&quot;&quot;,&quot;copyright&quot;:&quot;&quot;,&quot;focal_length&quot;:&quot;10.5&quot;,&quot;iso&quot;:&quot;400&quot;,&quot;shutter_speed&quot;:&quot;0.066666666666667&quot;,&quot;title&quot;:&quot;&quot;}\" data-image-title=\"DSCN3399\" data-image-description=\"\" data-medium-file=\"https:\/\/i2.wp.com\/www1.unicap.br\/assecom1\/wp-content\/uploads\/2013\/05\/DSCN3399.jpg?fit=300%2C224&amp;ssl=1\" data-large-file=\"https:\/\/i2.wp.com\/www1.unicap.br\/assecom1\/wp-content\/uploads\/2013\/05\/DSCN3399.jpg?fit=640%2C480&amp;ssl=1\" loading=\"lazy\" class=\" wp-image-38724 alignright\" alt=\"DSCN3399\" src=\"https:\/\/i2.wp.com\/www1.unicap.br\/assecom1\/wp-content\/uploads\/2013\/05\/DSCN3399.jpg?resize=180%2C134&#038;ssl=1\" srcset=\"https:\/\/i2.wp.com\/www1.unicap.br\/assecom1\/wp-content\/uploads\/2013\/05\/DSCN3399.jpg?resize=300%2C224&amp;ssl=1 300w, https:\/\/i2.wp.com\/www1.unicap.br\/assecom1\/wp-content\/uploads\/2013\/05\/DSCN3399.jpg?resize=1024%2C768&amp;ssl=1 1024w, https:\/\/i2.wp.com\/www1.unicap.br\/assecom1\/wp-content\/uploads\/2013\/05\/DSCN3399.jpg?w=1280&amp;ssl=1 1280w, https:\/\/i2.wp.com\/www1.unicap.br\/assecom1\/wp-content\/uploads\/2013\/05\/DSCN3399.jpg?w=1920&amp;ssl=1 1920w\" sizes=\"(max-width: 180px) 100vw, 180px\" data-recalc-dims=\"1\" \/><\/a>Olhando, portanto, como sobreviv\u00eancia folcl\u00f3rica, os maracatuzeiros eram apenas os mantenedores de tradi\u00e7\u00f5es cujas caracter\u00edsticas se perdiam com o caminhar do tempo. Diversas vis\u00f5es est\u00e3o prestigiadas no livro do historiador, como a de antrop\u00f3logos, folcloristas,\u00a0 militantes e dos movimentos negros, tornando um documento plural e valioso para a compreens\u00e3o do maracatu.<\/p>\n<p><strong>IVALDO MARCIANO<\/strong> \u2013 Recifense de \u00c1gua Fria, desde pequeno conviveu com batuques dos xang\u00f4s, juremas e maracatus que marcam a cultura dessa regi\u00e3o. Possui gradua\u00e7\u00e3o em Hist\u00f3ria pela Universidade Federal de Pernambuco, licenciatura (2002), e bacharelado (2003); mestrado em Hist\u00f3ria pela Universidade Federal de Pernambuco (2006) e doutorado pela Universidade Federal Fluminense (2010). Atualmente, \u00e9 professor da Universidade Estadual da Bahia (Uneb).<\/p>\n","protected":false},"excerpt":{"rendered":"<p>O livro \u201cMaracatus do Recife: novas considera\u00e7\u00f5es sob o olhar do tempo\u201d, do historiador Ivaldo Marciano de Fran\u00e7a Lima, foi lan\u00e7ado na tarde desta segunda-feira(13), no audit\u00f3rio do CTCH da Universidade Cat\u00f3lica de Pernambuco. A obra traz olhares de diferentes \u00e1reas do conhecimento sobre a trajet\u00f3ria de um dos movimentos culturais mais caracter\u00edsticos da nossa [&hellip;]<\/p>\n","protected":false},"author":50,"featured_media":0,"comment_status":"open","ping_status":"open","sticky":false,"template":"","format":"standard","meta":[],"categories":[4],"tags":[],"jetpack-related-posts":[],"_links":{"self":[{"href":"https:\/\/www1.unicap.br\/assecom1\/wp-json\/wp\/v2\/posts\/38719"}],"collection":[{"href":"https:\/\/www1.unicap.br\/assecom1\/wp-json\/wp\/v2\/posts"}],"about":[{"href":"https:\/\/www1.unicap.br\/assecom1\/wp-json\/wp\/v2\/types\/post"}],"author":[{"embeddable":true,"href":"https:\/\/www1.unicap.br\/assecom1\/wp-json\/wp\/v2\/users\/50"}],"replies":[{"embeddable":true,"href":"https:\/\/www1.unicap.br\/assecom1\/wp-json\/wp\/v2\/comments?post=38719"}],"version-history":[{"count":16,"href":"https:\/\/www1.unicap.br\/assecom1\/wp-json\/wp\/v2\/posts\/38719\/revisions"}],"predecessor-version":[{"id":38738,"href":"https:\/\/www1.unicap.br\/assecom1\/wp-json\/wp\/v2\/posts\/38719\/revisions\/38738"}],"wp:attachment":[{"href":"https:\/\/www1.unicap.br\/assecom1\/wp-json\/wp\/v2\/media?parent=38719"}],"wp:term":[{"taxonomy":"category","embeddable":true,"href":"https:\/\/www1.unicap.br\/assecom1\/wp-json\/wp\/v2\/categories?post=38719"},{"taxonomy":"post_tag","embeddable":true,"href":"https:\/\/www1.unicap.br\/assecom1\/wp-json\/wp\/v2\/tags?post=38719"}],"curies":[{"name":"wp","href":"https:\/\/api.w.org\/{rel}","templated":true}]}}