{"id":38691,"date":"2013-05-14T15:19:19","date_gmt":"2013-05-14T15:19:19","guid":{"rendered":"http:\/\/www.unicap.br\/assecom1\/?p=38691"},"modified":"2013-05-15T01:11:11","modified_gmt":"2013-05-15T01:11:11","slug":"charles-taylor-faz-conferencia-na-catolica-sobre-politicas-de-reconhecimento","status":"publish","type":"post","link":"https:\/\/www1.unicap.br\/assecom1\/charles-taylor-faz-conferencia-na-catolica-sobre-politicas-de-reconhecimento\/","title":{"rendered":"Charles Taylor faz confer\u00eancia na Cat\u00f3lica sobre &#8220;Pol\u00edticas de reconhecimento&#8221;"},"content":{"rendered":"<p><img data-attachment-id=\"38785\" data-permalink=\"https:\/\/www1.unicap.br\/assecom1\/charles-taylor-faz-conferencia-na-catolica-sobre-politicas-de-reconhecimento\/img_4792_\/\" data-orig-file=\"https:\/\/i2.wp.com\/www1.unicap.br\/assecom1\/wp-content\/uploads\/2013\/05\/IMG_4792_.jpg?fit=600%2C448&amp;ssl=1\" data-orig-size=\"600,448\" data-comments-opened=\"1\" data-image-meta=\"{&quot;aperture&quot;:&quot;0&quot;,&quot;credit&quot;:&quot;&quot;,&quot;camera&quot;:&quot;&quot;,&quot;caption&quot;:&quot;&quot;,&quot;created_timestamp&quot;:&quot;0&quot;,&quot;copyright&quot;:&quot;&quot;,&quot;focal_length&quot;:&quot;0&quot;,&quot;iso&quot;:&quot;0&quot;,&quot;shutter_speed&quot;:&quot;0&quot;,&quot;title&quot;:&quot;&quot;}\" data-image-title=\"Charles Taylor\" data-image-description=\"\" data-medium-file=\"https:\/\/i2.wp.com\/www1.unicap.br\/assecom1\/wp-content\/uploads\/2013\/05\/IMG_4792_.jpg?fit=300%2C224&amp;ssl=1\" data-large-file=\"https:\/\/i2.wp.com\/www1.unicap.br\/assecom1\/wp-content\/uploads\/2013\/05\/IMG_4792_.jpg?fit=600%2C448&amp;ssl=1\" loading=\"lazy\" class=\"alignnone size-full wp-image-38785\" alt=\"Charles Taylor\" src=\"https:\/\/i2.wp.com\/www1.unicap.br\/assecom1\/wp-content\/uploads\/2013\/05\/IMG_4792_.jpg?resize=600%2C448&#038;ssl=1\" srcset=\"https:\/\/i2.wp.com\/www1.unicap.br\/assecom1\/wp-content\/uploads\/2013\/05\/IMG_4792_.jpg?w=600&amp;ssl=1 600w, https:\/\/i2.wp.com\/www1.unicap.br\/assecom1\/wp-content\/uploads\/2013\/05\/IMG_4792_.jpg?resize=300%2C224&amp;ssl=1 300w\" sizes=\"(max-width: 600px) 100vw, 600px\" data-recalc-dims=\"1\" \/><\/p>\n<p><span style=\"color: #000000;\">Um dos maiores fil\u00f3sofos contempor\u00e2neos, o canadense Charles Taylor, 82 anos, fez na noite desta segunda-feira (13) confer\u00eancia na Universidade Cat\u00f3lica de Pernambuco sobre &#8220;Pol\u00edticas de reconhecimento&#8221;. O professor em\u00e9rito de ci\u00eancia pol\u00edtica e de filosofia da Universit\u00e9 McGill (Montreal) e autor de dezenas de livros traduzidos para mais de 20 l\u00ednguas, teve como debatedores o coordenador do Mestrado em Ci\u00eancia da Religi\u00e3o da Unicap, Gilbraz Arag\u00e3o, e o coordenador do curso de Filosofia, Danilo Vaz.<\/span><\/p>\n<p><span style=\"color: #000000;\">Antes do in\u00edcio da confer\u00eancia, foi exibido um v\u00eddeo, no qual o Reitor da Universidade Cat\u00f3lica de Pernambuco, Padre Pedro Rubens, dava as boas-vindas a Charles Taylor e agradecia ao Instituto Humanitas por ter viabilizado a vinda dele \u00e0 Unicap. Padre Pedro, que \u00e9 presidente da Federa\u00e7\u00e3o Internacional das Universidades Cat\u00f3licas (Fiuc), est\u00e1 em El Salvador participando da Assembleia Geral da Associa\u00e7\u00e3o das Universidades Confiadas \u00e0 Companha de Jesus na Am\u00e9rica Latina (Ausjal). Ele foi representando no evento pelo Pr\u00f3-reitor Comunit\u00e1rio, Padre L\u00facio Fl\u00e1vio Cirne. A presen\u00e7a de Charles Taylor na Cat\u00f3lica faz parte das comemora\u00e7\u00f5es dos 70 anos do curso de Filosofia da institui\u00e7\u00e3o.<\/span><\/p>\n<p><span style=\"color: #000000;\"><img data-attachment-id=\"38786\" data-permalink=\"https:\/\/www1.unicap.br\/assecom1\/charles-taylor-faz-conferencia-na-catolica-sobre-politicas-de-reconhecimento\/img_4773_\/\" data-orig-file=\"https:\/\/i2.wp.com\/www1.unicap.br\/assecom1\/wp-content\/uploads\/2013\/05\/IMG_4773_.jpg?fit=600%2C423&amp;ssl=1\" data-orig-size=\"600,423\" data-comments-opened=\"1\" data-image-meta=\"{&quot;aperture&quot;:&quot;0&quot;,&quot;credit&quot;:&quot;&quot;,&quot;camera&quot;:&quot;&quot;,&quot;caption&quot;:&quot;&quot;,&quot;created_timestamp&quot;:&quot;0&quot;,&quot;copyright&quot;:&quot;&quot;,&quot;focal_length&quot;:&quot;0&quot;,&quot;iso&quot;:&quot;0&quot;,&quot;shutter_speed&quot;:&quot;0&quot;,&quot;title&quot;:&quot;&quot;}\" data-image-title=\"Charles Taylor\" data-image-description=\"\" data-medium-file=\"https:\/\/i2.wp.com\/www1.unicap.br\/assecom1\/wp-content\/uploads\/2013\/05\/IMG_4773_.jpg?fit=300%2C211&amp;ssl=1\" data-large-file=\"https:\/\/i2.wp.com\/www1.unicap.br\/assecom1\/wp-content\/uploads\/2013\/05\/IMG_4773_.jpg?fit=600%2C423&amp;ssl=1\" loading=\"lazy\" class=\"alignleft size-medium wp-image-38786\" alt=\"Charles Taylor\" src=\"https:\/\/i2.wp.com\/www1.unicap.br\/assecom1\/wp-content\/uploads\/2013\/05\/IMG_4773_.jpg?resize=300%2C211&#038;ssl=1\" srcset=\"https:\/\/i2.wp.com\/www1.unicap.br\/assecom1\/wp-content\/uploads\/2013\/05\/IMG_4773_.jpg?resize=300%2C211&amp;ssl=1 300w, https:\/\/i2.wp.com\/www1.unicap.br\/assecom1\/wp-content\/uploads\/2013\/05\/IMG_4773_.jpg?w=600&amp;ssl=1 600w\" sizes=\"(max-width: 300px) 100vw, 300px\" data-recalc-dims=\"1\" \/>Falando em franc\u00eas, com tradu\u00e7\u00e3o do professor do curso de Filosofia da UFPE \u00c9rico Andrade, Taylor centrou a sua apresenta\u00e7\u00e3o em dois paradigmas que caracterizam a igualdade: 1\u00ba) A igualdade implica a homogeneiza\u00e7\u00e3o social. Como exemplo, ele citou a Revolu\u00e7\u00e3o Francesa, que acabou com o privil\u00e9gio da nobreza e procurou tornar iguais os cidad\u00e3os, do ponto de vista social e econ\u00f4mico. 2\u00ba)A igualdade deve implicar o reconhecimento das diferentes culturas e perspectivas e n\u00e3o a uniformiza\u00e7\u00e3o. Para Taylor,\u00a0 o ideal seria um &#8220;mix&#8221; desses dois paradigmas, cuja validade \u00e9 tentada empiricamente em v\u00e1rios contextos.<\/span><\/p>\n<p><span style=\"color: #000000;\">Taylor considera fundamental que as democracias se abram \u00e0 quest\u00e3o das diferen\u00e7as e n\u00e3o se fechem aos imigrantes porque t\u00eam distintas culturas, distintas religi\u00f5es. Segundo o conferencista, h\u00e1 hoje no Canad\u00e1, particularmente no Quebec lutas tremendas sobre as diferen\u00e7as religiosas, sobretudo com os mu\u00e7ulmanos. Na Europa e Am\u00e9rica do Norte, de acordo com ele, h\u00e1 movimentos perigosos de islamofobia, que deve ser combatida. \u201cNas democracias modernas devemos trabalhar constantemente sobre esse tipo de exclus\u00e3o\u201d, enfatizou.<\/span><\/p>\n<p><span style=\"color: #000000;\"><img data-attachment-id=\"38783\" data-permalink=\"https:\/\/www1.unicap.br\/assecom1\/charles-taylor-faz-conferencia-na-catolica-sobre-politicas-de-reconhecimento\/img_4766_\/\" data-orig-file=\"https:\/\/i1.wp.com\/www1.unicap.br\/assecom1\/wp-content\/uploads\/2013\/05\/IMG_4766_.jpg?fit=600%2C671&amp;ssl=1\" data-orig-size=\"600,671\" data-comments-opened=\"1\" data-image-meta=\"{&quot;aperture&quot;:&quot;0&quot;,&quot;credit&quot;:&quot;&quot;,&quot;camera&quot;:&quot;&quot;,&quot;caption&quot;:&quot;&quot;,&quot;created_timestamp&quot;:&quot;0&quot;,&quot;copyright&quot;:&quot;&quot;,&quot;focal_length&quot;:&quot;0&quot;,&quot;iso&quot;:&quot;0&quot;,&quot;shutter_speed&quot;:&quot;0&quot;,&quot;title&quot;:&quot;&quot;}\" data-image-title=\"Charles Taylor\" data-image-description=\"\" data-medium-file=\"https:\/\/i1.wp.com\/www1.unicap.br\/assecom1\/wp-content\/uploads\/2013\/05\/IMG_4766_.jpg?fit=268%2C300&amp;ssl=1\" data-large-file=\"https:\/\/i1.wp.com\/www1.unicap.br\/assecom1\/wp-content\/uploads\/2013\/05\/IMG_4766_.jpg?fit=600%2C671&amp;ssl=1\" loading=\"lazy\" class=\"alignright size-thumbnail wp-image-38783\" alt=\"Charles Taylor\" src=\"https:\/\/i1.wp.com\/www1.unicap.br\/assecom1\/wp-content\/uploads\/2013\/05\/IMG_4766_.jpg?resize=150%2C150&#038;ssl=1\" srcset=\"https:\/\/i1.wp.com\/www1.unicap.br\/assecom1\/wp-content\/uploads\/2013\/05\/IMG_4766_.jpg?resize=150%2C150&amp;ssl=1 150w, https:\/\/i1.wp.com\/www1.unicap.br\/assecom1\/wp-content\/uploads\/2013\/05\/IMG_4766_.jpg?zoom=2&amp;resize=150%2C150&amp;ssl=1 300w, https:\/\/i1.wp.com\/www1.unicap.br\/assecom1\/wp-content\/uploads\/2013\/05\/IMG_4766_.jpg?zoom=3&amp;resize=150%2C150&amp;ssl=1 450w\" sizes=\"(max-width: 150px) 100vw, 150px\" data-recalc-dims=\"1\" \/>Em sua apresenta\u00e7\u00e3o, Taylor frisou que o feminismo nas sociedades do Hemisf\u00e9rio Norte surgiu para romper com um modo de pensar e agir. Na sua vis\u00e3o, uma das caracter\u00edsticas fundamentais das democracias dessa parte do globo \u00e9 a exist\u00eancia ou, pela primeira vez, a autoasser\u00e7\u00e3o das diversidades. Nesse caso temos o problema de grupos diferentes dentro das sociedades liberais mais amplas, clamando por aceita\u00e7\u00e3o, igualdade e liberdade.<\/span><\/p>\n<p><span style=\"color: #000000;\"><strong>Taylor no Brasil<\/strong><\/span><\/p>\n<p><span style=\"color: #000000;\">Acompanhado da esposa, a historiadora Aube Taylor, o fil\u00f3sofo chegou ao Recife no s\u00e1bado e no mesmo dia fez uma visita a Olinda, ciceroneado pelo coordenador do curso de Filosofia da Unicap, Danilo Vaz. Na verdade, ficou t\u00e3o encantado, que passou o dia todo na Cidade Patrim\u00f4nio da Humanidade. No Alto da S\u00e9, experimentou tapioca pela primeira vez na vida e adorou. Comeu v\u00e1rias. No domingo, ele visitou o Recife Antigo. Esta \u00e9 a primeira vez que Charles Taylor vem ao Brasil. O fil\u00f3sofo chegou ao pa\u00eds para participar de um roteiro de eventos acad\u00eamicos, que teve in\u00edcio no dia 24 de abril, na Unisinos, no Rio Grande do Sul, onde esteve a convite do Instituto Humanitas Unisinos para um ciclo de debates. Antes de chegar ao Recife, passou por Belo Horizonte e Rio de Janeiro.<\/span><\/p>\n<p><span style=\"color: #000000;\">A presen\u00e7a de Charles Taylor no espa\u00e7o acad\u00eamico brasileiro \u00e9 de grande relev\u00e2ncia. O fil\u00f3sofo canadense \u00e9 conhecido pelas suas reflex\u00f5es sobre a pol\u00edtica do reconhecimento, a diferen\u00e7a cultural, a esfera p\u00fablica, a sociedade civil versus o Estado, a ideia de modernidade, a concep\u00e7\u00e3o de identidade, a \u00e9tica da autenticidade, o debate liberal-comunit\u00e1rio e o tema da seculariza\u00e7\u00e3o.Nos debates \u00e9tnico-pol\u00edticos atuais, Taylor \u00e9 relacionado ao comunitarismo, embora sua obra seja transdisciplinar e coloque em di\u00e1logo o pensamento de Wittgenstein, de Austin, de Merleau-Ponty, de Max Weber, de Durkheim, de Tocqueville e da Escola de Frankfurt.<\/span><\/p>\n<p><span style=\"color: #000000;\">Taylor voltou-se nos \u00faltimos tempos para a filosofia da religi\u00e3o, como atestam a sua palestra \u201cA Catholic Modernity\u201d e o seu ensaio \u201cVarieties of Religion Today: William James Revisited&#8221;. No entanto, a sua mais impressionante contribui\u00e7\u00e3o sobre o tema \u00e9 o livro <em>Uma Era Secular<\/em>, que argumenta contra a tese da seculariza\u00e7\u00e3o de Max Weber e Steve Bruce. Para estes, a modernidade cient\u00edfica diminui a influ\u00eancia da religi\u00e3o, mas para Taylor esse fato n\u00e3o se verificou e sim a diversifica\u00e7\u00e3o e o crescimento da religiosidade humana. Na &#8220;Idade Secular&#8221;, \u00e9tica e espiritualidade continuam em pauta, embora por outros caminhos&#8230;<\/span><\/p>\n<p><span style=\"color: #000000;\">Entre os livros de Charles Taylor em l\u00edngua portuguesa, destacam-se : <em>Imagin\u00e1rios sociais modernos<\/em> (Lisboa: Edi\u00e7\u00f5es Texto e Grafia, 2010); <em><a href=\"http:\/\/www.edunisinos.com.br\/lstDetalhaProduto.aspx?pid=182\" target=\"_blank\"><span style=\"color: #000000;\">Uma era secular<\/span><\/a><\/em> (S\u00e3o Leopoldo: Unisinos, 2010); <em>As fontes do self<\/em> (S\u00e3o Paulo: Loyola, 2005).<\/span><\/p>\n<p>&nbsp;<\/p>\n<p><a href=\"https:\/\/i0.wp.com\/www1.unicap.br\/assecom1\/wp-content\/uploads\/2013\/05\/image-9.jpeg?ssl=1\"><img data-attachment-id=\"38768\" data-permalink=\"https:\/\/www1.unicap.br\/assecom1\/charles-taylor-faz-conferencia-na-catolica-sobre-politicas-de-reconhecimento\/image-9\/\" data-orig-file=\"https:\/\/i0.wp.com\/www1.unicap.br\/assecom1\/wp-content\/uploads\/2013\/05\/image-9.jpeg?fit=320%2C240&amp;ssl=1\" data-orig-size=\"320,240\" data-comments-opened=\"1\" data-image-meta=\"{&quot;aperture&quot;:&quot;2.4&quot;,&quot;credit&quot;:&quot;&quot;,&quot;camera&quot;:&quot;iPhone 5&quot;,&quot;caption&quot;:&quot;&quot;,&quot;created_timestamp&quot;:&quot;1368276312&quot;,&quot;copyright&quot;:&quot;&quot;,&quot;focal_length&quot;:&quot;4.13&quot;,&quot;iso&quot;:&quot;50&quot;,&quot;shutter_speed&quot;:&quot;0.00077519379844961&quot;,&quot;title&quot;:&quot;&quot;}\" data-image-title=\"image (9)\" data-image-description=\"\" data-medium-file=\"https:\/\/i0.wp.com\/www1.unicap.br\/assecom1\/wp-content\/uploads\/2013\/05\/image-9.jpeg?fit=300%2C225&amp;ssl=1\" data-large-file=\"https:\/\/i0.wp.com\/www1.unicap.br\/assecom1\/wp-content\/uploads\/2013\/05\/image-9.jpeg?fit=320%2C240&amp;ssl=1\" loading=\"lazy\" class=\"aligncenter size-full wp-image-38768\" alt=\"image (9)\" src=\"https:\/\/i0.wp.com\/www1.unicap.br\/assecom1\/wp-content\/uploads\/2013\/05\/image-9.jpeg?resize=320%2C240&#038;ssl=1\" srcset=\"https:\/\/i0.wp.com\/www1.unicap.br\/assecom1\/wp-content\/uploads\/2013\/05\/image-9.jpeg?w=320&amp;ssl=1 320w, https:\/\/i0.wp.com\/www1.unicap.br\/assecom1\/wp-content\/uploads\/2013\/05\/image-9.jpeg?resize=300%2C225&amp;ssl=1 300w\" sizes=\"(max-width: 320px) 100vw, 320px\" data-recalc-dims=\"1\" \/><\/a> <a href=\"https:\/\/i1.wp.com\/www1.unicap.br\/assecom1\/wp-content\/uploads\/2013\/05\/image.jpeg?ssl=1\"><img data-attachment-id=\"38769\" data-permalink=\"https:\/\/www1.unicap.br\/assecom1\/charles-taylor-faz-conferencia-na-catolica-sobre-politicas-de-reconhecimento\/image-4\/\" data-orig-file=\"https:\/\/i1.wp.com\/www1.unicap.br\/assecom1\/wp-content\/uploads\/2013\/05\/image.jpeg?fit=320%2C240&amp;ssl=1\" data-orig-size=\"320,240\" data-comments-opened=\"1\" data-image-meta=\"{&quot;aperture&quot;:&quot;2.4&quot;,&quot;credit&quot;:&quot;&quot;,&quot;camera&quot;:&quot;iPhone 5&quot;,&quot;caption&quot;:&quot;&quot;,&quot;created_timestamp&quot;:&quot;1368273206&quot;,&quot;copyright&quot;:&quot;&quot;,&quot;focal_length&quot;:&quot;4.13&quot;,&quot;iso&quot;:&quot;50&quot;,&quot;shutter_speed&quot;:&quot;0.0006269592476489&quot;,&quot;title&quot;:&quot;&quot;}\" data-image-title=\"image\" data-image-description=\"\" data-medium-file=\"https:\/\/i1.wp.com\/www1.unicap.br\/assecom1\/wp-content\/uploads\/2013\/05\/image.jpeg?fit=300%2C225&amp;ssl=1\" data-large-file=\"https:\/\/i1.wp.com\/www1.unicap.br\/assecom1\/wp-content\/uploads\/2013\/05\/image.jpeg?fit=320%2C240&amp;ssl=1\" loading=\"lazy\" class=\"aligncenter size-large wp-image-38769\" alt=\"image\" src=\"https:\/\/i1.wp.com\/www1.unicap.br\/assecom1\/wp-content\/uploads\/2013\/05\/image.jpeg?resize=320%2C240&#038;ssl=1\" srcset=\"https:\/\/i1.wp.com\/www1.unicap.br\/assecom1\/wp-content\/uploads\/2013\/05\/image.jpeg?w=320&amp;ssl=1 320w, https:\/\/i1.wp.com\/www1.unicap.br\/assecom1\/wp-content\/uploads\/2013\/05\/image.jpeg?resize=300%2C225&amp;ssl=1 300w\" sizes=\"(max-width: 320px) 100vw, 320px\" data-recalc-dims=\"1\" \/><\/a> <a href=\"https:\/\/i0.wp.com\/www1.unicap.br\/assecom1\/wp-content\/uploads\/2013\/05\/image-1.jpeg?ssl=1\"><img data-attachment-id=\"38770\" data-permalink=\"https:\/\/www1.unicap.br\/assecom1\/charles-taylor-faz-conferencia-na-catolica-sobre-politicas-de-reconhecimento\/image-1-3\/\" data-orig-file=\"https:\/\/i0.wp.com\/www1.unicap.br\/assecom1\/wp-content\/uploads\/2013\/05\/image-1.jpeg?fit=320%2C240&amp;ssl=1\" data-orig-size=\"320,240\" data-comments-opened=\"1\" data-image-meta=\"{&quot;aperture&quot;:&quot;2.4&quot;,&quot;credit&quot;:&quot;&quot;,&quot;camera&quot;:&quot;iPhone 5&quot;,&quot;caption&quot;:&quot;&quot;,&quot;created_timestamp&quot;:&quot;1368273213&quot;,&quot;copyright&quot;:&quot;&quot;,&quot;focal_length&quot;:&quot;4.13&quot;,&quot;iso&quot;:&quot;50&quot;,&quot;shutter_speed&quot;:&quot;0.00064516129032258&quot;,&quot;title&quot;:&quot;&quot;}\" data-image-title=\"image (1)\" data-image-description=\"\" data-medium-file=\"https:\/\/i0.wp.com\/www1.unicap.br\/assecom1\/wp-content\/uploads\/2013\/05\/image-1.jpeg?fit=300%2C225&amp;ssl=1\" data-large-file=\"https:\/\/i0.wp.com\/www1.unicap.br\/assecom1\/wp-content\/uploads\/2013\/05\/image-1.jpeg?fit=320%2C240&amp;ssl=1\" loading=\"lazy\" class=\"aligncenter size-large wp-image-38770\" alt=\"image (1)\" src=\"https:\/\/i0.wp.com\/www1.unicap.br\/assecom1\/wp-content\/uploads\/2013\/05\/image-1.jpeg?resize=320%2C240&#038;ssl=1\" srcset=\"https:\/\/i0.wp.com\/www1.unicap.br\/assecom1\/wp-content\/uploads\/2013\/05\/image-1.jpeg?w=320&amp;ssl=1 320w, https:\/\/i0.wp.com\/www1.unicap.br\/assecom1\/wp-content\/uploads\/2013\/05\/image-1.jpeg?resize=300%2C225&amp;ssl=1 300w\" sizes=\"(max-width: 320px) 100vw, 320px\" data-recalc-dims=\"1\" \/><\/a> <a href=\"https:\/\/i1.wp.com\/www1.unicap.br\/assecom1\/wp-content\/uploads\/2013\/05\/image-3.jpeg?ssl=1\"><img data-attachment-id=\"38772\" data-permalink=\"https:\/\/www1.unicap.br\/assecom1\/charles-taylor-faz-conferencia-na-catolica-sobre-politicas-de-reconhecimento\/image-3-2\/\" data-orig-file=\"https:\/\/i1.wp.com\/www1.unicap.br\/assecom1\/wp-content\/uploads\/2013\/05\/image-3.jpeg?fit=320%2C240&amp;ssl=1\" data-orig-size=\"320,240\" data-comments-opened=\"1\" data-image-meta=\"{&quot;aperture&quot;:&quot;2.4&quot;,&quot;credit&quot;:&quot;&quot;,&quot;camera&quot;:&quot;iPhone 5&quot;,&quot;caption&quot;:&quot;&quot;,&quot;created_timestamp&quot;:&quot;1368274077&quot;,&quot;copyright&quot;:&quot;&quot;,&quot;focal_length&quot;:&quot;4.13&quot;,&quot;iso&quot;:&quot;50&quot;,&quot;shutter_speed&quot;:&quot;0.0005350454788657&quot;,&quot;title&quot;:&quot;&quot;}\" data-image-title=\"image (3)\" data-image-description=\"\" data-medium-file=\"https:\/\/i1.wp.com\/www1.unicap.br\/assecom1\/wp-content\/uploads\/2013\/05\/image-3.jpeg?fit=300%2C225&amp;ssl=1\" data-large-file=\"https:\/\/i1.wp.com\/www1.unicap.br\/assecom1\/wp-content\/uploads\/2013\/05\/image-3.jpeg?fit=320%2C240&amp;ssl=1\" loading=\"lazy\" class=\"aligncenter size-large wp-image-38772\" alt=\"image (3)\" src=\"https:\/\/i1.wp.com\/www1.unicap.br\/assecom1\/wp-content\/uploads\/2013\/05\/image-3.jpeg?resize=320%2C240&#038;ssl=1\" srcset=\"https:\/\/i1.wp.com\/www1.unicap.br\/assecom1\/wp-content\/uploads\/2013\/05\/image-3.jpeg?w=320&amp;ssl=1 320w, https:\/\/i1.wp.com\/www1.unicap.br\/assecom1\/wp-content\/uploads\/2013\/05\/image-3.jpeg?resize=300%2C225&amp;ssl=1 300w\" sizes=\"(max-width: 320px) 100vw, 320px\" data-recalc-dims=\"1\" \/><\/a> <a href=\"https:\/\/i0.wp.com\/www1.unicap.br\/assecom1\/wp-content\/uploads\/2013\/05\/image-4.jpeg?ssl=1\"><img data-attachment-id=\"38773\" data-permalink=\"https:\/\/www1.unicap.br\/assecom1\/charles-taylor-faz-conferencia-na-catolica-sobre-politicas-de-reconhecimento\/image-4-2\/\" data-orig-file=\"https:\/\/i0.wp.com\/www1.unicap.br\/assecom1\/wp-content\/uploads\/2013\/05\/image-4.jpeg?fit=320%2C240&amp;ssl=1\" data-orig-size=\"320,240\" data-comments-opened=\"1\" data-image-meta=\"{&quot;aperture&quot;:&quot;2.4&quot;,&quot;credit&quot;:&quot;&quot;,&quot;camera&quot;:&quot;iPhone 5&quot;,&quot;caption&quot;:&quot;&quot;,&quot;created_timestamp&quot;:&quot;1368275197&quot;,&quot;copyright&quot;:&quot;&quot;,&quot;focal_length&quot;:&quot;4.13&quot;,&quot;iso&quot;:&quot;50&quot;,&quot;shutter_speed&quot;:&quot;0.0005350454788657&quot;,&quot;title&quot;:&quot;&quot;}\" data-image-title=\"image (4)\" data-image-description=\"\" data-medium-file=\"https:\/\/i0.wp.com\/www1.unicap.br\/assecom1\/wp-content\/uploads\/2013\/05\/image-4.jpeg?fit=300%2C225&amp;ssl=1\" data-large-file=\"https:\/\/i0.wp.com\/www1.unicap.br\/assecom1\/wp-content\/uploads\/2013\/05\/image-4.jpeg?fit=320%2C240&amp;ssl=1\" loading=\"lazy\" class=\"aligncenter size-large wp-image-38773\" alt=\"image (4)\" src=\"https:\/\/i0.wp.com\/www1.unicap.br\/assecom1\/wp-content\/uploads\/2013\/05\/image-4.jpeg?resize=320%2C240&#038;ssl=1\" srcset=\"https:\/\/i0.wp.com\/www1.unicap.br\/assecom1\/wp-content\/uploads\/2013\/05\/image-4.jpeg?w=320&amp;ssl=1 320w, https:\/\/i0.wp.com\/www1.unicap.br\/assecom1\/wp-content\/uploads\/2013\/05\/image-4.jpeg?resize=300%2C225&amp;ssl=1 300w\" sizes=\"(max-width: 320px) 100vw, 320px\" data-recalc-dims=\"1\" \/><\/a> <a href=\"https:\/\/i2.wp.com\/www1.unicap.br\/assecom1\/wp-content\/uploads\/2013\/05\/image-5.jpeg?ssl=1\"><img data-attachment-id=\"38774\" data-permalink=\"https:\/\/www1.unicap.br\/assecom1\/charles-taylor-faz-conferencia-na-catolica-sobre-politicas-de-reconhecimento\/image-5-2\/\" data-orig-file=\"https:\/\/i2.wp.com\/www1.unicap.br\/assecom1\/wp-content\/uploads\/2013\/05\/image-5.jpeg?fit=320%2C240&amp;ssl=1\" data-orig-size=\"320,240\" data-comments-opened=\"1\" data-image-meta=\"{&quot;aperture&quot;:&quot;2.4&quot;,&quot;credit&quot;:&quot;&quot;,&quot;camera&quot;:&quot;iPhone 5&quot;,&quot;caption&quot;:&quot;&quot;,&quot;created_timestamp&quot;:&quot;1368275201&quot;,&quot;copyright&quot;:&quot;&quot;,&quot;focal_length&quot;:&quot;4.13&quot;,&quot;iso&quot;:&quot;50&quot;,&quot;shutter_speed&quot;:&quot;0.00070077084793273&quot;,&quot;title&quot;:&quot;&quot;}\" data-image-title=\"image (5)\" data-image-description=\"\" data-medium-file=\"https:\/\/i2.wp.com\/www1.unicap.br\/assecom1\/wp-content\/uploads\/2013\/05\/image-5.jpeg?fit=300%2C225&amp;ssl=1\" data-large-file=\"https:\/\/i2.wp.com\/www1.unicap.br\/assecom1\/wp-content\/uploads\/2013\/05\/image-5.jpeg?fit=320%2C240&amp;ssl=1\" loading=\"lazy\" class=\"aligncenter size-large wp-image-38774\" alt=\"image (5)\" src=\"https:\/\/i2.wp.com\/www1.unicap.br\/assecom1\/wp-content\/uploads\/2013\/05\/image-5.jpeg?resize=320%2C240&#038;ssl=1\" srcset=\"https:\/\/i2.wp.com\/www1.unicap.br\/assecom1\/wp-content\/uploads\/2013\/05\/image-5.jpeg?w=320&amp;ssl=1 320w, https:\/\/i2.wp.com\/www1.unicap.br\/assecom1\/wp-content\/uploads\/2013\/05\/image-5.jpeg?resize=300%2C225&amp;ssl=1 300w\" sizes=\"(max-width: 320px) 100vw, 320px\" data-recalc-dims=\"1\" \/><\/a> <a href=\"https:\/\/i2.wp.com\/www1.unicap.br\/assecom1\/wp-content\/uploads\/2013\/05\/image-6.jpeg?ssl=1\"><img data-attachment-id=\"38775\" data-permalink=\"https:\/\/www1.unicap.br\/assecom1\/charles-taylor-faz-conferencia-na-catolica-sobre-politicas-de-reconhecimento\/image-6\/\" data-orig-file=\"https:\/\/i2.wp.com\/www1.unicap.br\/assecom1\/wp-content\/uploads\/2013\/05\/image-6.jpeg?fit=320%2C240&amp;ssl=1\" data-orig-size=\"320,240\" data-comments-opened=\"1\" data-image-meta=\"{&quot;aperture&quot;:&quot;2.4&quot;,&quot;credit&quot;:&quot;&quot;,&quot;camera&quot;:&quot;iPhone 5&quot;,&quot;caption&quot;:&quot;&quot;,&quot;created_timestamp&quot;:&quot;1368275202&quot;,&quot;copyright&quot;:&quot;&quot;,&quot;focal_length&quot;:&quot;4.13&quot;,&quot;iso&quot;:&quot;50&quot;,&quot;shutter_speed&quot;:&quot;0.00070077084793273&quot;,&quot;title&quot;:&quot;&quot;}\" data-image-title=\"image (6)\" data-image-description=\"\" data-medium-file=\"https:\/\/i2.wp.com\/www1.unicap.br\/assecom1\/wp-content\/uploads\/2013\/05\/image-6.jpeg?fit=300%2C225&amp;ssl=1\" data-large-file=\"https:\/\/i2.wp.com\/www1.unicap.br\/assecom1\/wp-content\/uploads\/2013\/05\/image-6.jpeg?fit=320%2C240&amp;ssl=1\" loading=\"lazy\" class=\"aligncenter size-large wp-image-38775\" alt=\"image (6)\" src=\"https:\/\/i2.wp.com\/www1.unicap.br\/assecom1\/wp-content\/uploads\/2013\/05\/image-6.jpeg?resize=320%2C240&#038;ssl=1\" srcset=\"https:\/\/i2.wp.com\/www1.unicap.br\/assecom1\/wp-content\/uploads\/2013\/05\/image-6.jpeg?w=320&amp;ssl=1 320w, https:\/\/i2.wp.com\/www1.unicap.br\/assecom1\/wp-content\/uploads\/2013\/05\/image-6.jpeg?resize=300%2C225&amp;ssl=1 300w\" sizes=\"(max-width: 320px) 100vw, 320px\" data-recalc-dims=\"1\" \/><\/a> <a href=\"https:\/\/i0.wp.com\/www1.unicap.br\/assecom1\/wp-content\/uploads\/2013\/05\/image-7.jpeg?ssl=1\"><img data-attachment-id=\"38776\" data-permalink=\"https:\/\/www1.unicap.br\/assecom1\/charles-taylor-faz-conferencia-na-catolica-sobre-politicas-de-reconhecimento\/image-7\/\" data-orig-file=\"https:\/\/i0.wp.com\/www1.unicap.br\/assecom1\/wp-content\/uploads\/2013\/05\/image-7.jpeg?fit=320%2C104&amp;ssl=1\" data-orig-size=\"320,104\" data-comments-opened=\"1\" data-image-meta=\"{&quot;aperture&quot;:&quot;2.4&quot;,&quot;credit&quot;:&quot;&quot;,&quot;camera&quot;:&quot;iPhone 5&quot;,&quot;caption&quot;:&quot;&quot;,&quot;created_timestamp&quot;:&quot;1368275310&quot;,&quot;copyright&quot;:&quot;&quot;,&quot;focal_length&quot;:&quot;4.13&quot;,&quot;iso&quot;:&quot;50&quot;,&quot;shutter_speed&quot;:&quot;0.0006269592476489&quot;,&quot;title&quot;:&quot;&quot;}\" data-image-title=\"image (7)\" data-image-description=\"\" data-medium-file=\"https:\/\/i0.wp.com\/www1.unicap.br\/assecom1\/wp-content\/uploads\/2013\/05\/image-7.jpeg?fit=300%2C97&amp;ssl=1\" data-large-file=\"https:\/\/i0.wp.com\/www1.unicap.br\/assecom1\/wp-content\/uploads\/2013\/05\/image-7.jpeg?fit=320%2C104&amp;ssl=1\" loading=\"lazy\" class=\"aligncenter size-large wp-image-38776\" alt=\"image (7)\" src=\"https:\/\/i0.wp.com\/www1.unicap.br\/assecom1\/wp-content\/uploads\/2013\/05\/image-7.jpeg?resize=320%2C104&#038;ssl=1\" srcset=\"https:\/\/i0.wp.com\/www1.unicap.br\/assecom1\/wp-content\/uploads\/2013\/05\/image-7.jpeg?w=320&amp;ssl=1 320w, https:\/\/i0.wp.com\/www1.unicap.br\/assecom1\/wp-content\/uploads\/2013\/05\/image-7.jpeg?resize=300%2C97&amp;ssl=1 300w\" sizes=\"(max-width: 320px) 100vw, 320px\" data-recalc-dims=\"1\" \/><\/a> <a href=\"https:\/\/i1.wp.com\/www1.unicap.br\/assecom1\/wp-content\/uploads\/2013\/05\/image-8.jpeg?ssl=1\"><img data-attachment-id=\"38777\" data-permalink=\"https:\/\/www1.unicap.br\/assecom1\/charles-taylor-faz-conferencia-na-catolica-sobre-politicas-de-reconhecimento\/image-8\/\" data-orig-file=\"https:\/\/i1.wp.com\/www1.unicap.br\/assecom1\/wp-content\/uploads\/2013\/05\/image-8.jpeg?fit=320%2C240&amp;ssl=1\" data-orig-size=\"320,240\" data-comments-opened=\"1\" data-image-meta=\"{&quot;aperture&quot;:&quot;2.4&quot;,&quot;credit&quot;:&quot;&quot;,&quot;camera&quot;:&quot;iPhone 5&quot;,&quot;caption&quot;:&quot;&quot;,&quot;created_timestamp&quot;:&quot;1368276311&quot;,&quot;copyright&quot;:&quot;&quot;,&quot;focal_length&quot;:&quot;4.13&quot;,&quot;iso&quot;:&quot;50&quot;,&quot;shutter_speed&quot;:&quot;0.00077519379844961&quot;,&quot;title&quot;:&quot;&quot;}\" data-image-title=\"image (8)\" data-image-description=\"\" data-medium-file=\"https:\/\/i1.wp.com\/www1.unicap.br\/assecom1\/wp-content\/uploads\/2013\/05\/image-8.jpeg?fit=300%2C225&amp;ssl=1\" data-large-file=\"https:\/\/i1.wp.com\/www1.unicap.br\/assecom1\/wp-content\/uploads\/2013\/05\/image-8.jpeg?fit=320%2C240&amp;ssl=1\" loading=\"lazy\" class=\"aligncenter size-large wp-image-38777\" alt=\"image (8)\" src=\"https:\/\/i1.wp.com\/www1.unicap.br\/assecom1\/wp-content\/uploads\/2013\/05\/image-8.jpeg?resize=320%2C240&#038;ssl=1\" srcset=\"https:\/\/i1.wp.com\/www1.unicap.br\/assecom1\/wp-content\/uploads\/2013\/05\/image-8.jpeg?w=320&amp;ssl=1 320w, https:\/\/i1.wp.com\/www1.unicap.br\/assecom1\/wp-content\/uploads\/2013\/05\/image-8.jpeg?resize=300%2C225&amp;ssl=1 300w\" sizes=\"(max-width: 320px) 100vw, 320px\" data-recalc-dims=\"1\" \/><\/a><\/p>\n<p><em id=\"__mceDel\"><span style=\"color: #000000;\"><a href=\"https:\/\/i0.wp.com\/www1.unicap.br\/assecom1\/wp-content\/uploads\/2013\/05\/image-2-e1368566874415.jpeg?ssl=1\"><img data-attachment-id=\"38771\" data-permalink=\"https:\/\/www1.unicap.br\/assecom1\/charles-taylor-faz-conferencia-na-catolica-sobre-politicas-de-reconhecimento\/image-2-2\/\" data-orig-file=\"https:\/\/i0.wp.com\/www1.unicap.br\/assecom1\/wp-content\/uploads\/2013\/05\/image-2-e1368566874415.jpeg?fit=240%2C320&amp;ssl=1\" data-orig-size=\"240,320\" data-comments-opened=\"1\" data-image-meta=\"{&quot;aperture&quot;:&quot;2.4&quot;,&quot;credit&quot;:&quot;&quot;,&quot;camera&quot;:&quot;iPhone 5&quot;,&quot;caption&quot;:&quot;&quot;,&quot;created_timestamp&quot;:&quot;1368274046&quot;,&quot;copyright&quot;:&quot;&quot;,&quot;focal_length&quot;:&quot;4.13&quot;,&quot;iso&quot;:&quot;50&quot;,&quot;shutter_speed&quot;:&quot;0.00066401062416999&quot;,&quot;title&quot;:&quot;&quot;}\" data-image-title=\"image (2)\" data-image-description=\"\" data-medium-file=\"https:\/\/i0.wp.com\/www1.unicap.br\/assecom1\/wp-content\/uploads\/2013\/05\/image-2-e1368566874415.jpeg?fit=225%2C300&amp;ssl=1\" data-large-file=\"https:\/\/i0.wp.com\/www1.unicap.br\/assecom1\/wp-content\/uploads\/2013\/05\/image-2-e1368566874415.jpeg?fit=240%2C320&amp;ssl=1\" loading=\"lazy\" class=\"aligncenter size-full wp-image-38771\" alt=\"image (2)\" src=\"https:\/\/i0.wp.com\/www1.unicap.br\/assecom1\/wp-content\/uploads\/2013\/05\/image-2-e1368566874415.jpeg?resize=240%2C320&#038;ssl=1\" srcset=\"https:\/\/i0.wp.com\/www1.unicap.br\/assecom1\/wp-content\/uploads\/2013\/05\/image-2-e1368566874415.jpeg?w=240&amp;ssl=1 240w, https:\/\/i0.wp.com\/www1.unicap.br\/assecom1\/wp-content\/uploads\/2013\/05\/image-2-e1368566874415.jpeg?resize=225%2C300&amp;ssl=1 225w\" sizes=\"(max-width: 240px) 100vw, 240px\" data-recalc-dims=\"1\" \/><\/a><\/span><\/em><\/p>\n","protected":false},"excerpt":{"rendered":"<p>Um dos maiores fil\u00f3sofos contempor\u00e2neos, o canadense Charles Taylor, 82 anos, fez na noite desta segunda-feira (13) confer\u00eancia na Universidade Cat\u00f3lica de Pernambuco sobre &#8220;Pol\u00edticas de reconhecimento&#8221;. O professor em\u00e9rito de ci\u00eancia pol\u00edtica e de filosofia da Universit\u00e9 McGill (Montreal) e autor de dezenas de livros traduzidos para mais de 20 l\u00ednguas, teve como debatedores [&hellip;]<\/p>\n","protected":false},"author":2,"featured_media":0,"comment_status":"open","ping_status":"open","sticky":false,"template":"","format":"standard","meta":[],"categories":[4],"tags":[],"jetpack-related-posts":[],"_links":{"self":[{"href":"https:\/\/www1.unicap.br\/assecom1\/wp-json\/wp\/v2\/posts\/38691"}],"collection":[{"href":"https:\/\/www1.unicap.br\/assecom1\/wp-json\/wp\/v2\/posts"}],"about":[{"href":"https:\/\/www1.unicap.br\/assecom1\/wp-json\/wp\/v2\/types\/post"}],"author":[{"embeddable":true,"href":"https:\/\/www1.unicap.br\/assecom1\/wp-json\/wp\/v2\/users\/2"}],"replies":[{"embeddable":true,"href":"https:\/\/www1.unicap.br\/assecom1\/wp-json\/wp\/v2\/comments?post=38691"}],"version-history":[{"count":13,"href":"https:\/\/www1.unicap.br\/assecom1\/wp-json\/wp\/v2\/posts\/38691\/revisions"}],"predecessor-version":[{"id":38711,"href":"https:\/\/www1.unicap.br\/assecom1\/wp-json\/wp\/v2\/posts\/38691\/revisions\/38711"}],"wp:attachment":[{"href":"https:\/\/www1.unicap.br\/assecom1\/wp-json\/wp\/v2\/media?parent=38691"}],"wp:term":[{"taxonomy":"category","embeddable":true,"href":"https:\/\/www1.unicap.br\/assecom1\/wp-json\/wp\/v2\/categories?post=38691"},{"taxonomy":"post_tag","embeddable":true,"href":"https:\/\/www1.unicap.br\/assecom1\/wp-json\/wp\/v2\/tags?post=38691"}],"curies":[{"name":"wp","href":"https:\/\/api.w.org\/{rel}","templated":true}]}}