{"id":38654,"date":"2013-05-13T13:58:28","date_gmt":"2013-05-13T13:58:28","guid":{"rendered":"http:\/\/www.unicap.br\/assecom1\/?p=38654"},"modified":"2013-05-13T14:09:04","modified_gmt":"2013-05-13T14:09:04","slug":"maria-silva-fara-palestra-sobre-democracia-e-sustentabilidade-nesta-terca-feira-na-catolica","status":"publish","type":"post","link":"https:\/\/www1.unicap.br\/assecom1\/maria-silva-fara-palestra-sobre-democracia-e-sustentabilidade-nesta-terca-feira-na-catolica\/","title":{"rendered":"Marina Silva far\u00e1 palestra sobre &#8220;Democracia e sustentabilidade&#8221; nesta ter\u00e7a-feira na Cat\u00f3lica"},"content":{"rendered":"<p>A ex-senadora Marina Silva far\u00e1 palestra na Universidade Cat\u00f3lica de Pernambuco nesta ter\u00e7a-feira (14), \u00e0s 19h, n0 audit\u00f3rio G2. Ela falar\u00e1 sobre &#8220;Democracia e sustentabilidade&#8221;.<\/p>\n<p>Marina Silva, pr\u00e9-candidata \u00e0 Presid\u00eancia da Rep\u00fablica em 2014, estar\u00e1 no Recife nos dias 14 e 15 para encontros com militantes e algumas agendas de rua. A ex-senadora est\u00e1 percorrendo o pa\u00eds para recolher assinaturas favor\u00e1veis \u00e0 cria\u00e7\u00e3o do partido Rede Sustentabilidade. Em Pernambuco, foram contabilizadas at\u00e9 a \u00faltima sexta-feira 263.515 mil assinaturas. Com a presen\u00e7a de Marina no estado, a expectativa \u00e9 de que as assinaturas aumentem significativamente.<\/p>\n","protected":false},"excerpt":{"rendered":"<p>A ex-senadora Marina Silva far\u00e1 palestra na Universidade Cat\u00f3lica de Pernambuco nesta ter\u00e7a-feira (14), \u00e0s 19h, n0 audit\u00f3rio G2. Ela falar\u00e1 sobre &#8220;Democracia e sustentabilidade&#8221;. Marina Silva, pr\u00e9-candidata \u00e0 Presid\u00eancia da Rep\u00fablica em 2014, estar\u00e1 no Recife nos dias 14 e 15 para encontros com militantes e algumas agendas de rua. A ex-senadora est\u00e1 percorrendo [&hellip;]<\/p>\n","protected":false},"author":2,"featured_media":0,"comment_status":"open","ping_status":"open","sticky":false,"template":"","format":"standard","meta":[],"categories":[4],"tags":[],"jetpack-related-posts":[],"_links":{"self":[{"href":"https:\/\/www1.unicap.br\/assecom1\/wp-json\/wp\/v2\/posts\/38654"}],"collection":[{"href":"https:\/\/www1.unicap.br\/assecom1\/wp-json\/wp\/v2\/posts"}],"about":[{"href":"https:\/\/www1.unicap.br\/assecom1\/wp-json\/wp\/v2\/types\/post"}],"author":[{"embeddable":true,"href":"https:\/\/www1.unicap.br\/assecom1\/wp-json\/wp\/v2\/users\/2"}],"replies":[{"embeddable":true,"href":"https:\/\/www1.unicap.br\/assecom1\/wp-json\/wp\/v2\/comments?post=38654"}],"version-history":[{"count":3,"href":"https:\/\/www1.unicap.br\/assecom1\/wp-json\/wp\/v2\/posts\/38654\/revisions"}],"predecessor-version":[{"id":38657,"href":"https:\/\/www1.unicap.br\/assecom1\/wp-json\/wp\/v2\/posts\/38654\/revisions\/38657"}],"wp:attachment":[{"href":"https:\/\/www1.unicap.br\/assecom1\/wp-json\/wp\/v2\/media?parent=38654"}],"wp:term":[{"taxonomy":"category","embeddable":true,"href":"https:\/\/www1.unicap.br\/assecom1\/wp-json\/wp\/v2\/categories?post=38654"},{"taxonomy":"post_tag","embeddable":true,"href":"https:\/\/www1.unicap.br\/assecom1\/wp-json\/wp\/v2\/tags?post=38654"}],"curies":[{"name":"wp","href":"https:\/\/api.w.org\/{rel}","templated":true}]}}