{"id":38606,"date":"2013-05-11T02:46:12","date_gmt":"2013-05-11T02:46:12","guid":{"rendered":"http:\/\/www.unicap.br\/assecom1\/?p=38606"},"modified":"2013-05-11T02:46:12","modified_gmt":"2013-05-11T02:46:12","slug":"ultima-tarde-da-semana-de-teologia-da-unicap-e-marcada-por-debates-envolvendo-professores-alunos-e-convidados","status":"publish","type":"post","link":"https:\/\/www1.unicap.br\/assecom1\/ultima-tarde-da-semana-de-teologia-da-unicap-e-marcada-por-debates-envolvendo-professores-alunos-e-convidados\/","title":{"rendered":"\u00daltima tarde da Semana de Teologia da Unicap \u00e9 marcada por debates envolvendo professores, alunos e convidados."},"content":{"rendered":"<p><a href=\"https:\/\/i0.wp.com\/www1.unicap.br\/assecom1\/wp-content\/uploads\/2013\/05\/DSCN3324.jpg?ssl=1\"><img data-attachment-id=\"38612\" data-permalink=\"https:\/\/www1.unicap.br\/assecom1\/ultima-tarde-da-semana-de-teologia-da-unicap-e-marcada-por-debates-envolvendo-professores-alunos-e-convidados\/dscn3324\/\" data-orig-file=\"https:\/\/i0.wp.com\/www1.unicap.br\/assecom1\/wp-content\/uploads\/2013\/05\/DSCN3324.jpg?fit=2272%2C1704&amp;ssl=1\" data-orig-size=\"2272,1704\" data-comments-opened=\"1\" data-image-meta=\"{&quot;aperture&quot;:&quot;4.6&quot;,&quot;credit&quot;:&quot;&quot;,&quot;camera&quot;:&quot;COOLPIX L810&quot;,&quot;caption&quot;:&quot;&quot;,&quot;created_timestamp&quot;:&quot;&quot;,&quot;copyright&quot;:&quot;&quot;,&quot;focal_length&quot;:&quot;17.2&quot;,&quot;iso&quot;:&quot;400&quot;,&quot;shutter_speed&quot;:&quot;0.033333333333333&quot;,&quot;title&quot;:&quot;&quot;}\" data-image-title=\"DSCN3324\" data-image-description=\"\" data-medium-file=\"https:\/\/i0.wp.com\/www1.unicap.br\/assecom1\/wp-content\/uploads\/2013\/05\/DSCN3324.jpg?fit=300%2C224&amp;ssl=1\" data-large-file=\"https:\/\/i0.wp.com\/www1.unicap.br\/assecom1\/wp-content\/uploads\/2013\/05\/DSCN3324.jpg?fit=640%2C480&amp;ssl=1\" loading=\"lazy\" class=\" wp-image-38612 alignleft\" alt=\"DSCN3324\" src=\"https:\/\/i0.wp.com\/www1.unicap.br\/assecom1\/wp-content\/uploads\/2013\/05\/DSCN3324.jpg?resize=240%2C179&#038;ssl=1\" srcset=\"https:\/\/i0.wp.com\/www1.unicap.br\/assecom1\/wp-content\/uploads\/2013\/05\/DSCN3324.jpg?resize=300%2C224&amp;ssl=1 300w, https:\/\/i0.wp.com\/www1.unicap.br\/assecom1\/wp-content\/uploads\/2013\/05\/DSCN3324.jpg?resize=1024%2C768&amp;ssl=1 1024w, https:\/\/i0.wp.com\/www1.unicap.br\/assecom1\/wp-content\/uploads\/2013\/05\/DSCN3324.jpg?w=1280&amp;ssl=1 1280w, https:\/\/i0.wp.com\/www1.unicap.br\/assecom1\/wp-content\/uploads\/2013\/05\/DSCN3324.jpg?w=1920&amp;ssl=1 1920w\" sizes=\"(max-width: 240px) 100vw, 240px\" data-recalc-dims=\"1\" \/><\/a>Aconteceu hoje (10) no audit\u00f3rio G2 da Unicap a \u00faltima tarde da Semana de Teologia. O evento teve in\u00edcio na \u00faltima quarta-feira (8) e contou com diversas atividades como oficinas, momentos culturais, confer\u00eancias e mesas de debates envolvendo o tema <i>\u201cJuventude: Desafios e Esperan\u00e7a\u201d.<\/i><\/p>\n<p>A tarde come\u00e7ou com uma mesa de debate sobre \u201cA presen\u00e7a dos jovens nas pastorais\u201d, tento a participa\u00e7\u00e3o de Henrique Balbino (comunidade Ilha de Santa Terezinha), Andr\u00e9 Gustavo (Pastoral Carcer\u00e1ria) e Joselma (Pastoral dos Surdos). Os componentes da mesa falaram do seu envolvimento com os projetos sociais que t\u00eam como principal objetivo evangelizar as comunidades.<\/p>\n<p>Andr\u00e9, que trabalha na Pastoral Carcer\u00e1ria h\u00e1 cerca de quatro anos, falou como funciona o trabalho evangelizador nos pres\u00eddios e como essa atividade \u00e9 recebida pelos encarcerados. \u201cN\u00f3s vamos evangelizar, e muitas vezes voltamos evangelizados. Quando estou falando de Deus e eles ficam atentos, fico satisfeito, pois sei que estou anunciando A Palavra para quem muitas vezes n\u00e3o a conhece\u201d, afirma.\u00a0Henrique participa da comunidade Ilha de Santa Terezinha h\u00e1 cinco anos, e conclui que o objetivo principal da comunidade \u00e9 conseguir um engajamento da juventude. \u201cO jovem est\u00e1 muito envolvido com as atividades do mundo, muitas vezes n\u00e3o acha tempo para Deus.\u201d<\/p>\n<p>No segundo momento, foi formada mais uma mesa de debates com os professores da Unicap. O primeiro tema foi \u201cA realidade do jovem na atualidade a partir do trabalho de extens\u00e3o na comunidade de \u00c1guas Compridas\u201d que teve participa\u00e7\u00e3o da professora de Servi\u00e7o Social Valdenice Jos\u00e9 Raimundo. Depois, foi a vez da professora do curso de Direito Vanessa Alexsandra dar continuidade \u00e0s\u00a0discuss\u00f5es\u00a0 com o tema: \u201cUm olhar sobre a realidade da juventude brasileira a partir do Direito\u201d.<\/p>\n<p>\u00c0 noite, o evento contar\u00e1 com um momento cultural, a Confer\u00eancia \u00a0\u201cJuventude e miss\u00e3o\u201d com participa\u00e7\u00e3o da professora Solange Rodrigues (pesquisadora do ISER Assessoria, Rio de Janeiro) e o encerramento do evento.<\/p>\n<p>&nbsp;<\/p>\n","protected":false},"excerpt":{"rendered":"<p>Aconteceu hoje (10) no audit\u00f3rio G2 da Unicap a \u00faltima tarde da Semana de Teologia. O evento teve in\u00edcio na \u00faltima quarta-feira (8) e contou com diversas atividades como oficinas, momentos culturais, confer\u00eancias e mesas de debates envolvendo o tema \u201cJuventude: Desafios e Esperan\u00e7a\u201d. A tarde come\u00e7ou com uma mesa de debate sobre \u201cA presen\u00e7a [&hellip;]<\/p>\n","protected":false},"author":51,"featured_media":0,"comment_status":"open","ping_status":"open","sticky":false,"template":"","format":"standard","meta":[],"categories":[4],"tags":[],"jetpack-related-posts":[],"_links":{"self":[{"href":"https:\/\/www1.unicap.br\/assecom1\/wp-json\/wp\/v2\/posts\/38606"}],"collection":[{"href":"https:\/\/www1.unicap.br\/assecom1\/wp-json\/wp\/v2\/posts"}],"about":[{"href":"https:\/\/www1.unicap.br\/assecom1\/wp-json\/wp\/v2\/types\/post"}],"author":[{"embeddable":true,"href":"https:\/\/www1.unicap.br\/assecom1\/wp-json\/wp\/v2\/users\/51"}],"replies":[{"embeddable":true,"href":"https:\/\/www1.unicap.br\/assecom1\/wp-json\/wp\/v2\/comments?post=38606"}],"version-history":[{"count":3,"href":"https:\/\/www1.unicap.br\/assecom1\/wp-json\/wp\/v2\/posts\/38606\/revisions"}],"predecessor-version":[{"id":38641,"href":"https:\/\/www1.unicap.br\/assecom1\/wp-json\/wp\/v2\/posts\/38606\/revisions\/38641"}],"wp:attachment":[{"href":"https:\/\/www1.unicap.br\/assecom1\/wp-json\/wp\/v2\/media?parent=38606"}],"wp:term":[{"taxonomy":"category","embeddable":true,"href":"https:\/\/www1.unicap.br\/assecom1\/wp-json\/wp\/v2\/categories?post=38606"},{"taxonomy":"post_tag","embeddable":true,"href":"https:\/\/www1.unicap.br\/assecom1\/wp-json\/wp\/v2\/tags?post=38606"}],"curies":[{"name":"wp","href":"https:\/\/api.w.org\/{rel}","templated":true}]}}