{"id":38561,"date":"2013-05-11T02:35:37","date_gmt":"2013-05-11T02:35:37","guid":{"rendered":"http:\/\/www.unicap.br\/assecom1\/?p=38561"},"modified":"2013-05-11T02:36:34","modified_gmt":"2013-05-11T02:36:34","slug":"v-jornada-de-direito-processual-civil-da-universidade-catolica-de-pernambuco","status":"publish","type":"post","link":"https:\/\/www1.unicap.br\/assecom1\/v-jornada-de-direito-processual-civil-da-universidade-catolica-de-pernambuco\/","title":{"rendered":"V Jornada de Direito Processual Civil da Unicap ser\u00e1 realizada nos dias 15 e 16 de maio"},"content":{"rendered":"<h4 align=\"center\"><strong><span style=\"color: #4c482c;\">Estudos em homenagem ao professor L\u00e1zaro Guimar\u00e3es<\/span><\/strong><\/h4>\n<p align=\"center\"><strong>Dias 15 e 16 de maio de 2013<\/strong><\/p>\n<p><img loading=\"lazy\" class=\"alignleft\" alt=\"V Jornada de Direito Processual Civil da Universidade Cat\u00f3lica de Pernambuco\" src=\"https:\/\/i1.wp.com\/www.unicap.br\/home\/wp-content\/uploads\/2013\/04\/jornadadedireito.png?resize=300%2C298\" data-recalc-dims=\"1\" \/><\/p>\n<p><strong>P\u00fablico alv<\/strong>o \u25ba Estudantes da UNICAP (da gradua\u00e7\u00e3o e do mestrado), acad\u00eamicos de outras institui\u00e7\u00f5es de ensino e profissionais do direito.<\/p>\n<p><strong>Objetivo<\/strong> \u25ba Divulgar o conhecimento e fomentar o debate sobre temas que constituem o objeto atual de pesquisa dos componentes do corpo docente de processualistas desta Casa, dos professores externos e egressos do Curso de Mestrado da UNICAP.<\/p>\n<p>Metodologia \u25ba Palestras e pain\u00e9is, sucedidos por debates entre palestrantes e demais participantes.<\/p>\n<p><strong>Coordena\u00e7\u00e3o<\/strong> \u25ba\u00a0\u00a0 Prof. Alexandre Freire Pimentel<\/p>\n<p><strong>Inscri\u00e7\u00f5es e certificados pelo link<\/strong>: <a href=\"http:\/\/www.unicap.br\/MinicursosCCJ\">www.unicap.br\/MinicursosCCJ<\/a><\/p>\n<p><strong>Carga hor\u00e1ria<\/strong> 16 HORAS-AULA<\/p>\n<p><strong>Local<\/strong>: \u00a0Bloco G &#8211; Audit\u00f3rio G1.<\/p>\n<p><strong>Valor<\/strong>: R$ 10,00 (dez reais)<\/p>\n<p><strong>OBS.<\/strong> Se for digitar o link da inscri\u00e7\u00e3o, deve-se observar a distin\u00e7\u00e3o entre mai\u00fasculas e min\u00fasculas: \u201cMinicursosCCJ\u201d<\/p>\n<p style=\"text-align: center;\">\u00a0<strong>PROGRAMA\u00c7\u00c3O<\/strong><\/p>\n<table border=\"0\" cellspacing=\"0\" cellpadding=\"0\" bgcolor=\"white\">\n<tbody>\n<tr>\n<td valign=\"top\" width=\"90\">15\/05\/201308:00h<\/td>\n<td valign=\"top\" width=\"264\">SESS\u00c3O DE ABERTURA DO EVENTO<\/td>\n<td valign=\"top\" width=\"186\">\u25ba Professora Maria Luiza R. Vieira Santos, Diretora do CCJ<\/td>\n<\/tr>\n<tr>\n<td valign=\"top\" width=\"90\">1<sup>o<\/sup> Painel08:30 \u00e0s 10:30 h<\/td>\n<td valign=\"top\" width=\"264\">Cl\u00e1usulas gerais executivas, impenhorabilidade e pesquisa cient\u00edfica aplicada ao Direito processual civil.<\/td>\n<td valign=\"top\" width=\"186\">\u25ba Leonardo Moreira\u25ba Joz\u00e9 M\u00e1rio Wanderley\u25ba Alexandre Gois<\/td>\n<\/tr>\n<tr>\n<td valign=\"top\" width=\"90\">2<sup>o<\/sup> Painel10:40 \u00e0s 12:40 h<\/td>\n<td valign=\"top\" width=\"264\">Sistema recursal, ju\u00edzo de admissibilidade e merit\u00f3rio. Da apela\u00e7\u00e3o e do agravo instrumento, no CPC atual e no Projeto do novo c\u00f3digo.<\/td>\n<td valign=\"top\" width=\"186\">\u25ba Marcos Aur\u00e9lio N. Netto\u25ba Roberto Campos Gouveia\u25ba Marc\u00edlio Flor\u00eancio Mota<\/td>\n<\/tr>\n<tr>\n<td valign=\"top\" width=\"90\">3<sup>o<\/sup> Painel18:30 \u00e0s 19:40 h4<sup>o<\/sup> Painel20:00 \u00e0s 21:30 h<\/td>\n<td valign=\"top\" width=\"264\">Direito, processo e linguagem.Judge made law e o sistema de precedentes judiciais no Brasil.A tutela de urg\u00eancia no projeto do novo CPC.O direito processual constitucional.<\/td>\n<td valign=\"top\" width=\"186\">\u25ba \u00a0Virg\u00ednia Colares\u25ba\u00a0 Mateus Pereira\u25ba Mizael Montenegro\u25ba\u00a0 Ivo Dantas\u25ba Marcelo Labanca\u25ba Gustavo F. Santos<\/td>\n<\/tr>\n<tr>\n<td valign=\"top\" width=\"90\">16\/05\/20135<sup>o<\/sup> Painel08:30 \u00e0s 10:30h<\/td>\n<td valign=\"top\" width=\"264\">Coopera\u00e7\u00e3o jurisdicional, interpreta\u00e7\u00e3o criativo-inclusiva e hermen\u00eautica processual no Projeto do novo CPC<\/td>\n<td valign=\"top\" width=\"186\">\u25baL\u00facio Grassi\u25baRoberto Wanderley Nogueira\u25baS\u00e9rgio Torres<\/td>\n<\/tr>\n<tr>\n<td valign=\"top\" width=\"90\">6<sup>o<\/sup> Painel10:40 \u00e0s 12:40h<\/td>\n<td valign=\"top\" width=\"264\">Direito processual tribut\u00e1rio: execu\u00e7\u00e3o fiscal, \u00e9tica e pr\u00e1tica forense.O problema da coisa julgada nas rela\u00e7\u00f5es tribut\u00e1rias de trato sucessivo.<\/td>\n<td valign=\"top\" width=\"186\">\u25ba\u00a0 Jos\u00e9 Viana Ulisses\u25ba\u00a0 H\u00e9lio Ourem Campos\u25ba\u00a0 Ricardo Paes Barreto<\/td>\n<\/tr>\n<tr>\n<td valign=\"top\" width=\"90\">7<sup>o<\/sup> Painel18:30 \u00e0s 20:30 hPalestra<\/td>\n<\/tr>\n<\/tbody>\n<\/table>\n<p>Lan\u00e7amento de livrosDogm\u00e1tica do sistema processual.Estabilidade da demanda.Sistem\u00e1tica da execu\u00e7\u00e3o no projeto do novo CPC.G\u00eanese can\u00f4nica de institutos processuais brasileiros.\u25ba A atendibilidade dos fatos supervenientes no processo civil.\u25ba\u00a0\u00a0 Da dura\u00e7\u00e3o razo\u00e1vel do processo.\u25ba Frederico Koehler\u25ba Leonardo Cunha\u25ba Frederico Neves\u25ba Ubiratan de C. Maur\u00edcio\u25ba Francisco Caetano<\/p>\n<p>EncerramentoEfetividade da tutela jurisdicional\u25ba L\u00e1zaro Guimar\u00e3es\u25ba Marilia Montenegro\u25ba Walber de Moura Agra<\/p>\n<p>&nbsp;<\/p>\n","protected":false},"excerpt":{"rendered":"<p>Estudos em homenagem ao professor L\u00e1zaro Guimar\u00e3es Dias 15 e 16 de maio de 2013 P\u00fablico alvo \u25ba Estudantes da UNICAP (da gradua\u00e7\u00e3o e do mestrado), acad\u00eamicos de outras institui\u00e7\u00f5es de ensino e profissionais do direito. Objetivo \u25ba Divulgar o conhecimento e fomentar o debate sobre temas que constituem o objeto atual de pesquisa dos [&hellip;]<\/p>\n","protected":false},"author":16,"featured_media":0,"comment_status":"open","ping_status":"open","sticky":false,"template":"","format":"standard","meta":[],"categories":[4],"tags":[],"jetpack-related-posts":[],"_links":{"self":[{"href":"https:\/\/www1.unicap.br\/assecom1\/wp-json\/wp\/v2\/posts\/38561"}],"collection":[{"href":"https:\/\/www1.unicap.br\/assecom1\/wp-json\/wp\/v2\/posts"}],"about":[{"href":"https:\/\/www1.unicap.br\/assecom1\/wp-json\/wp\/v2\/types\/post"}],"author":[{"embeddable":true,"href":"https:\/\/www1.unicap.br\/assecom1\/wp-json\/wp\/v2\/users\/16"}],"replies":[{"embeddable":true,"href":"https:\/\/www1.unicap.br\/assecom1\/wp-json\/wp\/v2\/comments?post=38561"}],"version-history":[{"count":3,"href":"https:\/\/www1.unicap.br\/assecom1\/wp-json\/wp\/v2\/posts\/38561\/revisions"}],"predecessor-version":[{"id":38638,"href":"https:\/\/www1.unicap.br\/assecom1\/wp-json\/wp\/v2\/posts\/38561\/revisions\/38638"}],"wp:attachment":[{"href":"https:\/\/www1.unicap.br\/assecom1\/wp-json\/wp\/v2\/media?parent=38561"}],"wp:term":[{"taxonomy":"category","embeddable":true,"href":"https:\/\/www1.unicap.br\/assecom1\/wp-json\/wp\/v2\/categories?post=38561"},{"taxonomy":"post_tag","embeddable":true,"href":"https:\/\/www1.unicap.br\/assecom1\/wp-json\/wp\/v2\/tags?post=38561"}],"curies":[{"name":"wp","href":"https:\/\/api.w.org\/{rel}","templated":true}]}}