{"id":38360,"date":"2013-05-08T01:04:29","date_gmt":"2013-05-08T01:04:29","guid":{"rendered":"http:\/\/www.unicap.br\/assecom1\/?p=38360"},"modified":"2013-05-08T19:26:40","modified_gmt":"2013-05-08T19:26:40","slug":"instituto-humanitas-e-liceu-nobrega-dao-inicio-ao-projeto-articulando-conhecimentos-resgatando-saberes","status":"publish","type":"post","link":"https:\/\/www1.unicap.br\/assecom1\/instituto-humanitas-e-liceu-nobrega-dao-inicio-ao-projeto-articulando-conhecimentos-resgatando-saberes\/","title":{"rendered":"Instituto Humanitas Unicap inicia mais uma atividade do projeto &#8220;Articulando conhecimentos, resgatando saberes&#8221;"},"content":{"rendered":"<p><span style=\"color: #000000;\"><a href=\"https:\/\/i0.wp.com\/www.unicap.br\/ihu\/wp-content\/uploads\/2013\/04\/Liceu.jpg\"><img loading=\"lazy\" class=\"alignleft  wp-image-3924\" title=\"Liceu\" alt=\"\" src=\"https:\/\/i0.wp.com\/www.unicap.br\/ihu\/wp-content\/uploads\/2013\/04\/Liceu.jpg?resize=193%2C186\" data-recalc-dims=\"1\" \/><\/a>Come\u00e7ou hoje (7) e segue at\u00e9 a pr\u00f3xima segunda-feira (13) mais uma atividade do \u00a0&#8220;Articulando conhecimentos, resgatando saberes&#8221;, projeto desenvolvido pelo Instituto Humanitas Unicap em parceria com o Liceu N\u00f3brega. Ao longo desses dias, est\u00e1 sendo ministrado um curso de introdu\u00e7\u00e3o ao design gr\u00e1fico.<\/span><\/p>\n<p>Esse curso \u00e9 oferecido por Jos\u00e9 Maria da Silva Filho, integrante do Instituto Humanitas Unicap. Ele ressaltou a import\u00e2ncia dessa forma\u00e7\u00e3o. &#8220;Queremos que os estudantes tenham ferramentas para interpretar a realidade, sejam capazes de perceber o que n\u00e3o est\u00e1 t\u00e3o expl\u00edcito\u00a0nela, sejam agentes transformadores, e o design gr\u00e1fico, ou artes gr\u00e1ficas, que \u00e9 uma das formas de comunicar visualmente conceitos, ideias, t\u00e3o em alta em nosso tempo, nos ajudam nesse ponto&#8221;. Disse ainda: &#8220;quem sabe os ajude a decidir qual carreira v\u00e3o querer seguir no futuro?&#8221;<\/p>\n<p>Na aula, Jos\u00e9 Maria utilizou slides falando sobre o que seria o design e, depois, mostrou algumas t\u00e9cnicas empregadas na constru\u00e7\u00e3o de uma arte e comentou que, ao final da semana e do minicurso, ele pretende sugerir que os alunos elaborem um projeto final, que pode ser um folder ou um jornalzinho, ou algo que possa colaborar, tanto na sua aprendizagem como nas atividades do Liceu.<\/p>\n<p>Al\u00e9m desse curso, est\u00e3o agendadas para este semestre as seguintes atividades:<\/p>\n<p><strong>Cursos e oficinas:<\/strong><\/p>\n<p>1 \u00a0 \u00a0 \u00a0Cria\u00e7\u00e3o de blogs e postagem em redes sociais \u2013 Carlos Vieira (Instituto Humanitas Unicap)<\/p>\n<p>2 \u00a0 \u00a0 \u00a0Fotografia \u2013 Paulo Maia (ASSECOM)<\/p>\n<p><strong>Palestras:<\/strong><\/p>\n<p>1\u00a0\u00a0\u00a0 Media\u00e7\u00e3o de conflitos, voltada para os Professores (turno da manh\u00e3) &#8211; GAJOP<\/p>\n<p>2\u00a0\u00a0\u00a0 O que \u00e9 a verdade? &#8211; Lailson (Liceu)<\/p>\n<p>3\u00a0\u00a0\u00a0 Minha fam\u00edlia: as novas configura\u00e7\u00f5es \u2013 Ver\u00f4nica e Marilene (Liceu)<\/p>\n<p>4\u00a0\u00a0\u00a0 Lideran\u00e7a jovem e lideran\u00e7a comunit\u00e1ria \u2013 GAJOP<\/p>\n<p>5\u00a0\u00a0\u00a0 Reciclar e reaproveitar (Economia solid\u00e1ria) \u2013 M\u00e3es do Liceu<\/p>\n<p>&nbsp;<\/p>\n","protected":false},"excerpt":{"rendered":"<p>Come\u00e7ou hoje (7) e segue at\u00e9 a pr\u00f3xima segunda-feira (13) mais uma atividade do \u00a0&#8220;Articulando conhecimentos, resgatando saberes&#8221;, projeto desenvolvido pelo Instituto Humanitas Unicap em parceria com o Liceu N\u00f3brega. Ao longo desses dias, est\u00e1 sendo ministrado um curso de introdu\u00e7\u00e3o ao design gr\u00e1fico. Esse curso \u00e9 oferecido por Jos\u00e9 Maria da Silva Filho, integrante [&hellip;]<\/p>\n","protected":false},"author":49,"featured_media":38443,"comment_status":"open","ping_status":"open","sticky":false,"template":"","format":"standard","meta":[],"categories":[4],"tags":[],"jetpack-related-posts":[],"_links":{"self":[{"href":"https:\/\/www1.unicap.br\/assecom1\/wp-json\/wp\/v2\/posts\/38360"}],"collection":[{"href":"https:\/\/www1.unicap.br\/assecom1\/wp-json\/wp\/v2\/posts"}],"about":[{"href":"https:\/\/www1.unicap.br\/assecom1\/wp-json\/wp\/v2\/types\/post"}],"author":[{"embeddable":true,"href":"https:\/\/www1.unicap.br\/assecom1\/wp-json\/wp\/v2\/users\/49"}],"replies":[{"embeddable":true,"href":"https:\/\/www1.unicap.br\/assecom1\/wp-json\/wp\/v2\/comments?post=38360"}],"version-history":[{"count":7,"href":"https:\/\/www1.unicap.br\/assecom1\/wp-json\/wp\/v2\/posts\/38360\/revisions"}],"predecessor-version":[{"id":38428,"href":"https:\/\/www1.unicap.br\/assecom1\/wp-json\/wp\/v2\/posts\/38360\/revisions\/38428"}],"wp:featuredmedia":[{"embeddable":true,"href":"https:\/\/www1.unicap.br\/assecom1\/wp-json\/wp\/v2\/media\/38443"}],"wp:attachment":[{"href":"https:\/\/www1.unicap.br\/assecom1\/wp-json\/wp\/v2\/media?parent=38360"}],"wp:term":[{"taxonomy":"category","embeddable":true,"href":"https:\/\/www1.unicap.br\/assecom1\/wp-json\/wp\/v2\/categories?post=38360"},{"taxonomy":"post_tag","embeddable":true,"href":"https:\/\/www1.unicap.br\/assecom1\/wp-json\/wp\/v2\/tags?post=38360"}],"curies":[{"name":"wp","href":"https:\/\/api.w.org\/{rel}","templated":true}]}}