{"id":38257,"date":"2013-05-02T22:54:27","date_gmt":"2013-05-02T22:54:27","guid":{"rendered":"http:\/\/www.unicap.br\/assecom1\/?p=38257"},"modified":"2013-05-03T18:28:40","modified_gmt":"2013-05-03T18:28:40","slug":"fasa-celebra-novo-momento-institucional-e-34-anos-de-historia","status":"publish","type":"post","link":"https:\/\/www1.unicap.br\/assecom1\/fasa-celebra-novo-momento-institucional-e-34-anos-de-historia\/","title":{"rendered":"Fasa celebra novo momento institucional e 34 anos de hist\u00f3ria"},"content":{"rendered":"<figure id=\"attachment_38259\" aria-describedby=\"caption-attachment-38259\" style=\"width: 300px\" class=\"wp-caption alignleft\"><a href=\"https:\/\/i2.wp.com\/www1.unicap.br\/assecom1\/wp-content\/uploads\/2013\/05\/parabens-FASA-e-aniversariantes-do-mes.jpg?ssl=1\"><img data-attachment-id=\"38259\" data-permalink=\"https:\/\/www1.unicap.br\/assecom1\/fasa-celebra-novo-momento-institucional-e-34-anos-de-historia\/parabens-fasa-e-aniversariantes-do-mes\/\" data-orig-file=\"https:\/\/i2.wp.com\/www1.unicap.br\/assecom1\/wp-content\/uploads\/2013\/05\/parabens-FASA-e-aniversariantes-do-mes.jpg?fit=4288%2C2848&amp;ssl=1\" data-orig-size=\"4288,2848\" data-comments-opened=\"1\" data-image-meta=\"{&quot;aperture&quot;:&quot;5.6&quot;,&quot;credit&quot;:&quot;&quot;,&quot;camera&quot;:&quot;NIKON D90&quot;,&quot;caption&quot;:&quot;&quot;,&quot;created_timestamp&quot;:&quot;1366941021&quot;,&quot;copyright&quot;:&quot;&quot;,&quot;focal_length&quot;:&quot;18&quot;,&quot;iso&quot;:&quot;400&quot;,&quot;shutter_speed&quot;:&quot;0.0125&quot;,&quot;title&quot;:&quot;&quot;}\" data-image-title=\"parabens FASA e aniversariantes do mes\" data-image-description=\"\" data-medium-file=\"https:\/\/i2.wp.com\/www1.unicap.br\/assecom1\/wp-content\/uploads\/2013\/05\/parabens-FASA-e-aniversariantes-do-mes.jpg?fit=300%2C199&amp;ssl=1\" data-large-file=\"https:\/\/i2.wp.com\/www1.unicap.br\/assecom1\/wp-content\/uploads\/2013\/05\/parabens-FASA-e-aniversariantes-do-mes.jpg?fit=640%2C425&amp;ssl=1\" loading=\"lazy\" class=\"size-medium wp-image-38259 \" alt=\"parabens FASA e aniversariantes do mes\" src=\"https:\/\/i2.wp.com\/www1.unicap.br\/assecom1\/wp-content\/uploads\/2013\/05\/parabens-FASA-e-aniversariantes-do-mes.jpg?resize=300%2C199&#038;ssl=1\" srcset=\"https:\/\/i2.wp.com\/www1.unicap.br\/assecom1\/wp-content\/uploads\/2013\/05\/parabens-FASA-e-aniversariantes-do-mes.jpg?resize=300%2C199&amp;ssl=1 300w, https:\/\/i2.wp.com\/www1.unicap.br\/assecom1\/wp-content\/uploads\/2013\/05\/parabens-FASA-e-aniversariantes-do-mes.jpg?resize=1024%2C680&amp;ssl=1 1024w, https:\/\/i2.wp.com\/www1.unicap.br\/assecom1\/wp-content\/uploads\/2013\/05\/parabens-FASA-e-aniversariantes-do-mes.jpg?w=1280&amp;ssl=1 1280w, https:\/\/i2.wp.com\/www1.unicap.br\/assecom1\/wp-content\/uploads\/2013\/05\/parabens-FASA-e-aniversariantes-do-mes.jpg?w=1920&amp;ssl=1 1920w\" sizes=\"(max-width: 300px) 100vw, 300px\" data-recalc-dims=\"1\" \/><\/a><figcaption id=\"caption-attachment-38259\" class=\"wp-caption-text\">Equipe recebida por um delicioso caf\u00e9 da manha<\/figcaption><\/figure>\n<p>A manh\u00e3 da sexta-feira(26) para os funcion\u00e1rios e colaboradores da Funda\u00e7\u00e3o Ant\u00f4nio dos Santos Abranches (Fasa) foi dedicada a um encontro institucional, motivacional e comemorativo pelos 34 anos de cria\u00e7\u00e3o da Funda\u00e7\u00e3o, completados no dia 3 de abril.\u00a0 Na ocasi\u00e3o, os participantes foram recebidos com um delicioso caf\u00e9 da manh\u00e3 e, em seguisa, assistiram \u00e0s palestras do Pr\u00f3-reitor Comunit\u00e1rio, Padre L\u00facio Fl\u00e1vio Cirne, do Pr\u00f3-reitor Administrativo, Luciano Pinheiro, e da gerente executiva Izabel Oliveira.<\/p>\n<figure id=\"attachment_38261\" aria-describedby=\"caption-attachment-38261\" style=\"width: 191px\" class=\"wp-caption alignright\"><a href=\"https:\/\/i0.wp.com\/www1.unicap.br\/assecom1\/wp-content\/uploads\/2013\/05\/pe.jpg?ssl=1\"><img data-attachment-id=\"38261\" data-permalink=\"https:\/\/www1.unicap.br\/assecom1\/fasa-celebra-novo-momento-institucional-e-34-anos-de-historia\/pe\/\" data-orig-file=\"https:\/\/i0.wp.com\/www1.unicap.br\/assecom1\/wp-content\/uploads\/2013\/05\/pe.jpg?fit=436%2C683&amp;ssl=1\" data-orig-size=\"436,683\" data-comments-opened=\"1\" data-image-meta=\"{&quot;aperture&quot;:&quot;0&quot;,&quot;credit&quot;:&quot;&quot;,&quot;camera&quot;:&quot;&quot;,&quot;caption&quot;:&quot;&quot;,&quot;created_timestamp&quot;:&quot;0&quot;,&quot;copyright&quot;:&quot;&quot;,&quot;focal_length&quot;:&quot;0&quot;,&quot;iso&quot;:&quot;0&quot;,&quot;shutter_speed&quot;:&quot;0&quot;,&quot;title&quot;:&quot;&quot;}\" data-image-title=\"pe\" data-image-description=\"\" data-medium-file=\"https:\/\/i0.wp.com\/www1.unicap.br\/assecom1\/wp-content\/uploads\/2013\/05\/pe.jpg?fit=191%2C300&amp;ssl=1\" data-large-file=\"https:\/\/i0.wp.com\/www1.unicap.br\/assecom1\/wp-content\/uploads\/2013\/05\/pe.jpg?fit=436%2C683&amp;ssl=1\" loading=\"lazy\" class=\"size-medium wp-image-38261   \" alt=\"pe\" src=\"https:\/\/i0.wp.com\/www1.unicap.br\/assecom1\/wp-content\/uploads\/2013\/05\/pe.jpg?resize=191%2C300&#038;ssl=1\" srcset=\"https:\/\/i0.wp.com\/www1.unicap.br\/assecom1\/wp-content\/uploads\/2013\/05\/pe.jpg?resize=191%2C300&amp;ssl=1 191w, https:\/\/i0.wp.com\/www1.unicap.br\/assecom1\/wp-content\/uploads\/2013\/05\/pe.jpg?w=436&amp;ssl=1 436w\" sizes=\"(max-width: 191px) 100vw, 191px\" data-recalc-dims=\"1\" \/><\/a><figcaption id=\"caption-attachment-38261\" class=\"wp-caption-text\">Pe. Ant\u00f4nio dos Santos Abranches Foto: acervo de Valdice Dantas<\/figcaption><\/figure>\n<p>Durante a \u00a0palestra, Padre L\u00facio destacou a hist\u00f3ria daquele que pode ser considerado &#8211; \u00a0segundo o Reitor Pe. Pedro Rubens &#8211;\u00a0o primeiro Reitor da Universidade Cat\u00f3lica de Pernambuco, o Padre Ant\u00f4nio dos Santos Abranches, \u00a0que d\u00e1 nome \u00e0 Fasa. Os funcion\u00e1rios conheceram a vida deste membro atuante da Companhia de Jesus. De nacionalidade portuguesa, ele nasceu no dia 3 de fevereiro de 1898. Abranches veio de uma fam\u00edlia tradicional e firmada na f\u00e9 cat\u00f3lica. Ingressou no noviciado dos jesu\u00edtas, em M\u00farcia, na Espanha. De 1922 a 1925 foi professor de Portugu\u00eas, Ingl\u00eas, Ci\u00eancias F\u00edsicas e Naturais, no Col\u00e9gio N\u00f3brega, no Recife.\u00a0 Em 1943, se destacou, sendo um dos respons\u00e1veis pela estrutura\u00e7\u00e3o da Faculdade de Filosofia, Ci\u00eancias e Letras Manoel da N\u00f3brega. O Padre L\u00facio lembrou a atua\u00e7\u00e3o que Abranches teve no processo de constru\u00e7\u00e3o da Unicap, sendo o seu primeiro Ec\u00f4nomo Geral, em 1951. \u201cEle construiu, em menos de 10 anos, os blocos A e C, deixando prontas as estruturas do bloco B e a Capela\u201d, lembrou Padre L\u00facio, afirmando tamb\u00e9m que foi durante sua administra\u00e7\u00e3o que se deu a concretiza\u00e7\u00e3o da compra do Col\u00e9gio Arquidiocesano &#8211; atual pr\u00e9dio da Fasa -, transformando-o em Col\u00e9gio de Aplica\u00e7\u00e3o.<\/p>\n<p>Izabel Oliveira desenvolveu um trabalho em grupo, focando a\u00a0 identidade da Fasa.\u00a0\u201cA ideia \u00e9 que reflitamos sobre uma experi\u00eancia extraordin\u00e1ria, um ponto alto na sua vida profissional. Quando se sentiram mais cheios de \u00e2nimo, mais engajados e orgulhosos por terem realizado alguma atividade, espero que pensemos juntos sobre o que mais valorizamos em nossa vida, no nosso trabalho e em nossa organiza\u00e7\u00e3o. Estamos passando por um intenso processo de reestrutura\u00e7\u00e3o. Esse encontro de hoje \u00e9 mais uma etapa implementada\u201d, falou a gerente.<\/p>\n<figure id=\"attachment_38260\" aria-describedby=\"caption-attachment-38260\" style=\"width: 300px\" class=\"wp-caption alignleft\"><a href=\"https:\/\/i2.wp.com\/www1.unicap.br\/assecom1\/wp-content\/uploads\/2013\/05\/pe-l\u00facio-izabel-e-luciano.jpg?ssl=1\"><img data-attachment-id=\"38260\" data-permalink=\"https:\/\/www1.unicap.br\/assecom1\/fasa-celebra-novo-momento-institucional-e-34-anos-de-historia\/pe-lucio-izabel-e-luciano\/\" data-orig-file=\"https:\/\/i2.wp.com\/www1.unicap.br\/assecom1\/wp-content\/uploads\/2013\/05\/pe-l\u00facio-izabel-e-luciano.jpg?fit=4288%2C2848&amp;ssl=1\" data-orig-size=\"4288,2848\" data-comments-opened=\"1\" data-image-meta=\"{&quot;aperture&quot;:&quot;6.3&quot;,&quot;credit&quot;:&quot;&quot;,&quot;camera&quot;:&quot;NIKON D90&quot;,&quot;caption&quot;:&quot;&quot;,&quot;created_timestamp&quot;:&quot;1366930259&quot;,&quot;copyright&quot;:&quot;&quot;,&quot;focal_length&quot;:&quot;26&quot;,&quot;iso&quot;:&quot;400&quot;,&quot;shutter_speed&quot;:&quot;0.066666666666667&quot;,&quot;title&quot;:&quot;&quot;}\" data-image-title=\"pe l\u00facio, izabel e luciano\" data-image-description=\"\" data-medium-file=\"https:\/\/i2.wp.com\/www1.unicap.br\/assecom1\/wp-content\/uploads\/2013\/05\/pe-l\u00facio-izabel-e-luciano.jpg?fit=300%2C199&amp;ssl=1\" data-large-file=\"https:\/\/i2.wp.com\/www1.unicap.br\/assecom1\/wp-content\/uploads\/2013\/05\/pe-l\u00facio-izabel-e-luciano.jpg?fit=640%2C425&amp;ssl=1\" loading=\"lazy\" class=\"size-medium wp-image-38260 \" alt=\"pe l\u00facio, izabel e luciano\" src=\"https:\/\/i2.wp.com\/www1.unicap.br\/assecom1\/wp-content\/uploads\/2013\/05\/pe-l\u00facio-izabel-e-luciano.jpg?resize=300%2C199&#038;ssl=1\" srcset=\"https:\/\/i2.wp.com\/www1.unicap.br\/assecom1\/wp-content\/uploads\/2013\/05\/pe-l\u00facio-izabel-e-luciano.jpg?resize=300%2C199&amp;ssl=1 300w, https:\/\/i2.wp.com\/www1.unicap.br\/assecom1\/wp-content\/uploads\/2013\/05\/pe-l\u00facio-izabel-e-luciano.jpg?resize=1024%2C680&amp;ssl=1 1024w, https:\/\/i2.wp.com\/www1.unicap.br\/assecom1\/wp-content\/uploads\/2013\/05\/pe-l\u00facio-izabel-e-luciano.jpg?w=1280&amp;ssl=1 1280w, https:\/\/i2.wp.com\/www1.unicap.br\/assecom1\/wp-content\/uploads\/2013\/05\/pe-l\u00facio-izabel-e-luciano.jpg?w=1920&amp;ssl=1 1920w\" sizes=\"(max-width: 300px) 100vw, 300px\" data-recalc-dims=\"1\" \/><\/a><figcaption id=\"caption-attachment-38260\" class=\"wp-caption-text\">Pe L\u00facio, Izabel e Luciano<\/figcaption><\/figure>\n<p><b>\u00a0<\/b>O Pr\u00f3-reitor Luciano Pinheiro abordou pontos pertinentes \u00e0 atua\u00e7\u00e3o da Institui\u00e7\u00e3o. Explicando o que \u00e9 uma Organiza\u00e7\u00e3o do Terceiro Setor, sustentabilidade institucional, uma Funda\u00e7\u00e3o; quais as institui\u00e7\u00f5es que fazem parte do terceiro setor; apresentou o estatuto e o organograma da Fasa.<\/p>\n<p><b>ORGANIZA\u00c7\u00c3O DO TERCEIRO SETOR &#8211; <\/b>As bases estruturadoras est\u00e3o fincadas no campo social e n\u00e3o no econ\u00f4mico.\u00a0 Fazem parte: ONGs, funda\u00e7\u00f5es, associa\u00e7\u00f5es, sindicatos, entidades religiosas, dentre outros.<\/p>\n<p><b>\u00a0<\/b><b>SUSTENTABILIDADE INSTITUCIONAL \u2013<\/b> A no\u00e7\u00e3o de ser sustent\u00e1vel est\u00e1 ligada em conseguir prover as necessidades das gera\u00e7\u00f5es presentes, sem comprometer a capacidade das gera\u00e7\u00f5es futuras em garantir suas pr\u00f3prias necessidades.<\/p>\n<p><b>FUNDA\u00c7\u00c3O &#8211; <\/b>S\u00e3o pessoas jur\u00eddicas de direito privado ou de direito p\u00fablico, com fins n\u00e3o econ\u00f4micos, constitu\u00eddas para servir a uma determinada finalidade, de cunho religioso, moral, cultural ou de assist\u00eancia. A funda\u00e7\u00e3o somente poder\u00e1 constituir-se para fins religiosos, morais, culturais ou de assist\u00eancia.<\/p>\n<p>Logo ap\u00f3s, os funcion\u00e1rios assistiram a um v\u00eddeo motivacional. O encontro foi encerrado com um parab\u00e9ns aos aniversariantes do m\u00eas de abril e aos 34 anos da\u00a0 Fasa, fundada em 3 de abril de 1979. O supervisor de qualidade Mois\u00e9s Germano falou sobre o evento. \u201cFoi mais uma \u00f3tima iniciativa dessa nova fase da nossa Funda\u00e7\u00e3o. Conhecemos a vida do Padre Abranches, que foi um vision\u00e1rio e desbravador. Nessa administra\u00e7\u00e3o, somos ouvidos, nos sentimos incentivados e valorizados. Temos funcion\u00e1rios cursando Jornalismo, Fotografia e outros cursos aqui na Unicap\u201d, lembrou ele.<\/p>\n","protected":false},"excerpt":{"rendered":"<p>A manh\u00e3 da sexta-feira(26) para os funcion\u00e1rios e colaboradores da Funda\u00e7\u00e3o Ant\u00f4nio dos Santos Abranches (Fasa) foi dedicada a um encontro institucional, motivacional e comemorativo pelos 34 anos de cria\u00e7\u00e3o da Funda\u00e7\u00e3o, completados no dia 3 de abril.\u00a0 Na ocasi\u00e3o, os participantes foram recebidos com um delicioso caf\u00e9 da manh\u00e3 e, em seguisa, assistiram \u00e0s [&hellip;]<\/p>\n","protected":false},"author":50,"featured_media":0,"comment_status":"open","ping_status":"open","sticky":false,"template":"","format":"standard","meta":[],"categories":[4],"tags":[],"jetpack-related-posts":[],"_links":{"self":[{"href":"https:\/\/www1.unicap.br\/assecom1\/wp-json\/wp\/v2\/posts\/38257"}],"collection":[{"href":"https:\/\/www1.unicap.br\/assecom1\/wp-json\/wp\/v2\/posts"}],"about":[{"href":"https:\/\/www1.unicap.br\/assecom1\/wp-json\/wp\/v2\/types\/post"}],"author":[{"embeddable":true,"href":"https:\/\/www1.unicap.br\/assecom1\/wp-json\/wp\/v2\/users\/50"}],"replies":[{"embeddable":true,"href":"https:\/\/www1.unicap.br\/assecom1\/wp-json\/wp\/v2\/comments?post=38257"}],"version-history":[{"count":17,"href":"https:\/\/www1.unicap.br\/assecom1\/wp-json\/wp\/v2\/posts\/38257\/revisions"}],"predecessor-version":[{"id":38289,"href":"https:\/\/www1.unicap.br\/assecom1\/wp-json\/wp\/v2\/posts\/38257\/revisions\/38289"}],"wp:attachment":[{"href":"https:\/\/www1.unicap.br\/assecom1\/wp-json\/wp\/v2\/media?parent=38257"}],"wp:term":[{"taxonomy":"category","embeddable":true,"href":"https:\/\/www1.unicap.br\/assecom1\/wp-json\/wp\/v2\/categories?post=38257"},{"taxonomy":"post_tag","embeddable":true,"href":"https:\/\/www1.unicap.br\/assecom1\/wp-json\/wp\/v2\/tags?post=38257"}],"curies":[{"name":"wp","href":"https:\/\/api.w.org\/{rel}","templated":true}]}}