{"id":38023,"date":"2013-04-23T22:12:57","date_gmt":"2013-04-23T22:12:57","guid":{"rendered":"http:\/\/www.unicap.br\/assecom1\/?p=38023"},"modified":"2013-04-23T22:19:15","modified_gmt":"2013-04-23T22:19:15","slug":"a-estrategia-de-reuso-da-agua-na-refinaria-do-nordeste-e-o-tema-do-quarta-ambiental-promovida-pela-unicap","status":"publish","type":"post","link":"https:\/\/www1.unicap.br\/assecom1\/a-estrategia-de-reuso-da-agua-na-refinaria-do-nordeste-e-o-tema-do-quarta-ambiental-promovida-pela-unicap\/","title":{"rendered":"&#8220;A Estrat\u00e9gia de Re\u00faso da \u00c1gua na Refinaria do Nordeste&#8221; \u00e9 o tema da Quarta Ambiental promovida pela Unicap"},"content":{"rendered":"<p><a href=\"https:\/\/i0.wp.com\/www1.unicap.br\/assecom1\/wp-content\/uploads\/2013\/04\/\u00e1gua.jpg?ssl=1\"><img data-attachment-id=\"38007\" data-permalink=\"https:\/\/www1.unicap.br\/assecom1\/agua\/\" data-orig-file=\"https:\/\/i0.wp.com\/www1.unicap.br\/assecom1\/wp-content\/uploads\/2013\/04\/\u00e1gua.jpg?fit=549%2C392&amp;ssl=1\" data-orig-size=\"549,392\" data-comments-opened=\"1\" data-image-meta=\"{&quot;aperture&quot;:&quot;0&quot;,&quot;credit&quot;:&quot;&quot;,&quot;camera&quot;:&quot;&quot;,&quot;caption&quot;:&quot;&quot;,&quot;created_timestamp&quot;:&quot;0&quot;,&quot;copyright&quot;:&quot;&quot;,&quot;focal_length&quot;:&quot;0&quot;,&quot;iso&quot;:&quot;0&quot;,&quot;shutter_speed&quot;:&quot;0&quot;,&quot;title&quot;:&quot;&quot;}\" data-image-title=\"\u00e1gua\" data-image-description=\"\" data-medium-file=\"https:\/\/i0.wp.com\/www1.unicap.br\/assecom1\/wp-content\/uploads\/2013\/04\/\u00e1gua.jpg?fit=300%2C214&amp;ssl=1\" data-large-file=\"https:\/\/i0.wp.com\/www1.unicap.br\/assecom1\/wp-content\/uploads\/2013\/04\/\u00e1gua.jpg?fit=549%2C392&amp;ssl=1\" loading=\"lazy\" class=\"aligncenter size-full wp-image-38007\" alt=\"\u00e1gua\" src=\"https:\/\/i0.wp.com\/www1.unicap.br\/assecom1\/wp-content\/uploads\/2013\/04\/\u00e1gua.jpg?resize=549%2C392&#038;ssl=1\" srcset=\"https:\/\/i0.wp.com\/www1.unicap.br\/assecom1\/wp-content\/uploads\/2013\/04\/\u00e1gua.jpg?w=549&amp;ssl=1 549w, https:\/\/i0.wp.com\/www1.unicap.br\/assecom1\/wp-content\/uploads\/2013\/04\/\u00e1gua.jpg?resize=300%2C214&amp;ssl=1 300w\" sizes=\"(max-width: 549px) 100vw, 549px\" data-recalc-dims=\"1\" \/><\/a><\/p>\n<p>Nesta quarta feira (24), \u00e0s 17h, ser\u00e1 realizada mais uma edi\u00e7\u00e3o da &#8220;Quarta Ambiental&#8221;, que ter\u00e1 como tema: &#8220;A Estrat\u00e9gia de Re\u00faso da \u00c1gua na Refinaria do Nordeste&#8221;. O evento ir\u00e1 acontecer na sala 113, no 1\u00ba andar do bloco D da Unicap, e ter\u00e1 como palestrante o Prof. Jos\u00e9 Antonio Marques, dos cursos de Engenharia Qu\u00edmica e Ambiental da Cat\u00f3lica.<\/p>\n<p>O objetivo da Quarta Ambiental \u00e9 criar um espa\u00e7o para discuss\u00e3o das quest\u00f5es ambientais, n\u00e3o restringindo apenas \u00e0s quest\u00f5es da engenharia, mas ao meio ambiente de uma forma geral, explica o coordenador do curso de Engenharia Ambiental, Prof. Jos\u00e9 Edson Gomes de Souza.<\/p>\n<p>O evento \u00e9 aberto ao p\u00fablico e conta como atividade complementar.<\/p>\n<p>&nbsp;<\/p>\n<p>&nbsp;<\/p>\n<p>&nbsp;<\/p>\n","protected":false},"excerpt":{"rendered":"<p>Nesta quarta feira (24), \u00e0s 17h, ser\u00e1 realizada mais uma edi\u00e7\u00e3o da &#8220;Quarta Ambiental&#8221;, que ter\u00e1 como tema: &#8220;A Estrat\u00e9gia de Re\u00faso da \u00c1gua na Refinaria do Nordeste&#8221;. O evento ir\u00e1 acontecer na sala 113, no 1\u00ba andar do bloco D da Unicap, e ter\u00e1 como palestrante o Prof. Jos\u00e9 Antonio Marques, dos cursos de [&hellip;]<\/p>\n","protected":false},"author":49,"featured_media":0,"comment_status":"open","ping_status":"open","sticky":false,"template":"","format":"standard","meta":[],"categories":[4],"tags":[],"jetpack-related-posts":[],"_links":{"self":[{"href":"https:\/\/www1.unicap.br\/assecom1\/wp-json\/wp\/v2\/posts\/38023"}],"collection":[{"href":"https:\/\/www1.unicap.br\/assecom1\/wp-json\/wp\/v2\/posts"}],"about":[{"href":"https:\/\/www1.unicap.br\/assecom1\/wp-json\/wp\/v2\/types\/post"}],"author":[{"embeddable":true,"href":"https:\/\/www1.unicap.br\/assecom1\/wp-json\/wp\/v2\/users\/49"}],"replies":[{"embeddable":true,"href":"https:\/\/www1.unicap.br\/assecom1\/wp-json\/wp\/v2\/comments?post=38023"}],"version-history":[{"count":8,"href":"https:\/\/www1.unicap.br\/assecom1\/wp-json\/wp\/v2\/posts\/38023\/revisions"}],"predecessor-version":[{"id":38048,"href":"https:\/\/www1.unicap.br\/assecom1\/wp-json\/wp\/v2\/posts\/38023\/revisions\/38048"}],"wp:attachment":[{"href":"https:\/\/www1.unicap.br\/assecom1\/wp-json\/wp\/v2\/media?parent=38023"}],"wp:term":[{"taxonomy":"category","embeddable":true,"href":"https:\/\/www1.unicap.br\/assecom1\/wp-json\/wp\/v2\/categories?post=38023"},{"taxonomy":"post_tag","embeddable":true,"href":"https:\/\/www1.unicap.br\/assecom1\/wp-json\/wp\/v2\/tags?post=38023"}],"curies":[{"name":"wp","href":"https:\/\/api.w.org\/{rel}","templated":true}]}}