{"id":37769,"date":"2013-04-16T17:54:45","date_gmt":"2013-04-16T17:54:45","guid":{"rendered":"http:\/\/www.unicap.br\/assecom1\/?p=37769"},"modified":"2013-04-17T00:07:43","modified_gmt":"2013-04-17T00:07:43","slug":"livro-pratica-psicologica-na-perspectiva-fenomenologica-sera-lancado-nesta-quarta","status":"publish","type":"post","link":"https:\/\/www1.unicap.br\/assecom1\/livro-pratica-psicologica-na-perspectiva-fenomenologica-sera-lancado-nesta-quarta\/","title":{"rendered":"Livro Pr\u00e1tica Psicol\u00f3gica na Perspectiva Fenomenol\u00f3gica ser\u00e1 lan\u00e7ado nesta quarta-feira"},"content":{"rendered":"<p><i><a href=\"http:\/\/www.jurua.com.br\/shop_item.asp?id=22948\"><img data-attachment-id=\"37772\" data-permalink=\"https:\/\/www1.unicap.br\/assecom1\/livro-pratica-psicologica-na-perspectiva-fenomenologica-sera-lancado-nesta-quarta\/attachment\/22948\/\" data-orig-file=\"https:\/\/i1.wp.com\/www1.unicap.br\/assecom1\/wp-content\/uploads\/2013\/04\/22948.jpg?fit=135%2C180&amp;ssl=1\" data-orig-size=\"135,180\" data-comments-opened=\"1\" data-image-meta=\"{&quot;aperture&quot;:&quot;0&quot;,&quot;credit&quot;:&quot;&quot;,&quot;camera&quot;:&quot;&quot;,&quot;caption&quot;:&quot;&quot;,&quot;created_timestamp&quot;:&quot;0&quot;,&quot;copyright&quot;:&quot;&quot;,&quot;focal_length&quot;:&quot;0&quot;,&quot;iso&quot;:&quot;0&quot;,&quot;shutter_speed&quot;:&quot;0&quot;,&quot;title&quot;:&quot;&quot;}\" data-image-title=\"\tPr\u00e1tica Psicol\u00f3gica na Perspectiva Fenomenol\u00f3gica \" data-image-description=\"\" data-medium-file=\"https:\/\/i1.wp.com\/www1.unicap.br\/assecom1\/wp-content\/uploads\/2013\/04\/22948.jpg?fit=135%2C180&amp;ssl=1\" data-large-file=\"https:\/\/i1.wp.com\/www1.unicap.br\/assecom1\/wp-content\/uploads\/2013\/04\/22948.jpg?fit=135%2C180&amp;ssl=1\" loading=\"lazy\" class=\"alignleft size-full wp-image-37772\" title=\"Pr\u00e1tica Psicol\u00f3gica na Perspectiva Fenomenol\u00f3gica \" alt=\"Pr\u00e1tica Psicol\u00f3gica na Perspectiva Fenomenol\u00f3gica \" src=\"https:\/\/i1.wp.com\/www1.unicap.br\/assecom1\/wp-content\/uploads\/2013\/04\/22948.jpg?resize=135%2C180&#038;ssl=1\" data-recalc-dims=\"1\" \/><\/a>Pr\u00e1tica<\/i> <i>Psicol\u00f3gica na Perspectiva Fenomenol\u00f3gica<\/i> \u00e9 o nome do livro que ser\u00e1 lan\u00e7ado no sal\u00e3o receptivo da Unicap nesta quarta-feira (17), \u00e0s 18h. A obra \u00e9 organizada pela coordenadora do Programa de P\u00f3s-gradua\u00e7\u00e3o em Psicologia Cl\u00ednica da Unicap, Prof\u00ba Dr\u00aa Carmem L\u00facia Brito Tavares Barreto, e pelos professores Henriette Tognetti Penha Morato e Marcus T\u00falio Caldas.<\/p>\n<div><strong>SINOPSE<\/strong><\/div>\n<div>\n<p>A presente obra contempla reflex\u00f5es sobre a pr\u00e1tica psicol\u00f3gica vista sob outra perspectiva: a da fenomenologia como questionadora de um pensamento hegem\u00f4nico de conhecimento. Os textos reunidos neste trabalho abarcam quest\u00f5es fenomenol\u00f3gicas e apresentam alternativas de compreens\u00e3o da a\u00e7\u00e3o psicol\u00f3gica e da pesquisa em Psicologia que n\u00e3o desconsideram a historicidade na constitui\u00e7\u00e3o do modo humano de ser.<\/p>\n<p>De uma maneira mais espec\u00edfica, s\u00e3o estudados temas da Fenomenologia, em especial da Fenomenologia Existencial de Martin Heidegger, que refletem sobre a constitui\u00e7\u00e3o &#8216;existencial&#8217; de uma Psicologia Cl\u00ednica que, ao escapar do modelo de teoria e pesquisa cient\u00edfica tradicional, possa apontar para um novo horizonte de tematiza\u00e7\u00e3o psicol\u00f3gica.<\/p>\n<p>Esperamos que os trabalhos selecionados possam deixar claro aos leitores o momento de travessia pelo qual passa a pr\u00e1tica psicol\u00f3gica, ao apresentarem questionamentos sobre os fundamentos te\u00f3ricos tradicionais da Psicologia Cl\u00ednica e suas possibilidades para compreender e atender \u00e0 demanda psicol\u00f3gica pr\u00f3pria da contemporaneidade.<\/p>\n<p><a href=\"http:\/\/www.jurua.com.br\/shop_item.asp?id=22948\"><strong>Saiba mais [+]<\/strong><\/a><\/p>\n<\/div>\n","protected":false},"excerpt":{"rendered":"<p>Pr\u00e1tica Psicol\u00f3gica na Perspectiva Fenomenol\u00f3gica \u00e9 o nome do livro que ser\u00e1 lan\u00e7ado no sal\u00e3o receptivo da Unicap nesta quarta-feira (17), \u00e0s 18h. A obra \u00e9 organizada pela coordenadora do Programa de P\u00f3s-gradua\u00e7\u00e3o em Psicologia Cl\u00ednica da Unicap, Prof\u00ba Dr\u00aa Carmem L\u00facia Brito Tavares Barreto, e pelos professores Henriette Tognetti Penha Morato e Marcus T\u00falio [&hellip;]<\/p>\n","protected":false},"author":8,"featured_media":0,"comment_status":"open","ping_status":"open","sticky":false,"template":"","format":"standard","meta":[],"categories":[4],"tags":[],"jetpack-related-posts":[],"_links":{"self":[{"href":"https:\/\/www1.unicap.br\/assecom1\/wp-json\/wp\/v2\/posts\/37769"}],"collection":[{"href":"https:\/\/www1.unicap.br\/assecom1\/wp-json\/wp\/v2\/posts"}],"about":[{"href":"https:\/\/www1.unicap.br\/assecom1\/wp-json\/wp\/v2\/types\/post"}],"author":[{"embeddable":true,"href":"https:\/\/www1.unicap.br\/assecom1\/wp-json\/wp\/v2\/users\/8"}],"replies":[{"embeddable":true,"href":"https:\/\/www1.unicap.br\/assecom1\/wp-json\/wp\/v2\/comments?post=37769"}],"version-history":[{"count":5,"href":"https:\/\/www1.unicap.br\/assecom1\/wp-json\/wp\/v2\/posts\/37769\/revisions"}],"predecessor-version":[{"id":37773,"href":"https:\/\/www1.unicap.br\/assecom1\/wp-json\/wp\/v2\/posts\/37769\/revisions\/37773"}],"wp:attachment":[{"href":"https:\/\/www1.unicap.br\/assecom1\/wp-json\/wp\/v2\/media?parent=37769"}],"wp:term":[{"taxonomy":"category","embeddable":true,"href":"https:\/\/www1.unicap.br\/assecom1\/wp-json\/wp\/v2\/categories?post=37769"},{"taxonomy":"post_tag","embeddable":true,"href":"https:\/\/www1.unicap.br\/assecom1\/wp-json\/wp\/v2\/tags?post=37769"}],"curies":[{"name":"wp","href":"https:\/\/api.w.org\/{rel}","templated":true}]}}