{"id":37766,"date":"2013-04-16T00:35:45","date_gmt":"2013-04-16T00:35:45","guid":{"rendered":"http:\/\/www.unicap.br\/assecom1\/?p=37766"},"modified":"2013-04-16T00:35:45","modified_gmt":"2013-04-16T00:35:45","slug":"semana-de-teologia-da-catolica-sera-realizada-de-8-a-10-de-maio","status":"publish","type":"post","link":"https:\/\/www1.unicap.br\/assecom1\/semana-de-teologia-da-catolica-sera-realizada-de-8-a-10-de-maio\/","title":{"rendered":"Semana de Teologia da Cat\u00f3lica ser\u00e1 realizada de 8 a 10 de maio"},"content":{"rendered":"<p>A Semana de Teologia 2013 da Universidade Cat\u00f3lica de Pernambuco ser\u00e1 promovida de 8 a 10 de maio e tem como prop\u00f3sito lan\u00e7ar um olhar teol\u00f3gico sobre a quest\u00e3o da juventude, tema escolhido em sintonia com a Jornada Mundial da Juventude, que ser\u00e1 sediada no Rio de Janeiro, no m\u00eas de julho deste ano, e com a Campanha da Fraternidade 2013. Durante os tr\u00eas dias do evento, ser\u00e3o oferecidos minicursos, oficinas, sess\u00f5es de comunica\u00e7\u00f5es, confer\u00eancias, al\u00e9m de atrativas apresenta\u00e7\u00f5es culturais. Os interessados em participar devem se inscrever pelo <strong><a title=\"http:\/\/www.unicap.br\/SemanaTeologia\/\" href=\"http:\/\/www.unicap.br\/SemanaTeologia\/\" target=\"_blank\">www.unicap.br\/SemanaTeologia\/<\/a><\/strong><\/p>\n<h3>Programa\u00e7\u00e3o<\/h3>\n<p><b>Dia 08 de maio \u2013 quarta-feira <\/b><\/p>\n<p><b>Programa\u00e7\u00e3o da tarde<\/b><\/p>\n<p>14h \u00e0s 15h30 \u2013 Painel sobre a \u201cJornada Mundial da Juventude\u201d, com Pe. Gimesson Eduardo da Silva<\/p>\n<p>16h \u00e0s 17h30 \u2013 Oficinas tem\u00e1ticas com professores de Teologia da UNICAP<\/p>\n<p><b>Oficina 1: Jesus e o jovem rico (Mc 10,17-31; Mt 19,16-30; Lc 18,18-30)<\/b><\/p>\n<p>Prof. Cl\u00e1udio Vianney Malzoni<\/p>\n<p><b>Oficina 2: A jovem igreja de Corinto<\/b><\/p>\n<p>Prof. Luiz Moura<\/p>\n<p><b>Oficina 3: O retorno \u00e0\u00a0cria\u00e7\u00e3o e\u00a0\u00e0 humanidade a partir de\u00a0s\u00e3o Francisco de Assis:\u00a0bases para uma juventude permanente.<\/b><\/p>\n<p>Prof. Marcos Almeida<\/p>\n<p><b>Oficina 4: Nove crit\u00e9rios para permanecer sempre jovem &#8211; um olhar a partir da B\u00edblia <\/b><\/p>\n<p>Prof. Jo\u00e3o Luiz Correia J\u00fanior<\/p>\n<p><b>Oficina 5: Mosaico religioso \u2013 faces do sagrado: As identidades religiosas entre os jovens na atualidade<\/b><\/p>\n<p>Prof. Vanderlei Albino Lain<\/p>\n<p>Prof. Sergio Sezino Douets<b><br \/>\n<\/b><\/p>\n<p><b>Programa\u00e7\u00e3o principal<\/b><\/p>\n<p>18h30 \u00e0s 19h \u2013 Chegue antes: momento cultural<\/p>\n<p>19h \u00e0s 19h30 \u2013 Abertura da ST2013<\/p>\n<p>19h30 \u00e0s 21h30 \u2013 Confer\u00eancia: \u201cJuventude, sociedade e comportamento\u201d, com o Prof. Dr. Pe. Jo\u00e3o Batista Lib\u00e2nio (FAJE, Belo Horizonte)<\/p>\n<p><b><br \/>\n<\/b><\/p>\n<p><b>Dia 09 de maio \u2013 quinta-feira <\/b><\/p>\n<p><b>Programa\u00e7\u00e3o da tarde<\/b><\/p>\n<p>14h \u00e0s 15h30 \u2013 Mesa de debate: \u201cPara onde foi a op\u00e7\u00e3o preferencial pelos jovens da Confer\u00eancia de Puebla\u201d, com o Prof. Dr. Pe. Jo\u00e3o Batista Lib\u00e2nio (FAJE, Belo Horizonte)<\/p>\n<p>16h \u00e0s 17h30 \u2013 Sess\u00f5es de comunica\u00e7\u00f5es aberta a alunos de Teologia e ao p\u00fablico em geral.<\/p>\n<p><b>Programa\u00e7\u00e3o principal<\/b><\/p>\n<p>18h30 \u00e0s 19h15 \u2013 Chegue antes: momento cultural<\/p>\n<p>19h15 \u00e0s 21h30 \u2013 Confer\u00eancia: \u201cJuventude, cultura e m\u00eddias sociais\u201d, com o Prof. Dr. Fl\u00e1vio Munhoz Sofiati (Universidade Federal de Goi\u00e1s)<\/p>\n<p>&nbsp;<\/p>\n<p><b>Dia 10 de maio \u2013 sexta-feira<\/b><\/p>\n<p><b>\u00a0Programa\u00e7\u00e3o da tarde<\/b><\/p>\n<p>14h \u00e0s 15h30 \u2013 Mesa de debate: \u201cA presen\u00e7a dos jovens nas pastorais\u201d, com a participa\u00e7\u00e3o de Henrique Balbino (Comunidade Ilha de Santa Terezinha), Andr\u00e9 Gustavo (Pastoral Carcer\u00e1ria) e Joselma (Pastoral dos Surdos).<\/p>\n<p>16h \u00e0s 17h30 \u2013 Mesa de debates com professores da UNICAP: \u201cA realidade do jovem na atualidade a partir do trabalho de extens\u00e3o na comunidade de \u00c1guas Compridas\u201d, com a participa\u00e7\u00e3o da Profa. Valdenice Jos\u00e9 Raimundo (curso de Servi\u00e7o Social) e \u201cUm olhar sobre a realidade da juventude brasileira a partir do direito\u201d, com a participa\u00e7\u00e3o da Prof\u00aa. Vanessa Alexsandra de Melo Pedroso (curso de Direito).<\/p>\n<p><b>Programa\u00e7\u00e3o principal<\/b><\/p>\n<p>18h30 \u00e0s 19h \u2013 Chegue antes: momento cultural<\/p>\n<p>19h \u00e0s 21h \u2013 Confer\u00eancia: \u201cJuventude e miss\u00e3o\u201d, com Solange Rodrigues (Pesquisadora do ISER, Assessoria, Rio de Janeiro)<\/p>\n<p>21h \u00e0s 21h30 \u2013 Encerramento da ST2013<\/p>\n<h3>Oficinas<\/h3>\n<p><b>Oficinas tem\u00e1ticas com professores de Teologia da UNICAP<\/b> (Dia 08 de maio \u2013 quarta-feira &#8211; 16h \u00e0s 17h30)<\/p>\n<p><b>Oficina 1: Jesus e o jovem rico (Mc 10,17-31; Mt 19,16-30; Lc 18,18-30)<\/b><\/p>\n<p>Prof. Cl\u00e1udio Vianney Malzoni<b><br \/>\n<\/b><\/p>\n<p><b>Oficina 2: A jovem igreja de Corinto<\/b><\/p>\n<p>Prof. Luiz Gomes de Moura<\/p>\n<p>Alunos:<\/p>\n<p>Edson Dantas<\/p>\n<p>Francisco de Barros<\/p>\n<p>Sebasti\u00e3o Agostinho<\/p>\n<p><b>Oficina 3: O retorno \u00e0\u00a0cria\u00e7\u00e3o e\u00a0\u00e0 humanidade a partir de\u00a0S\u00e3o Francisco de assis:\u00a0bases para uma juventude permanente.<\/b><\/p>\n<p>Prof. Marcos Antonio de Almeida<\/p>\n<p><b>Oficina 4: Nove crit\u00e9rios para permanecer sempre jovem &#8211; um olhar a partir da b\u00edblia <\/b><\/p>\n<p>Prof. Jo\u00e3o Luiz Correia J\u00fanior<\/p>\n<p><b>Oficina 5: Mosaico Religioso \u2013 Faces do Sagrado: As identidades religiosas entre os jovens na atualidade<\/b><\/p>\n<p>Prof. Vanderlei Albino Lain<\/p>\n<p>Prof. Sergio Sezino Douets<\/p>\n<p><strong><\/strong><\/p>\n<p><strong>Conferencistas <\/strong><\/p>\n<p><b>Prof. Dr. Pe. Jo\u00e3o Batista Lib\u00e2nio,<\/b> <strong>SJ<\/strong><\/p>\n<p>\u00c9 padre jesu\u00edta, escritor e te\u00f3logo. Possui doutorado em Teologia pela Pontificia Universit\u00e0 Gregoriana (1968). \u00c9 professor titular na Faculdade Jesu\u00edta de Filosofia e Teologia (Faje \u2013 Belo Horizonte \u2013 MG) e Membro do COEP da Universidade Federal de Minas Gerais. \u00c9 vig\u00e1rio da Par\u00f3quia Nossa Senhora de Lourdes, em Vespasiano, na Grande Belo Horizonte. Tem experi\u00eancia na \u00e1rea de Teologia, com \u00eanfase em Teologia Fundamental. Atua principalmente nos seguintes temas: Reforma dos Estudos Eclesi\u00e1sticos, Filosofia, Teologia. Dentre suas principais obras est\u00e3o: Teologia da Revela\u00e7\u00e3o a partir da Modernidade; Qual o futuro do Cristianismo?; Ser crist\u00e3o em tempos de Nova Era.<\/p>\n<p><b>Prof. Dr. Fl\u00e1vio Munhoz Sofiati<\/b><\/p>\n<p>\u00c9 professor adjunto de sociologia da UFG &#8211; Universidade Federal de Goi\u00e1s, na Faculdade de Ci\u00eancias Sociais. Atua no Curso de Especializa\u00e7\u00e3o em Pol\u00edticas P\u00fablicas e \u00e9 vice-coordenador do Programa de P\u00f3s-Gradua\u00e7\u00e3o em Sociologia. Tem doutorado em Sociologia pela USP Universidade de S\u00e3o Paulo com bolsa da FAPESP (2009). Tem experi\u00eancia na \u00e1rea de Sociologia, com \u00eanfase em Teoria Sociol\u00f3gica Cl\u00e1ssica e Contempor\u00e2nea, Sociologia da Religi\u00e3o e Sociologia da Juventude, atuando principalmente nos seguintes temas: Juventude e Religi\u00e3o, Catolicismo Contempor\u00e2neo, Movimento Carism\u00e1tico, Teologia da Liberta\u00e7\u00e3o.<\/p>\n<p><b>Profa. Ms. Solange Rodrigues<\/b><\/p>\n<p>Supervisora regional do Iser Assessoria, no Rio de Janeiro. Participa da Equipe de pesquisa do Iser\/RJ. O Iser Assessoria, em parceria com o Observat\u00f3rio Jovem da Universidade Federal Fluminense, foi respons\u00e1vel pela realiza\u00e7\u00e3o desta pesquisa na Regi\u00e3o Metropolitana do Rio de Janeiro. Trata-se de uma iniciativa das ONGs Ibase e P\u00f3lis que analisou as formas, conte\u00fados e sentidos da participa\u00e7\u00e3o de jovens entre 15 e 24 anos nas esferas sociais p\u00fablicas e pol\u00edticas, consideradas estrat\u00e9gicas para a consolida\u00e7\u00e3o da democracia no Brasil.<\/p>\n<p><b>Pe. Gimesson Eduardo da Silva<\/b><\/p>\n<p>O padre Gimesson Eduardo da Silva, SCJ, da Prov\u00edncia Brasil Recife (BRE), \u00e9 o presidente da Comiss\u00e3o Arquidiocesana de Pastoral para a Juventude. Esteve presente como representante e referencial do Regional Nordeste 2 para os assuntos e atividades referentes \u00e0 Jornada Mundial da Juventude. O religioso tem realizado um trabalho em torno da JMJ de Madri, quando articulou um grupo de 50 jovens peregrinos de v\u00e1rias dioceses de Pernambuco, Alagoas e Para\u00edba.<\/p>\n<p>&nbsp;<\/p>\n<p>&nbsp;<\/p>\n<p>&nbsp;<\/p>\n<p>&nbsp;<\/p>\n<p>&nbsp;<\/p>\n<p>&nbsp;<\/p>\n<p><b>\u00a0<\/b><\/p>\n<p>&nbsp;<\/p>\n<p>&nbsp;<\/p>\n","protected":false},"excerpt":{"rendered":"<p>A Semana de Teologia 2013 da Universidade Cat\u00f3lica de Pernambuco ser\u00e1 promovida de 8 a 10 de maio e tem como prop\u00f3sito lan\u00e7ar um olhar teol\u00f3gico sobre a quest\u00e3o da juventude, tema escolhido em sintonia com a Jornada Mundial da Juventude, que ser\u00e1 sediada no Rio de Janeiro, no m\u00eas de julho deste ano, e [&hellip;]<\/p>\n","protected":false},"author":2,"featured_media":0,"comment_status":"open","ping_status":"open","sticky":false,"template":"","format":"standard","meta":[],"categories":[4],"tags":[],"jetpack-related-posts":[],"_links":{"self":[{"href":"https:\/\/www1.unicap.br\/assecom1\/wp-json\/wp\/v2\/posts\/37766"}],"collection":[{"href":"https:\/\/www1.unicap.br\/assecom1\/wp-json\/wp\/v2\/posts"}],"about":[{"href":"https:\/\/www1.unicap.br\/assecom1\/wp-json\/wp\/v2\/types\/post"}],"author":[{"embeddable":true,"href":"https:\/\/www1.unicap.br\/assecom1\/wp-json\/wp\/v2\/users\/2"}],"replies":[{"embeddable":true,"href":"https:\/\/www1.unicap.br\/assecom1\/wp-json\/wp\/v2\/comments?post=37766"}],"version-history":[{"count":1,"href":"https:\/\/www1.unicap.br\/assecom1\/wp-json\/wp\/v2\/posts\/37766\/revisions"}],"predecessor-version":[{"id":37767,"href":"https:\/\/www1.unicap.br\/assecom1\/wp-json\/wp\/v2\/posts\/37766\/revisions\/37767"}],"wp:attachment":[{"href":"https:\/\/www1.unicap.br\/assecom1\/wp-json\/wp\/v2\/media?parent=37766"}],"wp:term":[{"taxonomy":"category","embeddable":true,"href":"https:\/\/www1.unicap.br\/assecom1\/wp-json\/wp\/v2\/categories?post=37766"},{"taxonomy":"post_tag","embeddable":true,"href":"https:\/\/www1.unicap.br\/assecom1\/wp-json\/wp\/v2\/tags?post=37766"}],"curies":[{"name":"wp","href":"https:\/\/api.w.org\/{rel}","templated":true}]}}