{"id":37717,"date":"2013-04-12T20:40:58","date_gmt":"2013-04-12T20:40:58","guid":{"rendered":"http:\/\/www.unicap.br\/assecom1\/?p=37717"},"modified":"2013-04-12T20:40:58","modified_gmt":"2013-04-12T20:40:58","slug":"catolica-sediara-ciclo-de-debates-sobre-emprego-domestico","status":"publish","type":"post","link":"https:\/\/www1.unicap.br\/assecom1\/catolica-sediara-ciclo-de-debates-sobre-emprego-domestico\/","title":{"rendered":"Cat\u00f3lica sediar\u00e1 ciclo de debates sobre emprego dom\u00e9stico"},"content":{"rendered":"<p>A Universidade Cat\u00f3lica de Pernambuco ir\u00e1 sediar, na pr\u00f3xima quarta-feira (17), o <i>Ciclo de Debates sobre o Novo Emprego Dom\u00e9stico<\/i>. As atividades ser\u00e3o realizadas pela manh\u00e3, das 9h \u00e0s 12h, e \u00e0 noite, das 19h \u00e0s 21h30, no audit\u00f3rio G1. Para fazer a inscri\u00e7\u00e3o, os\u00a0interessados devem\u00a0levar um quilo de alimento n\u00e3o-perec\u00edvel ao Diret\u00f3rio Acad\u00eamico Fernando Santa Cruz. Os donativos ser\u00e3o entregues \u00e0s v\u00edtimas da seca.\u00a0Os alunos inscritos ter\u00e3o\u00a0certificado com seis horas\u00a0de atividade\u00a0complementar. Pela manh\u00e3, as discuss\u00f5es ter\u00e3o como tema <i>O Novo Emprego Dom\u00e9stico numa Perspectiva Pr\u00e1tica<\/i>.\u00a0\u00c0 noite, o tema ser\u00e1\u00a0<i>A Rela\u00e7\u00e3o\u00a0de Trabalho Dom\u00e9stico\u00a0em Face\u00a0da Amplia\u00e7\u00e3o\u00a0de Direitos Decorrentes\u00a0da Emenda Constitucional N\u00ba 72<\/i>.<\/p>\n<p><span style=\"font-size: 13px; line-height: 18px;\">O evento est\u00e1 sendo realizado pela Academia Pernambucana de Direito do Trabalho (APDT), Esmatra VI, Associa\u00e7\u00e3o de Magistrados Trabalhistas (Amatra VI), Associa\u00e7\u00e3o dos Avogados Trabalhistas de Pernambuco (AATP), Associa\u00e7\u00e3o Brasileira de Advogados\u00a0Trabalhistas (Abrat), Unicap e pelo Diret\u00f3rio Acad\u00eamico Fernando Santa Cruz (Dafesc). A\u00a0coordena\u00e7\u00e3o\u00a0\u00e9 do presidente da APDT e professor da Unicap F\u00e1bio T\u00falio Barroso. A programa\u00e7\u00e3o completa est\u00e1 dispon\u00edvel no site <\/span><a style=\"font-size: 13px; line-height: 18px;\" href=\"http:\/\/www.unicap.br\/\">www.unicap.br<\/a><span style=\"font-size: 13px; line-height: 18px;\"> Outras informa\u00e7\u00f5es podem ser obtidas pelo telefone 2119-4177.<\/span><\/p>\n<p>&nbsp;<\/p>\n","protected":false},"excerpt":{"rendered":"<p>A Universidade Cat\u00f3lica de Pernambuco ir\u00e1 sediar, na pr\u00f3xima quarta-feira (17), o Ciclo de Debates sobre o Novo Emprego Dom\u00e9stico. As atividades ser\u00e3o realizadas pela manh\u00e3, das 9h \u00e0s 12h, e \u00e0 noite, das 19h \u00e0s 21h30, no audit\u00f3rio G1. Para fazer a inscri\u00e7\u00e3o, os\u00a0interessados devem\u00a0levar um quilo de alimento n\u00e3o-perec\u00edvel ao Diret\u00f3rio Acad\u00eamico Fernando [&hellip;]<\/p>\n","protected":false},"author":8,"featured_media":0,"comment_status":"open","ping_status":"open","sticky":false,"template":"","format":"standard","meta":[],"categories":[4],"tags":[],"jetpack-related-posts":[],"_links":{"self":[{"href":"https:\/\/www1.unicap.br\/assecom1\/wp-json\/wp\/v2\/posts\/37717"}],"collection":[{"href":"https:\/\/www1.unicap.br\/assecom1\/wp-json\/wp\/v2\/posts"}],"about":[{"href":"https:\/\/www1.unicap.br\/assecom1\/wp-json\/wp\/v2\/types\/post"}],"author":[{"embeddable":true,"href":"https:\/\/www1.unicap.br\/assecom1\/wp-json\/wp\/v2\/users\/8"}],"replies":[{"embeddable":true,"href":"https:\/\/www1.unicap.br\/assecom1\/wp-json\/wp\/v2\/comments?post=37717"}],"version-history":[{"count":2,"href":"https:\/\/www1.unicap.br\/assecom1\/wp-json\/wp\/v2\/posts\/37717\/revisions"}],"predecessor-version":[{"id":37765,"href":"https:\/\/www1.unicap.br\/assecom1\/wp-json\/wp\/v2\/posts\/37717\/revisions\/37765"}],"wp:attachment":[{"href":"https:\/\/www1.unicap.br\/assecom1\/wp-json\/wp\/v2\/media?parent=37717"}],"wp:term":[{"taxonomy":"category","embeddable":true,"href":"https:\/\/www1.unicap.br\/assecom1\/wp-json\/wp\/v2\/categories?post=37717"},{"taxonomy":"post_tag","embeddable":true,"href":"https:\/\/www1.unicap.br\/assecom1\/wp-json\/wp\/v2\/tags?post=37717"}],"curies":[{"name":"wp","href":"https:\/\/api.w.org\/{rel}","templated":true}]}}