{"id":37610,"date":"2013-04-09T19:27:57","date_gmt":"2013-04-09T19:27:57","guid":{"rendered":"http:\/\/www.unicap.br\/assecom1\/?p=37610"},"modified":"2013-04-09T19:27:57","modified_gmt":"2013-04-09T19:27:57","slug":"reitor-participa-do-iv-congresso-internacional-de-psicologia-na-argentina","status":"publish","type":"post","link":"https:\/\/www1.unicap.br\/assecom1\/reitor-participa-do-iv-congresso-internacional-de-psicologia-na-argentina\/","title":{"rendered":"Reitor participa do IV Congresso Internacional de Psicologia na Argentina"},"content":{"rendered":"<p>O Reitor da Universidade Cat\u00f3lica de Pernambuco e presidente da Federa\u00e7\u00e3o Internacional das Universidades Cat\u00f3licas (FIUC), Padre Pedro Rubens, encontra-se na Argentina para participar do IV Congresso Internacional de Psicologia, que ser\u00e1 realizado de amanh\u00e3 (10) a sexta-feira (12), em Buenos Aires. O evento foi organizado pelo Grupo Setorial de Psicologia da FIUC, cuja miss\u00e3o \u00e9 promover a investiga\u00e7\u00e3o de todos os desafios que o mundo contempor\u00e2neo apresenta. O evento vai reunir universidades de todo o mundo.<\/p>\n<p>&nbsp;<\/p>\n","protected":false},"excerpt":{"rendered":"<p>O Reitor da Universidade Cat\u00f3lica de Pernambuco e presidente da Federa\u00e7\u00e3o Internacional das Universidades Cat\u00f3licas (FIUC), Padre Pedro Rubens, encontra-se na Argentina para participar do IV Congresso Internacional de Psicologia, que ser\u00e1 realizado de amanh\u00e3 (10) a sexta-feira (12), em Buenos Aires. O evento foi organizado pelo Grupo Setorial de Psicologia da FIUC, cuja miss\u00e3o [&hellip;]<\/p>\n","protected":false},"author":2,"featured_media":0,"comment_status":"open","ping_status":"open","sticky":false,"template":"","format":"standard","meta":[],"categories":[4],"tags":[],"jetpack-related-posts":[],"_links":{"self":[{"href":"https:\/\/www1.unicap.br\/assecom1\/wp-json\/wp\/v2\/posts\/37610"}],"collection":[{"href":"https:\/\/www1.unicap.br\/assecom1\/wp-json\/wp\/v2\/posts"}],"about":[{"href":"https:\/\/www1.unicap.br\/assecom1\/wp-json\/wp\/v2\/types\/post"}],"author":[{"embeddable":true,"href":"https:\/\/www1.unicap.br\/assecom1\/wp-json\/wp\/v2\/users\/2"}],"replies":[{"embeddable":true,"href":"https:\/\/www1.unicap.br\/assecom1\/wp-json\/wp\/v2\/comments?post=37610"}],"version-history":[{"count":1,"href":"https:\/\/www1.unicap.br\/assecom1\/wp-json\/wp\/v2\/posts\/37610\/revisions"}],"predecessor-version":[{"id":37614,"href":"https:\/\/www1.unicap.br\/assecom1\/wp-json\/wp\/v2\/posts\/37610\/revisions\/37614"}],"wp:attachment":[{"href":"https:\/\/www1.unicap.br\/assecom1\/wp-json\/wp\/v2\/media?parent=37610"}],"wp:term":[{"taxonomy":"category","embeddable":true,"href":"https:\/\/www1.unicap.br\/assecom1\/wp-json\/wp\/v2\/categories?post=37610"},{"taxonomy":"post_tag","embeddable":true,"href":"https:\/\/www1.unicap.br\/assecom1\/wp-json\/wp\/v2\/tags?post=37610"}],"curies":[{"name":"wp","href":"https:\/\/api.w.org\/{rel}","templated":true}]}}