{"id":37424,"date":"2013-04-03T23:39:53","date_gmt":"2013-04-03T23:39:53","guid":{"rendered":"http:\/\/www.unicap.br\/assecom1\/?p=37424"},"modified":"2013-04-03T23:39:53","modified_gmt":"2013-04-03T23:39:53","slug":"oficina-sobre-reducao-da-maioridade-penal-faz-parte-da-programacao-da-virada-pascal","status":"publish","type":"post","link":"https:\/\/www1.unicap.br\/assecom1\/oficina-sobre-reducao-da-maioridade-penal-faz-parte-da-programacao-da-virada-pascal\/","title":{"rendered":"Oficina sobre redu\u00e7\u00e3o da maioridade penal faz parte da programa\u00e7\u00e3o da Virada Pascal"},"content":{"rendered":"<p>&nbsp;<\/p>\n<p><a style=\"color: #ff4b33; font-size: 13px;\" href=\"https:\/\/i0.wp.com\/www1.unicap.br\/assecom1\/wp-content\/uploads\/2013\/04\/DSCN2568.jpg?ssl=1\"><img data-attachment-id=\"37425\" data-permalink=\"https:\/\/www1.unicap.br\/assecom1\/oficina-sobre-reducao-da-maioridade-penal-faz-parte-da-programacao-da-virada-pascal\/dscn2568\/\" data-orig-file=\"https:\/\/i0.wp.com\/www1.unicap.br\/assecom1\/wp-content\/uploads\/2013\/04\/DSCN2568.jpg?fit=2272%2C1704&amp;ssl=1\" data-orig-size=\"2272,1704\" data-comments-opened=\"1\" data-image-meta=\"{&quot;aperture&quot;:&quot;3.4&quot;,&quot;credit&quot;:&quot;&quot;,&quot;camera&quot;:&quot;COOLPIX L810&quot;,&quot;caption&quot;:&quot;&quot;,&quot;created_timestamp&quot;:&quot;&quot;,&quot;copyright&quot;:&quot;&quot;,&quot;focal_length&quot;:&quot;6.1&quot;,&quot;iso&quot;:&quot;400&quot;,&quot;shutter_speed&quot;:&quot;0.066666666666667&quot;,&quot;title&quot;:&quot;&quot;}\" data-image-title=\"DSCN2568\" data-image-description=\"\" data-medium-file=\"https:\/\/i0.wp.com\/www1.unicap.br\/assecom1\/wp-content\/uploads\/2013\/04\/DSCN2568.jpg?fit=300%2C224&amp;ssl=1\" data-large-file=\"https:\/\/i0.wp.com\/www1.unicap.br\/assecom1\/wp-content\/uploads\/2013\/04\/DSCN2568.jpg?fit=640%2C480&amp;ssl=1\" loading=\"lazy\" class=\"size-medium wp-image-37425 alignright\" alt=\"DSCN2568\" src=\"https:\/\/i0.wp.com\/www1.unicap.br\/assecom1\/wp-content\/uploads\/2013\/04\/DSCN2568.jpg?resize=300%2C224&#038;ssl=1\" srcset=\"https:\/\/i0.wp.com\/www1.unicap.br\/assecom1\/wp-content\/uploads\/2013\/04\/DSCN2568.jpg?resize=300%2C224&amp;ssl=1 300w, https:\/\/i0.wp.com\/www1.unicap.br\/assecom1\/wp-content\/uploads\/2013\/04\/DSCN2568.jpg?resize=1024%2C768&amp;ssl=1 1024w, https:\/\/i0.wp.com\/www1.unicap.br\/assecom1\/wp-content\/uploads\/2013\/04\/DSCN2568.jpg?w=1280&amp;ssl=1 1280w, https:\/\/i0.wp.com\/www1.unicap.br\/assecom1\/wp-content\/uploads\/2013\/04\/DSCN2568.jpg?w=1920&amp;ssl=1 1920w\" sizes=\"(max-width: 300px) 100vw, 300px\" data-recalc-dims=\"1\" \/><\/a><\/p>\n<p>Dentro da programa\u00e7\u00e3o da Virada Pascal, promovida pelo Instituto Humanitas Unicap nesta quarta-feira (3), foi realizada oficina sobre redu\u00e7\u00e3o da maioridade penal, ministrada pelo coordenador executivo do\u00a0 Gabinete de Assessoria Jur\u00eddica \u00e0s Organiza\u00e7\u00f5es Populares (Gajop),\u00a0Rodrigo Deodato, e pela professora de Direito Penal da Unicap, Vald\u00eania Brito.<\/p>\n<p>Rodrigo falou sobre o que est\u00e1 sendo discutido atualmente sobre a maioridade penal. Ele citou o hist\u00f3rico dos c\u00f3digos da legisla\u00e7\u00e3o nacional voltados para crian\u00e7as e adolescentes, sobre o Servi\u00e7o de Assist\u00eancia ao Menor (SAM) e a Funabem. Falou ainda sobre a Funase e as problem\u00e1ticas dos tr\u00eas principais Centros de Atendimento Socioeducativos (Cases) localizados na Regi\u00e3o Metropolitana do Recife.<\/p>\n<p>Logo ap\u00f3s, a professora Vald\u00eania assumiu o comando da oficina e abordou temas mais espec\u00edficos sobre a redu\u00e7\u00e3o da maioridade penal. Frisou o marco do\u00a0 sistema de prote\u00e7\u00e3o e garantia de direitos, fez uma conjuntura internacional sobre a maioridade penal e uma rela\u00e7\u00e3o entre crimes envolvendo adolescentes e adultos. Vald\u00eania\u00a0afirmou querer discutir os efeitos e n\u00e3o as causas do tema. Houve ainda um di\u00e1logo sobre as mazelas do sistema e sobre o aumento da criminalidade e do encarceramento. Segundo ela, o controle dos crimes cometidos por crian\u00e7as e adolescentes n\u00e3o \u00e9 um problema da maioridade penal.<\/p>\n","protected":false},"excerpt":{"rendered":"<p>&nbsp; Dentro da programa\u00e7\u00e3o da Virada Pascal, promovida pelo Instituto Humanitas Unicap nesta quarta-feira (3), foi realizada oficina sobre redu\u00e7\u00e3o da maioridade penal, ministrada pelo coordenador executivo do\u00a0 Gabinete de Assessoria Jur\u00eddica \u00e0s Organiza\u00e7\u00f5es Populares (Gajop),\u00a0Rodrigo Deodato, e pela professora de Direito Penal da Unicap, Vald\u00eania Brito. Rodrigo falou sobre o que est\u00e1 sendo discutido [&hellip;]<\/p>\n","protected":false},"author":51,"featured_media":0,"comment_status":"open","ping_status":"open","sticky":false,"template":"","format":"standard","meta":[],"categories":[4],"tags":[],"jetpack-related-posts":[],"_links":{"self":[{"href":"https:\/\/www1.unicap.br\/assecom1\/wp-json\/wp\/v2\/posts\/37424"}],"collection":[{"href":"https:\/\/www1.unicap.br\/assecom1\/wp-json\/wp\/v2\/posts"}],"about":[{"href":"https:\/\/www1.unicap.br\/assecom1\/wp-json\/wp\/v2\/types\/post"}],"author":[{"embeddable":true,"href":"https:\/\/www1.unicap.br\/assecom1\/wp-json\/wp\/v2\/users\/51"}],"replies":[{"embeddable":true,"href":"https:\/\/www1.unicap.br\/assecom1\/wp-json\/wp\/v2\/comments?post=37424"}],"version-history":[{"count":3,"href":"https:\/\/www1.unicap.br\/assecom1\/wp-json\/wp\/v2\/posts\/37424\/revisions"}],"predecessor-version":[{"id":37500,"href":"https:\/\/www1.unicap.br\/assecom1\/wp-json\/wp\/v2\/posts\/37424\/revisions\/37500"}],"wp:attachment":[{"href":"https:\/\/www1.unicap.br\/assecom1\/wp-json\/wp\/v2\/media?parent=37424"}],"wp:term":[{"taxonomy":"category","embeddable":true,"href":"https:\/\/www1.unicap.br\/assecom1\/wp-json\/wp\/v2\/categories?post=37424"},{"taxonomy":"post_tag","embeddable":true,"href":"https:\/\/www1.unicap.br\/assecom1\/wp-json\/wp\/v2\/tags?post=37424"}],"curies":[{"name":"wp","href":"https:\/\/api.w.org\/{rel}","templated":true}]}}