{"id":37212,"date":"2013-03-21T01:01:04","date_gmt":"2013-03-21T01:01:04","guid":{"rendered":"http:\/\/www.unicap.br\/assecom1\/?p=37212"},"modified":"2013-03-21T21:58:27","modified_gmt":"2013-03-21T21:58:27","slug":"vice-presidente-nacional-da-cnbb-preside-missa-em-acao-de-gracas-pelo-papa-francisco","status":"publish","type":"post","link":"https:\/\/www1.unicap.br\/assecom1\/vice-presidente-nacional-da-cnbb-preside-missa-em-acao-de-gracas-pelo-papa-francisco\/","title":{"rendered":"Vice-presidente nacional da CNBB preside Missa em A\u00e7\u00e3o de Gra\u00e7as pelo Papa Francisco"},"content":{"rendered":"<p><a href=\"https:\/\/i0.wp.com\/www1.unicap.br\/assecom1\/wp-content\/uploads\/2013\/03\/DSCN2266.jpg?ssl=1\"><img data-attachment-id=\"37215\" data-permalink=\"https:\/\/www1.unicap.br\/assecom1\/vice-presidente-nacional-da-cnbb-preside-missa-em-acao-de-gracas-pelo-papa-francisco\/dscn2266\/\" data-orig-file=\"https:\/\/i0.wp.com\/www1.unicap.br\/assecom1\/wp-content\/uploads\/2013\/03\/DSCN2266.jpg?fit=2272%2C1704&amp;ssl=1\" data-orig-size=\"2272,1704\" data-comments-opened=\"1\" data-image-meta=\"{&quot;aperture&quot;:&quot;3.1&quot;,&quot;credit&quot;:&quot;&quot;,&quot;camera&quot;:&quot;COOLPIX L810&quot;,&quot;caption&quot;:&quot;&quot;,&quot;created_timestamp&quot;:&quot;&quot;,&quot;copyright&quot;:&quot;&quot;,&quot;focal_length&quot;:&quot;4.3&quot;,&quot;iso&quot;:&quot;800&quot;,&quot;shutter_speed&quot;:&quot;0.025&quot;,&quot;title&quot;:&quot;&quot;}\" data-image-title=\"DSCN2266\" data-image-description=\"\" data-medium-file=\"https:\/\/i0.wp.com\/www1.unicap.br\/assecom1\/wp-content\/uploads\/2013\/03\/DSCN2266.jpg?fit=300%2C224&amp;ssl=1\" data-large-file=\"https:\/\/i0.wp.com\/www1.unicap.br\/assecom1\/wp-content\/uploads\/2013\/03\/DSCN2266.jpg?fit=640%2C480&amp;ssl=1\" loading=\"lazy\" class=\"aligncenter size-large wp-image-37215\" alt=\"DSCN2266\" src=\"https:\/\/i0.wp.com\/www1.unicap.br\/assecom1\/wp-content\/uploads\/2013\/03\/DSCN2266.jpg?resize=640%2C479&#038;ssl=1\" srcset=\"https:\/\/i0.wp.com\/www1.unicap.br\/assecom1\/wp-content\/uploads\/2013\/03\/DSCN2266.jpg?resize=1024%2C768&amp;ssl=1 1024w, https:\/\/i0.wp.com\/www1.unicap.br\/assecom1\/wp-content\/uploads\/2013\/03\/DSCN2266.jpg?resize=300%2C224&amp;ssl=1 300w, https:\/\/i0.wp.com\/www1.unicap.br\/assecom1\/wp-content\/uploads\/2013\/03\/DSCN2266.jpg?w=1280&amp;ssl=1 1280w, https:\/\/i0.wp.com\/www1.unicap.br\/assecom1\/wp-content\/uploads\/2013\/03\/DSCN2266.jpg?w=1920&amp;ssl=1 1920w\" sizes=\"(max-width: 640px) 100vw, 640px\" data-recalc-dims=\"1\" \/><\/a>O vice-presidente nacional da Confer\u00eancia Nacional dos Bispos do Brasil (CNBB), Dom Jos\u00e9 Belis\u00e1rio, presidiu na noite desta quarta-feira (20), no Santu\u00e1rio de Nossa Senhora de F\u00e1tima, no Recife, Missa em A\u00e7\u00e3o de Gra\u00e7as pelo Papa Francisco, o primeiro latino-americano e primeiro jesu\u00edta a ocupar o cargo m\u00e1ximo da Igreja Cat\u00f3lica.<\/p>\n<p>Participaram da celebra\u00e7\u00e3o o Arcebispo de Olinda e Recife, Dom Fernando Saburido; o Reitor da Unicap, Padre Pedro Rubens; o secret\u00e1rio geral da CNBB, Dom Leonardo Steiner; o presidente do Regional Nordeste 2 da CNBB e Bispo de Palmares, Dom Genival Saraiva; o Arcebispo de Natal, Dom Jaime Vieira Rocha; o Bispo de Nazar\u00e9, Dom Severino Batista de Fran\u00e7a; o Bispo de Afogados da Ingazeira, Dom Eg\u00eddio Bisol;\u00a0 o Reitor do Santu\u00e1rio, Padre Antonio Mota; o Pr\u00f3-reitor Comunit\u00e1rio da Unicap, Padre L\u00facio Fl\u00e1vio Cirne; al\u00e9m de outros bispos do Nordeste e jesu\u00edtas da Unicap.<\/p>\n<p>O Arcebispo de Olinda e Recife, Dom Fernando Saburido, abriu a missa, falando sobre a import\u00e2ncia do semin\u00e1rio de combate \u00e0 seca, realizado na tarde desta quarta-feira (20), na Unicap, e pedindo gra\u00e7as a Deus pelo pontificado do Papa Francisco. Em seguida, passou a palavra para Dom Belis\u00e1rio, que agradeceu em nome da CNBB o convite para participar do semin\u00e1rio e da missa. &#8220;O mundo ficou muito feliz com a escolha do Papa Francisco como sucessor de Bento XVI. Que Deus ilumine o novo pontificado&#8221;, enfatizou.<\/p>\n<p>Durante a homilia, Dom Belis\u00e1rio pediu licen\u00e7a para falar sobre o artigo que est\u00e1 escrevendo: &#8220;Os sete papas da minha vida&#8221;. Segundo ele, Pio XII foi o papa da sua inf\u00e2ncia. Um papa que enfrentou grandes desafios, no per\u00edodo do nazifacismo e do stalinismo. Jo\u00e3o XXIII foi o papa da sua adolesc\u00eancia. Um papa que viveu o terror da amea\u00e7a de uma 3\u00aa guerra mundial. O papa do Conc\u00edlio Vaticano II. Paulo VI foi o papa da sua vida adulta. Um papa que implantou reformas importantes na Igreja.\u00a0 Jo\u00e3o Paulo I teve um pontificado breve, de apenas 33 dias, mas foi o papa que conquistou o mundo com o seu sorriso. Jo\u00e3o Paulo II foi o papa da sua maturidade. Um papa carism\u00e1tico, cheio de energia, que no seu longo pontificado viu a queda do muro de Berlim e o fim da cortina de ferro. Foi o papa que levou um tiro em plena Pra\u00e7a de S\u00e3o Pedro. Bento XVI foi o papa da sua velhice. Um papa discreto e atencioso, culto e inteligente. Um papa que surpreendeu o mundo ao renunciar no dia 11 de fevereiro. Um papa que, com esse gesto, saiu engrandecido. Francisco \u00e9 o papa que tem encantado o mundo e gerado expectativa de otimismo.<\/p>\n<p>De acordo com Dom Belis\u00e1rio, o papado \u00e9 o s\u00edmbolo da unidade da Igreja, que impede que ela se fragmente, que ela se transforme em um arquip\u00e9lago de seitas. &#8220;O papa \u00e9 importante n\u00e3o apenas para a Igreja, mas tamb\u00e9m para o mundo&#8221;, ressaltou. &#8220;Por isso, \u00e9 com muita esperan\u00e7a que iniciamos esse novo pontificado&#8221;, complementou.<\/p>\n<p>No encerramento, Padre Mota agradeceu o momento de A\u00e7\u00e3o de Gra\u00e7as e de torcida pelo Papa Francisco. &#8220;Ele precisa muito de nossas ora\u00e7\u00f5es&#8221;, destacou. A celebra\u00e7\u00e3o terminou com a Ora\u00e7\u00e3o de S\u00e3o Francisco.<\/p>\n","protected":false},"excerpt":{"rendered":"<p>O vice-presidente nacional da Confer\u00eancia Nacional dos Bispos do Brasil (CNBB), Dom Jos\u00e9 Belis\u00e1rio, presidiu na noite desta quarta-feira (20), no Santu\u00e1rio de Nossa Senhora de F\u00e1tima, no Recife, Missa em A\u00e7\u00e3o de Gra\u00e7as pelo Papa Francisco, o primeiro latino-americano e primeiro jesu\u00edta a ocupar o cargo m\u00e1ximo da Igreja Cat\u00f3lica. Participaram da celebra\u00e7\u00e3o o [&hellip;]<\/p>\n","protected":false},"author":2,"featured_media":0,"comment_status":"open","ping_status":"open","sticky":false,"template":"","format":"standard","meta":[],"categories":[4],"tags":[],"jetpack-related-posts":[],"_links":{"self":[{"href":"https:\/\/www1.unicap.br\/assecom1\/wp-json\/wp\/v2\/posts\/37212"}],"collection":[{"href":"https:\/\/www1.unicap.br\/assecom1\/wp-json\/wp\/v2\/posts"}],"about":[{"href":"https:\/\/www1.unicap.br\/assecom1\/wp-json\/wp\/v2\/types\/post"}],"author":[{"embeddable":true,"href":"https:\/\/www1.unicap.br\/assecom1\/wp-json\/wp\/v2\/users\/2"}],"replies":[{"embeddable":true,"href":"https:\/\/www1.unicap.br\/assecom1\/wp-json\/wp\/v2\/comments?post=37212"}],"version-history":[{"count":8,"href":"https:\/\/www1.unicap.br\/assecom1\/wp-json\/wp\/v2\/posts\/37212\/revisions"}],"predecessor-version":[{"id":37223,"href":"https:\/\/www1.unicap.br\/assecom1\/wp-json\/wp\/v2\/posts\/37212\/revisions\/37223"}],"wp:attachment":[{"href":"https:\/\/www1.unicap.br\/assecom1\/wp-json\/wp\/v2\/media?parent=37212"}],"wp:term":[{"taxonomy":"category","embeddable":true,"href":"https:\/\/www1.unicap.br\/assecom1\/wp-json\/wp\/v2\/categories?post=37212"},{"taxonomy":"post_tag","embeddable":true,"href":"https:\/\/www1.unicap.br\/assecom1\/wp-json\/wp\/v2\/tags?post=37212"}],"curies":[{"name":"wp","href":"https:\/\/api.w.org\/{rel}","templated":true}]}}