{"id":37176,"date":"2013-03-20T00:42:10","date_gmt":"2013-03-20T00:42:10","guid":{"rendered":"http:\/\/www.unicap.br\/assecom1\/?p=37176"},"modified":"2013-03-20T00:42:10","modified_gmt":"2013-03-20T00:42:10","slug":"unicap-celebra-missa-em-acao-de-gracas-pelo-papa-francisco-nesta-quarta-feira","status":"publish","type":"post","link":"https:\/\/www1.unicap.br\/assecom1\/unicap-celebra-missa-em-acao-de-gracas-pelo-papa-francisco-nesta-quarta-feira\/","title":{"rendered":"Unicap celebra Missa em A\u00e7\u00e3o de Gra\u00e7as pelo Papa Francisco nesta quarta-feira"},"content":{"rendered":"<p>AUniversidade Cat\u00f3lica de Pernambuco convida professores, alunos e funcion\u00e1rios para a Missa em A\u00e7\u00e3o de Gra\u00e7as pelo Papa Francisco, que ser\u00e1 celebrada <strong>nesta quarta-feira,<\/strong> <strong>\u00e0s 19h, no Santu\u00e1rio de Nossa Senhora de F\u00e1tima, localizado no Liceu N\u00f3brega.<\/strong><\/p>\n<p>A cerim\u00f4nia contar\u00e1 com as presen\u00e7as do presidente da Federa\u00e7\u00e3o Internacional das Universidades Cat\u00f3licas (Fiuc) e Reitor da Unicap, Padre Pedro Rubens; do vice-presidente da Confer\u00eancia Nacional dos Bispos do Brasil (CNBB), Dom Jos\u00e9 Beliz\u00e1rio da Silva; do presidente da regional Nordeste 2 da CNBB, Dom Genival Saraiva de Fran\u00e7a; e do Arcebispo de Olinda e Recife, Dom Fernando Saburido.<\/p>\n<p>O Papa Francisco \u00e9 o primeiro jesu\u00edta e primeiro latino-americano a ocupar o cargo m\u00e1ximo da Igreja Cat\u00f3lica.<\/p>\n","protected":false},"excerpt":{"rendered":"<p>AUniversidade Cat\u00f3lica de Pernambuco convida professores, alunos e funcion\u00e1rios para a Missa em A\u00e7\u00e3o de Gra\u00e7as pelo Papa Francisco, que ser\u00e1 celebrada nesta quarta-feira, \u00e0s 19h, no Santu\u00e1rio de Nossa Senhora de F\u00e1tima, localizado no Liceu N\u00f3brega. A cerim\u00f4nia contar\u00e1 com as presen\u00e7as do presidente da Federa\u00e7\u00e3o Internacional das Universidades Cat\u00f3licas (Fiuc) e Reitor da [&hellip;]<\/p>\n","protected":false},"author":2,"featured_media":0,"comment_status":"open","ping_status":"open","sticky":false,"template":"","format":"standard","meta":[],"categories":[4],"tags":[],"jetpack-related-posts":[],"_links":{"self":[{"href":"https:\/\/www1.unicap.br\/assecom1\/wp-json\/wp\/v2\/posts\/37176"}],"collection":[{"href":"https:\/\/www1.unicap.br\/assecom1\/wp-json\/wp\/v2\/posts"}],"about":[{"href":"https:\/\/www1.unicap.br\/assecom1\/wp-json\/wp\/v2\/types\/post"}],"author":[{"embeddable":true,"href":"https:\/\/www1.unicap.br\/assecom1\/wp-json\/wp\/v2\/users\/2"}],"replies":[{"embeddable":true,"href":"https:\/\/www1.unicap.br\/assecom1\/wp-json\/wp\/v2\/comments?post=37176"}],"version-history":[{"count":2,"href":"https:\/\/www1.unicap.br\/assecom1\/wp-json\/wp\/v2\/posts\/37176\/revisions"}],"predecessor-version":[{"id":37180,"href":"https:\/\/www1.unicap.br\/assecom1\/wp-json\/wp\/v2\/posts\/37176\/revisions\/37180"}],"wp:attachment":[{"href":"https:\/\/www1.unicap.br\/assecom1\/wp-json\/wp\/v2\/media?parent=37176"}],"wp:term":[{"taxonomy":"category","embeddable":true,"href":"https:\/\/www1.unicap.br\/assecom1\/wp-json\/wp\/v2\/categories?post=37176"},{"taxonomy":"post_tag","embeddable":true,"href":"https:\/\/www1.unicap.br\/assecom1\/wp-json\/wp\/v2\/tags?post=37176"}],"curies":[{"name":"wp","href":"https:\/\/api.w.org\/{rel}","templated":true}]}}