{"id":37123,"date":"2013-03-16T04:32:22","date_gmt":"2013-03-16T04:32:22","guid":{"rendered":"http:\/\/www.unicap.br\/assecom1\/?p=37123"},"modified":"2013-03-16T04:32:22","modified_gmt":"2013-03-16T04:32:22","slug":"papa-telefona-para-a-curia-geral-dos-jesuitas-e-causa-admiracao","status":"publish","type":"post","link":"https:\/\/www1.unicap.br\/assecom1\/papa-telefona-para-a-curia-geral-dos-jesuitas-e-causa-admiracao\/","title":{"rendered":"Papa telefona para a C\u00faria Geral dos Jesu\u00edtas e causa admira\u00e7\u00e3o"},"content":{"rendered":"<div>15\/03\/2013<\/div>\n<div>Papa telefona para a C\u00faria Geral dos Jesu\u00edtas e causa admira\u00e7\u00e3o<\/div>\n<div>Pont\u00edfice queria agradecer ao Superior Geral uma carta enviada<\/div>\n<p>&nbsp;<\/p>\n<div><img alt=\"foto\" src=\"https:\/\/i1.wp.com\/www.jesuitasbrasil.com\/jst\/pessoa\/temp\/anexo\/1135\/5459\/6117.jpg?w=640\" data-recalc-dims=\"1\" \/><\/div>\n<div><\/div>\n<div>Na manh\u00e3 desta sexta-feira, dia 15 de mar\u00e7o, por volta das 10h15 de Roma, o Papa Francisco telefonou para a Casa General\u00edcia dos Jesu\u00edtas a fim de saudar e agradecer ao Prep\u00f3sito-Geral da Companhia de Jesus, Pe. Adolfo Nicol\u00e1s, pela mensagem recebida na v\u00e9spera.<\/div>\n<div><\/div>\n<div>O recepcionista respondeu o telefone e ouviu uma voz suave e serena que lhe disse: &#8220;Bom dia, sou o Papa Francisco, gostaria de falar com o Pe. Geral.&#8221; \u00a0O recepcionista quase lhe respondeu: &#8220;E eu sou Napole\u00e3o&#8221;, mas se conteve. Por\u00e9m, lhe perguntou: &#8220;O senhor telefona em nome de quem&#8221;?<\/div>\n<div><\/div>\n<div>Ent\u00e3o, o Papa entendeu que o jovem n\u00e3o acreditou que era realmente o pont\u00edfice quem estava no telefone e lhe disse novamente: &#8220;\u00c9 verdade, sou o Papa Francisco. E voc\u00ea como se chama&#8221;? O recepcionista respondeu com uma voz titubeante, dando-se conta do erro: &#8220;Meu nome \u00e9 Andrea&#8221;. E o Papa lhe disse: &#8220;Como voc\u00ea est\u00e1, Andrea&#8221;. E ele lhe respondeu: &#8220;Bem. Desculpe-me. Estou um pouco confuso&#8221;.<\/div>\n<div><\/div>\n<div>O Papa lhe respondeu: &#8220;N\u00e3o se preocupe, gostaria de agradecer ao Pe. Geral pela bonita carta que me escreveu&#8221;. O recepcionista lhe respondeu: &#8220;Desculpe-me, Santidade. Um momento&#8221;.<\/div>\n<div><\/div>\n<div>A seguir, Andrea passou a liga\u00e7\u00e3o para Ir. Afonso, jesu\u00edta ga\u00facho, secret\u00e1rio de Pe. Nicol\u00e1s. &#8220;Pronto. Quem fala \u00e9 Ir. Afonso&#8221;. E o pont\u00edfice lhe respondeu: &#8220;Sou o Papa e gostaria de saudar o Padre Geral&#8221;. E Ir. Afonso lhe disse: &#8220;Sim, um momento.&#8221; E enquanto caminhava em dire\u00e7\u00e3o ao escrit\u00f3rio do Pe. Geral disse ao Papa: &#8220;Santo Padre, parab\u00e9ns por sua elei\u00e7\u00e3o. Estamos muito felizes com sua nomea\u00e7\u00e3o. Estamos rezando muito pelo senhor.&#8221; O Papa lhe respondeu: &#8220;Rezando para que eu v\u00e1 para frente ou para tr\u00e1s&#8221;? Respondeu-lhe Ir. Afonso: &#8220;Naturalmente para frente.&#8221; E o Papa respondeu com uma risada espont\u00e2nea.<\/div>\n<div><\/div>\n<div>Emocionado, Ir. Afonso entrou sem bater no escrit\u00f3rio do Prep\u00f3sito-Geral que por sua voz olhou para ele surpreso. Ir. Afonso passou para ele o telefone e olhando em seus olhos disse: &#8220;\u00c9 o Papa&#8221;! Desde a elei\u00e7\u00e3o do Papa Francisco o telefone da C\u00faria Geral da Companhia de Jesus toca a cada minuto.<\/div>\n<div><\/div>\n","protected":false},"excerpt":{"rendered":"<p>15\/03\/2013 Papa telefona para a C\u00faria Geral dos Jesu\u00edtas e causa admira\u00e7\u00e3o Pont\u00edfice queria agradecer ao Superior Geral uma carta enviada &nbsp; Na manh\u00e3 desta sexta-feira, dia 15 de mar\u00e7o, por volta das 10h15 de Roma, o Papa Francisco telefonou para a Casa General\u00edcia dos Jesu\u00edtas a fim de saudar e agradecer ao Prep\u00f3sito-Geral da [&hellip;]<\/p>\n","protected":false},"author":2,"featured_media":0,"comment_status":"open","ping_status":"open","sticky":false,"template":"","format":"standard","meta":[],"categories":[4],"tags":[],"jetpack-related-posts":[],"_links":{"self":[{"href":"https:\/\/www1.unicap.br\/assecom1\/wp-json\/wp\/v2\/posts\/37123"}],"collection":[{"href":"https:\/\/www1.unicap.br\/assecom1\/wp-json\/wp\/v2\/posts"}],"about":[{"href":"https:\/\/www1.unicap.br\/assecom1\/wp-json\/wp\/v2\/types\/post"}],"author":[{"embeddable":true,"href":"https:\/\/www1.unicap.br\/assecom1\/wp-json\/wp\/v2\/users\/2"}],"replies":[{"embeddable":true,"href":"https:\/\/www1.unicap.br\/assecom1\/wp-json\/wp\/v2\/comments?post=37123"}],"version-history":[{"count":1,"href":"https:\/\/www1.unicap.br\/assecom1\/wp-json\/wp\/v2\/posts\/37123\/revisions"}],"predecessor-version":[{"id":37124,"href":"https:\/\/www1.unicap.br\/assecom1\/wp-json\/wp\/v2\/posts\/37123\/revisions\/37124"}],"wp:attachment":[{"href":"https:\/\/www1.unicap.br\/assecom1\/wp-json\/wp\/v2\/media?parent=37123"}],"wp:term":[{"taxonomy":"category","embeddable":true,"href":"https:\/\/www1.unicap.br\/assecom1\/wp-json\/wp\/v2\/categories?post=37123"},{"taxonomy":"post_tag","embeddable":true,"href":"https:\/\/www1.unicap.br\/assecom1\/wp-json\/wp\/v2\/tags?post=37123"}],"curies":[{"name":"wp","href":"https:\/\/api.w.org\/{rel}","templated":true}]}}