{"id":37108,"date":"2013-03-15T12:30:06","date_gmt":"2013-03-15T12:30:06","guid":{"rendered":"http:\/\/www.unicap.br\/assecom1\/?p=37108"},"modified":"2013-03-15T12:30:06","modified_gmt":"2013-03-15T12:30:06","slug":"superior-geral-adolfo-nicolas-divulga-comunicado-oficial-sobre-o-novo-papa-francisco","status":"publish","type":"post","link":"https:\/\/www1.unicap.br\/assecom1\/superior-geral-adolfo-nicolas-divulga-comunicado-oficial-sobre-o-novo-papa-francisco\/","title":{"rendered":"Superior Geral Adolfo Nicol\u00e1s divulga comunicado oficial sobre o novo Papa Francisco"},"content":{"rendered":"<div>Superior Geral Adolfo Nicol\u00e1s divulga comunicado oficial sobre o novo Papa Francisco<\/div>\n<div>Nicol\u00e1s sa\u00fada o novo pontificado<\/div>\n<div>\n<p><img alt=\"foto\" src=\"https:\/\/i1.wp.com\/www.jesuitasbrasil.com\/jst\/pessoa\/temp\/anexo\/1135\/5422\/6058.jpg?w=640\" data-recalc-dims=\"1\" \/><\/p>\n<p>O Superior Geral da Companhia de Jesus, Adolfo Nicol\u00e1s (foto), sj, divulgou um comunicado oficial sobre a escolha do Papa Francisco. Confira na \u00edntegra:<\/p>\n<p><em>Em nome da Companhia de Jesus dou gra\u00e7as a Deus pela elei\u00e7\u00e3o do novo Papa, Cardeal Jorge Mario Bergoglio, sj, que abre para a Igreja uma etapa cheia de esperan\u00e7a.<\/em><em>Todos n\u00f3s jesu\u00edtas acompanhamos com a ora\u00e7\u00e3o este nosso irm\u00e3o e lhe agradecemos a generosidade para aceitar a responsabilidade de guiar a Igreja em um momento crucial. O nome \u2018Francisco\u2019, com que a partir de agora o conhecemos, evoca seu esp\u00edrito evang\u00e9lico e a proximidade com os \u00a0pobres, sua identifica\u00e7\u00e3o com o povo simples e seu compromisso com a renova\u00e7\u00e3o da Igreja. Desde o primeiro momento em que se apresentou diante do povo de Deus, deu testemunho de sua simplicidade, humildade, experi\u00eancia pastoral e profundidade espiritual.<\/em><\/p>\n<div>\u00a0<em>&#8220;\u00c9 marca distintiva da nossa Companhia ser um grupo de companheiros, unido com v\u00ednculo muito especial de amor e servi\u00e7o ao Romano Pont\u00edfice (Normas Complementares, 2,2). Por isso, compartilhamos a alegria de toda a Igreja ao mesmo tempo em que desejamos renovar nossa disponibilidade para ser enviados \u00e0 vinha do Senhor, conforme o esp\u00edrito de nosso voto especial de obedi\u00eancia, que nos une de modo particular com o Santo Padre (Congrega\u00e7\u00e3o Geral, 35, Decreto 1, n.17)\u201d.<\/em><\/div>\n<div><\/div>\n<div><em>P. Adolfo Nicol\u00e1s, sj<\/em><\/div>\n<div><em>Superior Geral<\/em><\/div>\n<div><em>Roma, 14 de mar\u00e7o de 2013<\/em><\/div>\n<\/div>\n","protected":false},"excerpt":{"rendered":"<p>Superior Geral Adolfo Nicol\u00e1s divulga comunicado oficial sobre o novo Papa Francisco Nicol\u00e1s sa\u00fada o novo pontificado O Superior Geral da Companhia de Jesus, Adolfo Nicol\u00e1s (foto), sj, divulgou um comunicado oficial sobre a escolha do Papa Francisco. Confira na \u00edntegra: Em nome da Companhia de Jesus dou gra\u00e7as a Deus pela elei\u00e7\u00e3o do novo [&hellip;]<\/p>\n","protected":false},"author":2,"featured_media":0,"comment_status":"open","ping_status":"open","sticky":false,"template":"","format":"standard","meta":[],"categories":[4],"tags":[],"jetpack-related-posts":[],"_links":{"self":[{"href":"https:\/\/www1.unicap.br\/assecom1\/wp-json\/wp\/v2\/posts\/37108"}],"collection":[{"href":"https:\/\/www1.unicap.br\/assecom1\/wp-json\/wp\/v2\/posts"}],"about":[{"href":"https:\/\/www1.unicap.br\/assecom1\/wp-json\/wp\/v2\/types\/post"}],"author":[{"embeddable":true,"href":"https:\/\/www1.unicap.br\/assecom1\/wp-json\/wp\/v2\/users\/2"}],"replies":[{"embeddable":true,"href":"https:\/\/www1.unicap.br\/assecom1\/wp-json\/wp\/v2\/comments?post=37108"}],"version-history":[{"count":1,"href":"https:\/\/www1.unicap.br\/assecom1\/wp-json\/wp\/v2\/posts\/37108\/revisions"}],"predecessor-version":[{"id":37109,"href":"https:\/\/www1.unicap.br\/assecom1\/wp-json\/wp\/v2\/posts\/37108\/revisions\/37109"}],"wp:attachment":[{"href":"https:\/\/www1.unicap.br\/assecom1\/wp-json\/wp\/v2\/media?parent=37108"}],"wp:term":[{"taxonomy":"category","embeddable":true,"href":"https:\/\/www1.unicap.br\/assecom1\/wp-json\/wp\/v2\/categories?post=37108"},{"taxonomy":"post_tag","embeddable":true,"href":"https:\/\/www1.unicap.br\/assecom1\/wp-json\/wp\/v2\/tags?post=37108"}],"curies":[{"name":"wp","href":"https:\/\/api.w.org\/{rel}","templated":true}]}}