{"id":36865,"date":"2013-03-01T17:11:27","date_gmt":"2013-03-01T17:11:27","guid":{"rendered":"http:\/\/www.unicap.br\/assecom1\/?p=36865"},"modified":"2013-03-01T17:11:49","modified_gmt":"2013-03-01T17:11:49","slug":"ministerio-publico-da-unicao-prorroga-inscricoes-para-4o-premio-de-jornalismo-universitario","status":"publish","type":"post","link":"https:\/\/www1.unicap.br\/assecom1\/ministerio-publico-da-unicao-prorroga-inscricoes-para-4o-premio-de-jornalismo-universitario\/","title":{"rendered":"Minist\u00e9rio P\u00fablico da Uni\u00e3o prorroga inscri\u00e7\u00f5es para 4\u00ba Pr\u00eamio de Jornalismo Universit\u00e1rio"},"content":{"rendered":"<p><strong><em>Fonte:\u00a0Assessoria de Comunica\u00e7\u00e3o da ESPMU<\/em><\/strong><\/p>\n<p>A Escola Superior do Minist\u00e9rio P\u00fablico da Uni\u00e3o (ESMPU) prorrogou at\u00e9 15 de junho as inscri\u00e7\u00f5es para o 4\u00ba Pr\u00eamio ESMPU de Jornalismo Universit\u00e1rio. Com a altera\u00e7\u00e3o, poder\u00e3o ser inscritas no concurso mat\u00e9rias produzidas e veiculadas entre 1\u00ba de janeiro de 2012 e 14 de junho de 2013. A ficha de inscri\u00e7\u00e3o e as regras do concurso est\u00e3o dispon\u00edveis no endere\u00e7o <a href=\"http:\/\/premiodejornalismo.esmpu.gov.br\/\">http:\/\/premiodejornalismo.esmpu.gov.br<\/a>.<\/p>\n<p>O concurso &#8211; O 4\u00ba Pr\u00eamio ESMPU de Jornalismo Universit\u00e1rio reconhecer\u00e1 as melhores mat\u00e9rias, veiculadas em jornais universit\u00e1rios e m\u00eddias-laborat\u00f3rio (impresso, r\u00e1dio, televis\u00e3o e on-line), sobre o seguinte tema: \u201cA atua\u00e7\u00e3o do Minist\u00e9rio P\u00fablico da Uni\u00e3o no combate \u00e0 improbidade administrativa e \u00e0 corrup\u00e7\u00e3o\u201d.<\/p>\n<p>A ideia \u00e9 despertar a reflex\u00e3o sobre a quest\u00e3o da honestidade na administra\u00e7\u00e3o dos bens p\u00fablicos, incentivando estudantes de jornalismo de institui\u00e7\u00f5es p\u00fablicas ou privadas a abordar em reportagens o trabalho de qualquer um dos ramos do Minist\u00e9rio P\u00fablico da Uni\u00e3o (Minist\u00e9rios P\u00fablicos Federal, do Trabalho, Militar e do Distrito Federal e Territ\u00f3rios) na defesa do patrim\u00f4nio p\u00fablico brasileiro.<\/p>\n<p>O objetivo \u00e9 esclarecer a sociedade sobre uma das principais atribui\u00e7\u00f5es e compet\u00eancias da institui\u00e7\u00e3o e aproxim\u00e1-la do cidad\u00e3o. Com isso, a ESMPU pretende mostrar que o trabalho do MP \u00e9 de interesse p\u00fablico, mat\u00e9ria-prima para o jornalista.<\/p>\n<p>Podem concorrer mat\u00e9rias veiculadas em jornais laborat\u00f3rio impressos, on-line, de r\u00e1dio ou de televis\u00e3o. Os trabalhos podem ser produzidos individualmente ou em grupo formado por, no m\u00e1ximo, tr\u00eas estudantes. O primeiro e o segundo colocado de cada regi\u00e3o do pa\u00eds ser\u00e3o contemplados com um pr\u00eamio de R$ 5 mil e R$ 3 mil, respectivamente. A premia\u00e7\u00e3o ser\u00e1 entregue em agosto deste ano.<\/p>\n<p>Apoiam a iniciativa a Sociedade Brasileira de Estudos Interdisciplinares da Comunica\u00e7\u00e3o (Intercom), a Band Bras\u00edlia\/Band News FM, a Rede Record Bras\u00edlia, o Sindicato de Jornalistas Profissionais do Distrito Federal (SJP-DF) e o Conselho de Reitores das Universidades Brasileiras (Crub).<\/p>\n","protected":false},"excerpt":{"rendered":"<p>Fonte:\u00a0Assessoria de Comunica\u00e7\u00e3o da ESPMU A Escola Superior do Minist\u00e9rio P\u00fablico da Uni\u00e3o (ESMPU) prorrogou at\u00e9 15 de junho as inscri\u00e7\u00f5es para o 4\u00ba Pr\u00eamio ESMPU de Jornalismo Universit\u00e1rio. Com a altera\u00e7\u00e3o, poder\u00e3o ser inscritas no concurso mat\u00e9rias produzidas e veiculadas entre 1\u00ba de janeiro de 2012 e 14 de junho de 2013. A ficha [&hellip;]<\/p>\n","protected":false},"author":8,"featured_media":0,"comment_status":"open","ping_status":"open","sticky":false,"template":"","format":"standard","meta":[],"categories":[4],"tags":[],"jetpack-related-posts":[],"_links":{"self":[{"href":"https:\/\/www1.unicap.br\/assecom1\/wp-json\/wp\/v2\/posts\/36865"}],"collection":[{"href":"https:\/\/www1.unicap.br\/assecom1\/wp-json\/wp\/v2\/posts"}],"about":[{"href":"https:\/\/www1.unicap.br\/assecom1\/wp-json\/wp\/v2\/types\/post"}],"author":[{"embeddable":true,"href":"https:\/\/www1.unicap.br\/assecom1\/wp-json\/wp\/v2\/users\/8"}],"replies":[{"embeddable":true,"href":"https:\/\/www1.unicap.br\/assecom1\/wp-json\/wp\/v2\/comments?post=36865"}],"version-history":[{"count":2,"href":"https:\/\/www1.unicap.br\/assecom1\/wp-json\/wp\/v2\/posts\/36865\/revisions"}],"predecessor-version":[{"id":36867,"href":"https:\/\/www1.unicap.br\/assecom1\/wp-json\/wp\/v2\/posts\/36865\/revisions\/36867"}],"wp:attachment":[{"href":"https:\/\/www1.unicap.br\/assecom1\/wp-json\/wp\/v2\/media?parent=36865"}],"wp:term":[{"taxonomy":"category","embeddable":true,"href":"https:\/\/www1.unicap.br\/assecom1\/wp-json\/wp\/v2\/categories?post=36865"},{"taxonomy":"post_tag","embeddable":true,"href":"https:\/\/www1.unicap.br\/assecom1\/wp-json\/wp\/v2\/tags?post=36865"}],"curies":[{"name":"wp","href":"https:\/\/api.w.org\/{rel}","templated":true}]}}