{"id":36306,"date":"2013-01-21T23:39:28","date_gmt":"2013-01-21T23:39:28","guid":{"rendered":"http:\/\/www.unicap.br\/assecom1\/?p=36306"},"modified":"2013-01-21T23:39:28","modified_gmt":"2013-01-21T23:39:28","slug":"instituto-cervantes-realiza-no-dia-26-de-janeiro-curso-sobre-aplicacao-das-tecnologias-da-informacao-e-comunicacao-no-ensino-do-espanhol","status":"publish","type":"post","link":"https:\/\/www1.unicap.br\/assecom1\/instituto-cervantes-realiza-no-dia-26-de-janeiro-curso-sobre-aplicacao-das-tecnologias-da-informacao-e-comunicacao-no-ensino-do-espanhol\/","title":{"rendered":"Instituto Cervantes realiza no dia 26 de janeiro curso sobre aplica\u00e7\u00e3o das tecnologias da informa\u00e7\u00e3o e comunica\u00e7\u00e3o no ensino do espanhol"},"content":{"rendered":"<p>Com informa\u00e7\u00f5es da Assessoria de Comunica\u00e7\u00e3o do Instituto Cervantes<\/p>\n<p><span style=\"font-family: Times New Roman;\">O Instituto Cervantes est\u00e1 com inscri\u00e7\u00f5es abertas para o curso: <strong>Aplica\u00e7\u00e3o das Tecnologias da Informa\u00e7\u00e3o e Comunica\u00e7\u00e3o no ensino do espanhol. <\/strong>\u00a0O curso, que ser\u00e1 realizado pr\u00f3ximo s\u00e1bado (26), \u00e9 voltado tamb\u00e9m para professores de outras l\u00ednguas, estudantes e demais interessados no tema. A mestre em Novas Tecnologias na Educa\u00e7\u00e3o e professora de Espanhol da Funda\u00e7\u00e3o Bradesco, Patr\u00edcia Espinar, vai conduzir as atividades, das 14h30 \u00e0s 17h30 e os participantes receber\u00e3o certificado. <\/span><\/p>\n<p><span style=\"font-family: Times New Roman;\">Patricia Espinar explica que, em plena era da globaliza\u00e7\u00e3o, a internet aproxima o mundo dos que falam outra l\u00edngua ao dos que estudam o idioma. \u201cO uso da web em sala permite o acesso direto e f\u00e1cil a todo tipo de input lingu\u00edstico e materiais aut\u00eanticos, al\u00e9m de promover um entorno que aproxima a aula da realidade e da comunica\u00e7\u00e3o aut\u00eantica\u201d, comenta a professora. <\/span><\/p>\n<p><span style=\"font-family: Times New Roman;\">Durante o curso ser\u00e3o abordados conte\u00fados, plataformas e ferramentas comunicativas, al\u00e9m das vantagens da educa\u00e7\u00e3o virtual, como flexibilidade de hor\u00e1rios, baixo custo e a possiblidade de envolver mais os alunos t\u00edmidos atrav\u00e9s de ferramentas como foros de discuss\u00e3o e chats.<\/span><\/p>\n<p><span style=\"font-family: Times New Roman;\">Os interessados devem realizar a inscri\u00e7\u00e3o antecipadamente, no Instituto Cervantes no Derby, atrav\u00e9s do pagamento da taxa de R$ 60,00. Tamb\u00e9m h\u00e1 a possibilidade de inscri\u00e7\u00e3o por e-mail (<\/span><a href=\"mailto:cenrec@cervantes.es\" target=\"_blank\"><span style=\"color: #0000ff; font-family: Times New Roman;\">cenrec@cervantes.es<\/span><\/a><span style=\"font-family: Times New Roman;\">) com o pagamento atrav\u00e9s de dep\u00f3sito na conta do Instituto. Estudantes universit\u00e1rios de Letras, s\u00f3cios de associa\u00e7\u00f5es de professores e professores da rede p\u00fablica ter\u00e3o direito a 20% de desconto.<\/span><\/p>\n<p><span style=\"font-family: Times New Roman;\">Este curso \u00e9 o primeiro da programa\u00e7\u00e3o de cursos de aperfei\u00e7oamento para professores em 2013, promovido pelo Instituto Cervantes do Recife. Al\u00e9m deste, haver\u00e1 mais cinco cursos este ano, sempre aos s\u00e1bados, com os temas realizados ao ensino de l\u00ednguas. Detalhes sobre os cursos e a programa\u00e7\u00e3o completa est\u00e3o no site do Instituto: <\/span><a href=\"http:\/\/www.recife.cervantes.es\/\" target=\"_blank\"><span style=\"color: #0000ff; font-family: Times New Roman;\">www.recife.cervantes.es<\/span><\/a><span style=\"font-family: Times New Roman;\">, no link Cursos para Professores. <\/span><\/p>\n<p><span style=\"font-family: Times New Roman;\">O Instituto Cervantes fica na Av. Agamenon Magalh\u00e3es, 4535, no Derby. Maiores informa\u00e7\u00f5es sobre os cursos atrav\u00e9s do telefone <a href=\"tel:%2881%29%203334-0450\" target=\"_blank\">(81) 3334-0450<\/a> ou no e-mail <a href=\"mailto:cenrec@cervantes.es\" target=\"_blank\"><span style=\"color: #0000ff;\">cenrec@cervantes.es<\/span><\/a>.<\/span><\/p>\n<div dir=\"ltr\"><\/div>\n<p>&nbsp;<\/p>\n","protected":false},"excerpt":{"rendered":"<p>Com informa\u00e7\u00f5es da Assessoria de Comunica\u00e7\u00e3o do Instituto Cervantes O Instituto Cervantes est\u00e1 com inscri\u00e7\u00f5es abertas para o curso: Aplica\u00e7\u00e3o das Tecnologias da Informa\u00e7\u00e3o e Comunica\u00e7\u00e3o no ensino do espanhol. \u00a0O curso, que ser\u00e1 realizado pr\u00f3ximo s\u00e1bado (26), \u00e9 voltado tamb\u00e9m para professores de outras l\u00ednguas, estudantes e demais interessados no tema. A mestre em [&hellip;]<\/p>\n","protected":false},"author":2,"featured_media":0,"comment_status":"open","ping_status":"open","sticky":false,"template":"","format":"standard","meta":[],"categories":[4],"tags":[],"jetpack-related-posts":[],"_links":{"self":[{"href":"https:\/\/www1.unicap.br\/assecom1\/wp-json\/wp\/v2\/posts\/36306"}],"collection":[{"href":"https:\/\/www1.unicap.br\/assecom1\/wp-json\/wp\/v2\/posts"}],"about":[{"href":"https:\/\/www1.unicap.br\/assecom1\/wp-json\/wp\/v2\/types\/post"}],"author":[{"embeddable":true,"href":"https:\/\/www1.unicap.br\/assecom1\/wp-json\/wp\/v2\/users\/2"}],"replies":[{"embeddable":true,"href":"https:\/\/www1.unicap.br\/assecom1\/wp-json\/wp\/v2\/comments?post=36306"}],"version-history":[{"count":1,"href":"https:\/\/www1.unicap.br\/assecom1\/wp-json\/wp\/v2\/posts\/36306\/revisions"}],"predecessor-version":[{"id":36307,"href":"https:\/\/www1.unicap.br\/assecom1\/wp-json\/wp\/v2\/posts\/36306\/revisions\/36307"}],"wp:attachment":[{"href":"https:\/\/www1.unicap.br\/assecom1\/wp-json\/wp\/v2\/media?parent=36306"}],"wp:term":[{"taxonomy":"category","embeddable":true,"href":"https:\/\/www1.unicap.br\/assecom1\/wp-json\/wp\/v2\/categories?post=36306"},{"taxonomy":"post_tag","embeddable":true,"href":"https:\/\/www1.unicap.br\/assecom1\/wp-json\/wp\/v2\/tags?post=36306"}],"curies":[{"name":"wp","href":"https:\/\/api.w.org\/{rel}","templated":true}]}}