{"id":36100,"date":"2012-12-27T11:48:17","date_gmt":"2012-12-27T11:48:17","guid":{"rendered":"http:\/\/www.unicap.br\/assecom1\/?p=36100"},"modified":"2012-12-27T11:48:17","modified_gmt":"2012-12-27T11:48:17","slug":"funcionario-da-catolica-e-ordenado-diacono-por-dom-fernando-saburido","status":"publish","type":"post","link":"https:\/\/www1.unicap.br\/assecom1\/funcionario-da-catolica-e-ordenado-diacono-por-dom-fernando-saburido\/","title":{"rendered":"Funcion\u00e1rio da Cat\u00f3lica \u00e9 ordenado Di\u00e1cono por Dom Fernando Saburido"},"content":{"rendered":"<p><a href=\"https:\/\/i0.wp.com\/www1.unicap.br\/assecom1\/wp-content\/uploads\/2012\/12\/Ordenacao_Heleno.jpg?ssl=1\"><img data-attachment-id=\"36102\" data-permalink=\"https:\/\/www1.unicap.br\/assecom1\/funcionario-da-catolica-e-ordenado-diacono-por-dom-fernando-saburido\/ordenacao_heleno\/\" data-orig-file=\"https:\/\/i0.wp.com\/www1.unicap.br\/assecom1\/wp-content\/uploads\/2012\/12\/Ordenacao_Heleno.jpg?fit=1355%2C804&amp;ssl=1\" data-orig-size=\"1355,804\" data-comments-opened=\"1\" data-image-meta=\"{&quot;aperture&quot;:&quot;0&quot;,&quot;credit&quot;:&quot;&quot;,&quot;camera&quot;:&quot;&quot;,&quot;caption&quot;:&quot;&quot;,&quot;created_timestamp&quot;:&quot;0&quot;,&quot;copyright&quot;:&quot;&quot;,&quot;focal_length&quot;:&quot;0&quot;,&quot;iso&quot;:&quot;0&quot;,&quot;shutter_speed&quot;:&quot;0&quot;,&quot;title&quot;:&quot;&quot;}\" data-image-title=\"Ordenacao_Heleno\" data-image-description=\"\" data-medium-file=\"https:\/\/i0.wp.com\/www1.unicap.br\/assecom1\/wp-content\/uploads\/2012\/12\/Ordenacao_Heleno.jpg?fit=300%2C178&amp;ssl=1\" data-large-file=\"https:\/\/i0.wp.com\/www1.unicap.br\/assecom1\/wp-content\/uploads\/2012\/12\/Ordenacao_Heleno.jpg?fit=640%2C379&amp;ssl=1\" loading=\"lazy\" class=\"alignnone  wp-image-36102\" title=\"Ordenacao de Heleno Brainer\" src=\"https:\/\/i0.wp.com\/www1.unicap.br\/assecom1\/wp-content\/uploads\/2012\/12\/Ordenacao_Heleno.jpg?resize=640%2C379&#038;ssl=1\" alt=\"\" srcset=\"https:\/\/i0.wp.com\/www1.unicap.br\/assecom1\/wp-content\/uploads\/2012\/12\/Ordenacao_Heleno.jpg?resize=1024%2C607&amp;ssl=1 1024w, https:\/\/i0.wp.com\/www1.unicap.br\/assecom1\/wp-content\/uploads\/2012\/12\/Ordenacao_Heleno.jpg?resize=300%2C178&amp;ssl=1 300w, https:\/\/i0.wp.com\/www1.unicap.br\/assecom1\/wp-content\/uploads\/2012\/12\/Ordenacao_Heleno.jpg?w=1355&amp;ssl=1 1355w, https:\/\/i0.wp.com\/www1.unicap.br\/assecom1\/wp-content\/uploads\/2012\/12\/Ordenacao_Heleno.jpg?w=1280&amp;ssl=1 1280w\" sizes=\"(max-width: 640px) 100vw, 640px\" data-recalc-dims=\"1\" \/><\/a><\/p>\n<p>O t\u00e9cnico em seguran\u00e7a do trabalho da Universidade Cat\u00f3lica de Pernambuco, Heleno Brainer, foi ordenado Di\u00e1cono Permanente da Igreja Cat\u00f3lica pelo Arcebispo de Olinda e Recife, Dom Fernando Saburido, na Igreja Matriz da S\u00e9, em Olinda, sexta-feira, dia 21.<\/p>\n<p><a href=\"https:\/\/i0.wp.com\/www1.unicap.br\/assecom1\/wp-content\/uploads\/2012\/12\/Dom-Fernando-Saburido.jpg?ssl=1\"><img data-attachment-id=\"36101\" data-permalink=\"https:\/\/www1.unicap.br\/assecom1\/funcionario-da-catolica-e-ordenado-diacono-por-dom-fernando-saburido\/dom-fernando-saburido\/\" data-orig-file=\"https:\/\/i0.wp.com\/www1.unicap.br\/assecom1\/wp-content\/uploads\/2012\/12\/Dom-Fernando-Saburido.jpg?fit=1115%2C810&amp;ssl=1\" data-orig-size=\"1115,810\" data-comments-opened=\"1\" data-image-meta=\"{&quot;aperture&quot;:&quot;0&quot;,&quot;credit&quot;:&quot;&quot;,&quot;camera&quot;:&quot;&quot;,&quot;caption&quot;:&quot;&quot;,&quot;created_timestamp&quot;:&quot;0&quot;,&quot;copyright&quot;:&quot;&quot;,&quot;focal_length&quot;:&quot;0&quot;,&quot;iso&quot;:&quot;0&quot;,&quot;shutter_speed&quot;:&quot;0&quot;,&quot;title&quot;:&quot;&quot;}\" data-image-title=\"Dom Fernando Saburido\" data-image-description=\"\" data-medium-file=\"https:\/\/i0.wp.com\/www1.unicap.br\/assecom1\/wp-content\/uploads\/2012\/12\/Dom-Fernando-Saburido.jpg?fit=300%2C217&amp;ssl=1\" data-large-file=\"https:\/\/i0.wp.com\/www1.unicap.br\/assecom1\/wp-content\/uploads\/2012\/12\/Dom-Fernando-Saburido.jpg?fit=640%2C464&amp;ssl=1\" loading=\"lazy\" class=\"alignleft size-thumbnail wp-image-36101\" title=\"Dom Fernando Saburido\" src=\"https:\/\/i0.wp.com\/www1.unicap.br\/assecom1\/wp-content\/uploads\/2012\/12\/Dom-Fernando-Saburido.jpg?resize=150%2C150&#038;ssl=1\" alt=\"\" srcset=\"https:\/\/i0.wp.com\/www1.unicap.br\/assecom1\/wp-content\/uploads\/2012\/12\/Dom-Fernando-Saburido.jpg?resize=150%2C150&amp;ssl=1 150w, https:\/\/i0.wp.com\/www1.unicap.br\/assecom1\/wp-content\/uploads\/2012\/12\/Dom-Fernando-Saburido.jpg?zoom=2&amp;resize=150%2C150&amp;ssl=1 300w, https:\/\/i0.wp.com\/www1.unicap.br\/assecom1\/wp-content\/uploads\/2012\/12\/Dom-Fernando-Saburido.jpg?zoom=3&amp;resize=150%2C150&amp;ssl=1 450w\" sizes=\"(max-width: 150px) 100vw, 150px\" data-recalc-dims=\"1\" \/><\/a>Na cerim\u00f4nia, foram ordenados seis Di\u00e1conos Permanentes, que ir\u00e3o desenvolver a\u00e7\u00f5es pastorais nas par\u00f3quias da Arquidiocese. \u201c\u00c9 uma alegria muito grande para a Arquidiocese acolher mais seis Di\u00e1conos Permanentes e, gra\u00e7as a Deus, a procura tem sido muito grande. N\u00f3s temos v\u00e1rios candidatos, aproximadamente 30, se preparando para receber a ordena\u00e7\u00e3o diaconal. Com esses seis, formamos 27 Di\u00e1conos Permanentes que est\u00e3o assumindo comunidades maiores, onde n\u00e3o existe um sacerdote, preparando futuras par\u00f3quias e contribuindo com as comiss\u00f5es. Temos muita alegria em acolher esses irm\u00e3os, porque \u00e9 um sinal de esperan\u00e7a e dinamismo pastoral para a nossa Arquidiocese\u201d, explica Dom Fernando Saburido.<\/p>\n<p>Para receber o sacramento da ordem no grau do Diaconato \u00e9 necess\u00e1rio ser casado h\u00e1 mais de cinco anos e passar por forma\u00e7\u00e3o espec\u00edfica. Segundo o Padre Jo\u00e3o Carlos Magalh\u00e3es, diretor da Escola Diaconal S\u00e3o Jos\u00e9, o tempo m\u00ednimo de forma\u00e7\u00e3o \u00e9 quatro anos. O candidato tem que ser apresentado pelo padre de sua par\u00f3quia e passar por uma entrevista, junto com a esposa e os filhos.<\/p>\n<p><a href=\"https:\/\/i1.wp.com\/www1.unicap.br\/assecom1\/wp-content\/uploads\/2012\/12\/Ordenacao_Heleno-2.jpg?ssl=1\"><img data-attachment-id=\"36103\" data-permalink=\"https:\/\/www1.unicap.br\/assecom1\/funcionario-da-catolica-e-ordenado-diacono-por-dom-fernando-saburido\/ordenacao_heleno-2\/\" data-orig-file=\"https:\/\/i1.wp.com\/www1.unicap.br\/assecom1\/wp-content\/uploads\/2012\/12\/Ordenacao_Heleno-2.jpg?fit=929%2C792&amp;ssl=1\" data-orig-size=\"929,792\" data-comments-opened=\"1\" data-image-meta=\"{&quot;aperture&quot;:&quot;0&quot;,&quot;credit&quot;:&quot;&quot;,&quot;camera&quot;:&quot;&quot;,&quot;caption&quot;:&quot;&quot;,&quot;created_timestamp&quot;:&quot;0&quot;,&quot;copyright&quot;:&quot;&quot;,&quot;focal_length&quot;:&quot;0&quot;,&quot;iso&quot;:&quot;0&quot;,&quot;shutter_speed&quot;:&quot;0&quot;,&quot;title&quot;:&quot;&quot;}\" data-image-title=\"Di\u00e1cono Heleno Brainer\" data-image-description=\"\" data-medium-file=\"https:\/\/i1.wp.com\/www1.unicap.br\/assecom1\/wp-content\/uploads\/2012\/12\/Ordenacao_Heleno-2.jpg?fit=300%2C255&amp;ssl=1\" data-large-file=\"https:\/\/i1.wp.com\/www1.unicap.br\/assecom1\/wp-content\/uploads\/2012\/12\/Ordenacao_Heleno-2.jpg?fit=640%2C546&amp;ssl=1\" loading=\"lazy\" class=\"alignright size-thumbnail wp-image-36103\" title=\"Di\u00e1cono Heleno Brainer\" src=\"https:\/\/i1.wp.com\/www1.unicap.br\/assecom1\/wp-content\/uploads\/2012\/12\/Ordenacao_Heleno-2.jpg?resize=150%2C150&#038;ssl=1\" alt=\"\" srcset=\"https:\/\/i1.wp.com\/www1.unicap.br\/assecom1\/wp-content\/uploads\/2012\/12\/Ordenacao_Heleno-2.jpg?resize=150%2C150&amp;ssl=1 150w, https:\/\/i1.wp.com\/www1.unicap.br\/assecom1\/wp-content\/uploads\/2012\/12\/Ordenacao_Heleno-2.jpg?zoom=2&amp;resize=150%2C150&amp;ssl=1 300w, https:\/\/i1.wp.com\/www1.unicap.br\/assecom1\/wp-content\/uploads\/2012\/12\/Ordenacao_Heleno-2.jpg?zoom=3&amp;resize=150%2C150&amp;ssl=1 450w\" sizes=\"(max-width: 150px) 100vw, 150px\" data-recalc-dims=\"1\" \/><\/a>\u201cN\u00f3s estamos sendo ordenados para o servi\u00e7o da Igreja. Pelos m\u00e9ritos de Deus, ele nos concedeu esse benef\u00edcio para que a gente possa trabalhar mais para a nossa Igreja\u201d, relata o rec\u00e9m-ordenado Di\u00e1cono Heleno Brainer.<\/p>\n","protected":false},"excerpt":{"rendered":"<p>O t\u00e9cnico em seguran\u00e7a do trabalho da Universidade Cat\u00f3lica de Pernambuco, Heleno Brainer, foi ordenado Di\u00e1cono Permanente da Igreja Cat\u00f3lica pelo Arcebispo de Olinda e Recife, Dom Fernando Saburido, na Igreja Matriz da S\u00e9, em Olinda, sexta-feira, dia 21. Na cerim\u00f4nia, foram ordenados seis Di\u00e1conos Permanentes, que ir\u00e3o desenvolver a\u00e7\u00f5es pastorais nas par\u00f3quias da Arquidiocese. [&hellip;]<\/p>\n","protected":false},"author":3,"featured_media":0,"comment_status":"open","ping_status":"open","sticky":false,"template":"","format":"standard","meta":[],"categories":[4],"tags":[],"jetpack-related-posts":[],"_links":{"self":[{"href":"https:\/\/www1.unicap.br\/assecom1\/wp-json\/wp\/v2\/posts\/36100"}],"collection":[{"href":"https:\/\/www1.unicap.br\/assecom1\/wp-json\/wp\/v2\/posts"}],"about":[{"href":"https:\/\/www1.unicap.br\/assecom1\/wp-json\/wp\/v2\/types\/post"}],"author":[{"embeddable":true,"href":"https:\/\/www1.unicap.br\/assecom1\/wp-json\/wp\/v2\/users\/3"}],"replies":[{"embeddable":true,"href":"https:\/\/www1.unicap.br\/assecom1\/wp-json\/wp\/v2\/comments?post=36100"}],"version-history":[{"count":3,"href":"https:\/\/www1.unicap.br\/assecom1\/wp-json\/wp\/v2\/posts\/36100\/revisions"}],"predecessor-version":[{"id":36109,"href":"https:\/\/www1.unicap.br\/assecom1\/wp-json\/wp\/v2\/posts\/36100\/revisions\/36109"}],"wp:attachment":[{"href":"https:\/\/www1.unicap.br\/assecom1\/wp-json\/wp\/v2\/media?parent=36100"}],"wp:term":[{"taxonomy":"category","embeddable":true,"href":"https:\/\/www1.unicap.br\/assecom1\/wp-json\/wp\/v2\/categories?post=36100"},{"taxonomy":"post_tag","embeddable":true,"href":"https:\/\/www1.unicap.br\/assecom1\/wp-json\/wp\/v2\/tags?post=36100"}],"curies":[{"name":"wp","href":"https:\/\/api.w.org\/{rel}","templated":true}]}}