{"id":35968,"date":"2012-12-17T21:42:58","date_gmt":"2012-12-17T21:42:58","guid":{"rendered":"http:\/\/www.unicap.br\/assecom1\/?p=35968"},"modified":"2012-12-17T21:42:58","modified_gmt":"2012-12-17T21:42:58","slug":"catolica-promove-cerimonia-de-formatura-das-turmas-de-especializacao-em-educacao","status":"publish","type":"post","link":"https:\/\/www1.unicap.br\/assecom1\/catolica-promove-cerimonia-de-formatura-das-turmas-de-especializacao-em-educacao\/","title":{"rendered":"Cat\u00f3lica promove cerim\u00f4nia de formatura das turmas de Especializa\u00e7\u00e3o em Educa\u00e7\u00e3o"},"content":{"rendered":"<p>A Universidade Cat\u00f3lica de Pernambuco realizou, na noite de quinta-feira (13), no audit\u00f3rio G2, cerim\u00f4nia de formatura da primeira turma do Programa de Forma\u00e7\u00e3o Continuada de Docentes da Rede Municipal de Ensino do Recife, promovido pela Unicap em parceria com a Prefeitura da Cidade do Recife e, atrav\u00e9s do qual foram oferecidos cursos de especializa\u00e7\u00e3o nas \u00e1reas de Gest\u00e3o Educacional; Coordena\u00e7\u00e3o Pedag\u00f3gica; Arte Educa\u00e7\u00e3o; Arte Inclusiva e Educa\u00e7\u00e3o Infantil. A mesa foi composta pela representante das Coordena\u00e7\u00f5es dos Cursos e Corpo Docente da Unicap, Concei\u00e7\u00e3o Bizerra; secret\u00e1ria de Educa\u00e7\u00e3o, Esportes e Lazer do Recife, Ivone Caetano, que representou o prefeito Jo\u00e3o da Costa; a professora Fabiana Silva Barboza, representando os formandos; e a Pr\u00f3-Reitora Acad\u00eamica, Prof\u00aa. Dr\u00aa Aline Grego, que substituiu o Reitor, Padre Pedro Rubens, que encontrava-se em viagem ao exterior cumprindo agenda de compromissos como presidente da Federa\u00e7\u00e3o Internacional das Universidades Cat\u00f3licas (Fiuc).<\/p>\n<p>Ao todo participaram do programa 350 docentes da rede municipal de ensino, distribu\u00eddos em 10 turmas. O in\u00edcio da cerim\u00f4nia foi marcado pela execu\u00e7\u00e3o do hino nacional. Logo em seguida, um v\u00eddeo institucional da Unicap foi exibido, mostrando a prepara\u00e7\u00e3o da institui\u00e7\u00e3o para esse novo momento econ\u00f4mico pelo qual Pernambuco est\u00e1 passando. Al\u00e9m disso, foi apresentada a hist\u00f3ria e o desenvolvimento da Universidade ao longo de seus 61 anos de exist\u00eancia.<\/p>\n<p>A professora Concei\u00e7\u00e3o Bizerra foi a primeira a falar. Ela parabenizou todos os concluintes. &#8220;\u00c9 com muita satisfa\u00e7\u00e3o que me fa\u00e7o presente neste evento. Tenho certeza que todos \u00a0ser\u00e3o \u00f3timos profissionais&#8221;, ressaltou. Em seguida, desejou um feliz Natal a todos e enfatizou: &#8220;Hoje, 13 de dezembro, estamos no Recife, uma cidade que, como diz Lenine, &#8216;s\u00f3 quer crescer e ser feliz&#8217;. Estamos formando novos educadores e \u00e9, com a valoriza\u00e7\u00e3o da educa\u00e7\u00e3o e dos novos gestores, que poderemos contribuir para mudar o pa\u00eds&#8221;.<\/p>\n<p>A concluinte Luciene Moreira, formanda em Gest\u00e3o Educacional, ressaltou o enriquecimento profissional ao longo do curso. &#8220;Foi uma experi\u00eancia excelente, deu para abrir novos horizontes. Apesar de ser cansativo, todos os momentos valeram a pena. Tive a sorte de vivenciar a pr\u00e1tica antes de finalizar minha p\u00f3s, pois fui professora e coordenadora da Escola Estadual Alto do Pascoal, localizada em \u00c1gua Fria. L\u00e1 pude colocar minha forma compartilhada e democr\u00e1tica de gerir o ensino&#8221;, destacou.<\/p>\n<p>Depois, a professora Fabiana Barboza, representando os novos gestores, celebrou o momento t\u00e3o especial fazendo uma men\u00e7\u00e3o a alguns de seus alunos. &#8220;Agrade\u00e7o aos F\u00e1bios pelos seus conhecimentos t\u00e9cnicos, \u00e0s Julianas pelas suas paci\u00eancias que s\u00f3 os monges possuem, \u00e0s Marias pelas suas sinceridades e aos Eduardos por nunca desistirem de aprender, mesmo encontrando tantas dificuldades na inf\u00e2ncia&#8221;, afirmou.<\/p>\n<p>A Pr\u00f3-Reitora Acad\u00eamica da Cat\u00f3lica, Aline Grego, destacou a hist\u00f3ria e o empenho da Universidade em formar &#8220;cidad\u00e3os para o mercado de trabalho&#8221;, e sinalizou para as mudan\u00e7as na maneira de gerir e melhorar a qualidade do ensino. &#8220;Fui professora da rede p\u00fablica de ensino. Em meados da d\u00e9cada de 1990, eu lecionava em uma escola no bairro do Coque. Me afastei depois que tive um pedido de Doutorado negado pela Prefeitura do Recife, sob alega\u00e7\u00e3o de ser uma professora de alfabetiza\u00e7\u00e3o e n\u00e3o necessitar de uma especializa\u00e7\u00e3o&#8221;, disse. Posteriormente, voltando-se para a secret\u00e1ria de Educa\u00e7\u00e3o, Esportes e Lazer, Ivone Caetano, concluiufrisou: &#8220;Fico feliz que esse pensamento esteja mudando&#8221;.<\/p>\n<p>No final, Ivone Caetano refor\u00e7ou a necessidade de maiores avan\u00e7os na \u00e1rea educacional. &#8220;Costumo dizer que o professor da rede p\u00fablica \u00e9 o melhor profissional do mercado, porque \u00e9 o \u00fanico capaz de lecionar para pessoas que muitas vezes est\u00e3o inseridas em um meio social de alto risco, que n\u00e3o possuem livros, nem exemplos para seguir, onde muitas vezes frequentam o ambiente escolar apenas para se alimentar&#8221;, afirmou.<\/p>\n<p><strong>O conv\u00eanio<\/strong>\u00a0\u2013 A Prefeitura do Recife assinou conv\u00eanio com a Unicap no ano passado para a disponibiliza\u00e7\u00e3o de 350 vagas em especializa\u00e7\u00e3o, direcionadas a professores da Rede Municipal de Ensino. A medida est\u00e1 em conson\u00e2ncia com a Pol\u00edtica de Valoriza\u00e7\u00e3o e Forma\u00e7\u00e3o dos Professores da Rede Municipal, uma das metas da gest\u00e3o da prefeitura para a melhoria da qualidade da educa\u00e7\u00e3o.<\/p>\n<p>As aulas foram ministradas na Universidade Cat\u00f3lica e no Centro de Forma\u00e7\u00e3o de Educadores Professor Paulo Freire, na Madalena. Os professores selecionados atenderam a alguns requisitos, como n\u00e3o ter curso de p\u00f3s-gradua\u00e7\u00e3o anterior e concordar em permanecer na Rede Municipal de Ensino ap\u00f3s a conclus\u00e3o do curso por, no m\u00ednimo, o mesmo per\u00edodo de dura\u00e7\u00e3o da especializa\u00e7\u00e3o, entre outros requisitos.<\/p>\n<p>A PCR estima que, com a viabiliza\u00e7\u00e3o de mais esta forma\u00e7\u00e3o, o quantitativo dos professores p\u00f3s-graduados na rede municipal aumente de 61% para 67%.<\/p>\n","protected":false},"excerpt":{"rendered":"<p>A Universidade Cat\u00f3lica de Pernambuco realizou, na noite de quinta-feira (13), no audit\u00f3rio G2, cerim\u00f4nia de formatura da primeira turma do Programa de Forma\u00e7\u00e3o Continuada de Docentes da Rede Municipal de Ensino do Recife, promovido pela Unicap em parceria com a Prefeitura da Cidade do Recife e, atrav\u00e9s do qual foram oferecidos cursos de especializa\u00e7\u00e3o [&hellip;]<\/p>\n","protected":false},"author":48,"featured_media":0,"comment_status":"open","ping_status":"open","sticky":false,"template":"","format":"standard","meta":[],"categories":[4],"tags":[],"jetpack-related-posts":[],"_links":{"self":[{"href":"https:\/\/www1.unicap.br\/assecom1\/wp-json\/wp\/v2\/posts\/35968"}],"collection":[{"href":"https:\/\/www1.unicap.br\/assecom1\/wp-json\/wp\/v2\/posts"}],"about":[{"href":"https:\/\/www1.unicap.br\/assecom1\/wp-json\/wp\/v2\/types\/post"}],"author":[{"embeddable":true,"href":"https:\/\/www1.unicap.br\/assecom1\/wp-json\/wp\/v2\/users\/48"}],"replies":[{"embeddable":true,"href":"https:\/\/www1.unicap.br\/assecom1\/wp-json\/wp\/v2\/comments?post=35968"}],"version-history":[{"count":9,"href":"https:\/\/www1.unicap.br\/assecom1\/wp-json\/wp\/v2\/posts\/35968\/revisions"}],"predecessor-version":[{"id":35995,"href":"https:\/\/www1.unicap.br\/assecom1\/wp-json\/wp\/v2\/posts\/35968\/revisions\/35995"}],"wp:attachment":[{"href":"https:\/\/www1.unicap.br\/assecom1\/wp-json\/wp\/v2\/media?parent=35968"}],"wp:term":[{"taxonomy":"category","embeddable":true,"href":"https:\/\/www1.unicap.br\/assecom1\/wp-json\/wp\/v2\/categories?post=35968"},{"taxonomy":"post_tag","embeddable":true,"href":"https:\/\/www1.unicap.br\/assecom1\/wp-json\/wp\/v2\/tags?post=35968"}],"curies":[{"name":"wp","href":"https:\/\/api.w.org\/{rel}","templated":true}]}}