{"id":35956,"date":"2012-12-13T11:57:44","date_gmt":"2012-12-13T11:57:44","guid":{"rendered":"http:\/\/www.unicap.br\/assecom1\/?p=35956"},"modified":"2012-12-13T11:57:44","modified_gmt":"2012-12-13T11:57:44","slug":"novos-produtos-chegam-na-fasa","status":"publish","type":"post","link":"https:\/\/www1.unicap.br\/assecom1\/novos-produtos-chegam-na-fasa\/","title":{"rendered":"Novos produtos chegam na Fasa"},"content":{"rendered":"<p>A loja da Funda\u00e7\u00e3o Ant\u00f4nio dos Santos Abranches (Fasa) recebeu novos produtos. Entre as novidades, est\u00e3o as novas agendas com calend\u00e1rio 2013, canecas, camisas, canetas, porta-retratos, entre outros itens. \u201cOs nossos produtos s\u00e3o uma \u00f3tima op\u00e7\u00e3o de presente de amigo secreto\u201d, sugere a gerente da Fasa, Izabel Oliveira.<\/p>\n<p><a href=\"https:\/\/i1.wp.com\/www1.unicap.br\/assecom1\/wp-content\/uploads\/2012\/12\/DSCN0813.jpg?ssl=1\"><img data-attachment-id=\"35957\" data-permalink=\"https:\/\/www1.unicap.br\/assecom1\/novos-produtos-chegam-na-fasa\/dscn0813\/\" data-orig-file=\"https:\/\/i1.wp.com\/www1.unicap.br\/assecom1\/wp-content\/uploads\/2012\/12\/DSCN0813.jpg?fit=2272%2C1704&amp;ssl=1\" data-orig-size=\"2272,1704\" data-comments-opened=\"1\" data-image-meta=\"{&quot;aperture&quot;:&quot;4.3&quot;,&quot;credit&quot;:&quot;&quot;,&quot;camera&quot;:&quot;COOLPIX L810&quot;,&quot;caption&quot;:&quot;&quot;,&quot;created_timestamp&quot;:&quot;1355158348&quot;,&quot;copyright&quot;:&quot;&quot;,&quot;focal_length&quot;:&quot;13.9&quot;,&quot;iso&quot;:&quot;250&quot;,&quot;shutter_speed&quot;:&quot;0.033333333333333&quot;,&quot;title&quot;:&quot;&quot;}\" data-image-title=\"DSCN0813\" data-image-description=\"\" data-medium-file=\"https:\/\/i1.wp.com\/www1.unicap.br\/assecom1\/wp-content\/uploads\/2012\/12\/DSCN0813.jpg?fit=300%2C224&amp;ssl=1\" data-large-file=\"https:\/\/i1.wp.com\/www1.unicap.br\/assecom1\/wp-content\/uploads\/2012\/12\/DSCN0813.jpg?fit=640%2C480&amp;ssl=1\" loading=\"lazy\" class=\"alignleft size-medium wp-image-35957\" src=\"https:\/\/i1.wp.com\/www1.unicap.br\/assecom1\/wp-content\/uploads\/2012\/12\/DSCN0813.jpg?resize=300%2C224&#038;ssl=1\" alt=\"\" srcset=\"https:\/\/i1.wp.com\/www1.unicap.br\/assecom1\/wp-content\/uploads\/2012\/12\/DSCN0813.jpg?resize=300%2C224&amp;ssl=1 300w, https:\/\/i1.wp.com\/www1.unicap.br\/assecom1\/wp-content\/uploads\/2012\/12\/DSCN0813.jpg?resize=1024%2C768&amp;ssl=1 1024w, https:\/\/i1.wp.com\/www1.unicap.br\/assecom1\/wp-content\/uploads\/2012\/12\/DSCN0813.jpg?w=1280&amp;ssl=1 1280w, https:\/\/i1.wp.com\/www1.unicap.br\/assecom1\/wp-content\/uploads\/2012\/12\/DSCN0813.jpg?w=1920&amp;ssl=1 1920w\" sizes=\"(max-width: 300px) 100vw, 300px\" data-recalc-dims=\"1\" \/><\/a>Funcion\u00e1rios da Universidade Cat\u00f3lica de Pernambuco t\u00eam 10% de desconto na compra de qualquer produto da Funda\u00e7\u00e3o. Confira abaixo os pre\u00e7os dos novos produtos.<\/p>\n<p>Agenda 2013 &#8211; R$25<\/p>\n<p>Caneca (Branca e vinho) \u2013 R$21<\/p>\n<p>Porta documento \u2013 R$12<\/p>\n<p>Caneta ecologia \u2013 R$3,50<\/p>\n<p>L\u00e1pis \u2013 R$2,90<\/p>\n<p>Porta-retrato \u2013 Com desenhos de estrela &#8211; R$13 \/ Com nome Amigos \u2013 R$16<\/p>\n<p>Nova camisa com nome paz escrito em v\u00e1rios idiomas \u2013 Branca R$20 \/ Preta R$22<\/p>\n","protected":false},"excerpt":{"rendered":"<p>A loja da Funda\u00e7\u00e3o Ant\u00f4nio dos Santos Abranches (Fasa) recebeu novos produtos. Entre as novidades, est\u00e3o as novas agendas com calend\u00e1rio 2013, canecas, camisas, canetas, porta-retratos, entre outros itens. \u201cOs nossos produtos s\u00e3o uma \u00f3tima op\u00e7\u00e3o de presente de amigo secreto\u201d, sugere a gerente da Fasa, Izabel Oliveira. Funcion\u00e1rios da Universidade Cat\u00f3lica de Pernambuco t\u00eam [&hellip;]<\/p>\n","protected":false},"author":46,"featured_media":0,"comment_status":"open","ping_status":"open","sticky":false,"template":"","format":"standard","meta":[],"categories":[4],"tags":[],"jetpack-related-posts":[],"_links":{"self":[{"href":"https:\/\/www1.unicap.br\/assecom1\/wp-json\/wp\/v2\/posts\/35956"}],"collection":[{"href":"https:\/\/www1.unicap.br\/assecom1\/wp-json\/wp\/v2\/posts"}],"about":[{"href":"https:\/\/www1.unicap.br\/assecom1\/wp-json\/wp\/v2\/types\/post"}],"author":[{"embeddable":true,"href":"https:\/\/www1.unicap.br\/assecom1\/wp-json\/wp\/v2\/users\/46"}],"replies":[{"embeddable":true,"href":"https:\/\/www1.unicap.br\/assecom1\/wp-json\/wp\/v2\/comments?post=35956"}],"version-history":[{"count":3,"href":"https:\/\/www1.unicap.br\/assecom1\/wp-json\/wp\/v2\/posts\/35956\/revisions"}],"predecessor-version":[{"id":35964,"href":"https:\/\/www1.unicap.br\/assecom1\/wp-json\/wp\/v2\/posts\/35956\/revisions\/35964"}],"wp:attachment":[{"href":"https:\/\/www1.unicap.br\/assecom1\/wp-json\/wp\/v2\/media?parent=35956"}],"wp:term":[{"taxonomy":"category","embeddable":true,"href":"https:\/\/www1.unicap.br\/assecom1\/wp-json\/wp\/v2\/categories?post=35956"},{"taxonomy":"post_tag","embeddable":true,"href":"https:\/\/www1.unicap.br\/assecom1\/wp-json\/wp\/v2\/tags?post=35956"}],"curies":[{"name":"wp","href":"https:\/\/api.w.org\/{rel}","templated":true}]}}