{"id":35939,"date":"2012-12-08T00:46:57","date_gmt":"2012-12-08T00:46:57","guid":{"rendered":"http:\/\/www.unicap.br\/assecom1\/?p=35939"},"modified":"2012-12-08T01:10:42","modified_gmt":"2012-12-08T01:10:42","slug":"coordenador-do-curso-de-jornalismo-escreve-capitulo-de-livro-lancado-pela-intercom-em-homenagem-a-luiz-beltrao","status":"publish","type":"post","link":"https:\/\/www1.unicap.br\/assecom1\/coordenador-do-curso-de-jornalismo-escreve-capitulo-de-livro-lancado-pela-intercom-em-homenagem-a-luiz-beltrao\/","title":{"rendered":"Coordenador do curso de Jornalismo escreve cap\u00edtulo de livro lan\u00e7ado pela Intercom em homenagem a Luiz Beltr\u00e3o"},"content":{"rendered":"<p><strong><\/strong>No pr\u00f3ximo dia 12 de dezembro, \u00e0s 18 horas, a Intercom re\u00fane associados, parceiros e colaboradores para celebrar seus 35 anos de funda\u00e7\u00e3o. O evento est\u00e1 agendado para o Centro Cultural Marques de Melo, instalado na Rua Joaquim Antunes, 711, no bairro de Pinheiros, cidade de S\u00e3o Paulo.<\/p>\n<p>O ponto culminante das celebra\u00e7\u00f5es que come\u00e7am na manh\u00e3 desse dia,\u00a0 prolongando-se at\u00e9 a tarde do dia 13,\u00a0 ser\u00e1 o lan\u00e7amento da Cole\u00e7\u00e3o Beltranianas pelo diretor editorial da entidade, Prof. Dr. Osvando de Morais, bem como do vol. 3 da s\u00e9rie Personalidades, integrante da cole\u00e7\u00e3o Mem\u00f3rias, focalizando a trajet\u00f3ria intelectual de Gaudencio Torquato, disc\u00edpulo de Luiz Beltr\u00e3o que presidiu a Intercom no per\u00edodo 1985-1987.<\/p>\n<p>A obra trilingue dedicada a Gaudencio Torquato foi organizada pelos ex-presidentes Adolpho Queiroz e Margarida Kunsch, reunindo ensaios por eles escritos, bem como pelas jovens Suzi Garcia Hanke e Rose Maria Vidal de Souza e pelo veterano Manuel Carlos Chaparro, complementados por um emotivo depoimento do homenageado. No pref\u00e1cio, o fundador da Intercom, Jos\u00e9 Marques de Melo, enaltece a gest\u00e3o Torquato na presid\u00eancia da associa\u00e7\u00e3o, justamente no governo civil que promulga a Constitui\u00e7\u00e3o Cidad\u00e3.<\/p>\n<p>As tr\u00eas outras obras pertencem ao universo beltraniano. A terceira, organizada por Eduardo Gurgel e Rose Vidal de Souza, resgata a contribui\u00e7\u00e3o paradigm\u00e1tica de Luiz Beltr\u00e3o para a metodologia do ensino de jornalismo, numa co-edi\u00e7ao da Intercom com a Editora da Universidade Federal de Uberl\u00e2ndia, prefaciada por Adriana Omena. A segunda enfeixa artigos selecionados por Antonio Hohlfeldt dentre as colabora\u00e7\u00f5es de Luiz Beltr\u00e3o para a imprensa ga\u00facha no \u00e2mbito do Jornalismo Cultural. E a primeira \u00e9 um Dicion\u00e1rio Bibliogr\u00e1fico de Luiz Beltr\u00e3o, organizado por Jos\u00e9 Marques de Melo, contendo resenhas cr\u00edticas de suas obras impressas. Participaram desse mutir\u00e3o intelectual: Antonio de Andrade, Eduardo Gurgel, Ronia Barbosa, Rose Vidal, Guilherme Fernandes, Isabel Amphilo, Iury P. Arag\u00e3o, Cristina Schmidt, Lana Cristina Santos, Cibele Buoro, Fabio Ferreira, Francisco de Assis, Antonio T. Barros, Osvando Morais, Clarissa Pereira, Ieda Borges, Malena Mota, Sergio Barbosa, Rosemeri Laurindo, Sonia Jaconi, <strong>Juliano Domingues (coordenador do curso de Jornalismo da Universidade Cat\u00f3lica de Pernambuco)<\/strong>, Eliane Mergulh\u00e3o, Sebasti\u00e3o Breguez, Maria Jos\u00e9 Oliveira, Magnolia Rejane dos Santos, Marli dos Santos, Maria Cristina Gobbi, Tyciane Vaz, Karina Woitowicz.<\/p>\n<p>Na mesma ocasi\u00e3o ser\u00e1 homenageada a empres\u00e1ria Angela Cassiano, s\u00f3cia fundadora da Intercom.<\/p>\n<p>Durante os per\u00edodos da manh\u00e3 e da tarde,\u00a0 diretores da Intercom\u00a0 participar\u00e3o de pain\u00e9is restando a trajet\u00f3ria da associa\u00e7\u00e3o, figurando na sess\u00e3o noturna o pesquisador dinamarqu\u00eas Thomas Tufte, que falar\u00e1 sobre a proje\u00e7\u00e3o internacional das ci\u00eancias brasileiras da comunica\u00e7\u00e3o.<\/p>\n<p>Tais eventos integram o programa da VII Simp\u00f3sio Nacional de Ci\u00eancias da Comunica\u00e7\u00e3o \u2013 SINACOM 2012 \u2013 efem\u00e9ride q\u00fcinq\u00fcenal que neste ano \u00e9 coordenada por Maria Cristina Gobbi, destacando o protagonismo da Gera\u00e7\u00e3o Intercom, constitu\u00edda pelos s\u00f3cios que nasceram em 1977. Informa\u00e7\u00f5es: <a href=\"http:\/\/www.intercom.org.br\" target=\"_blank\">www.intercom.org.br<\/a> .<\/p>\n<p>&nbsp;<\/p>\n","protected":false},"excerpt":{"rendered":"<p>No pr\u00f3ximo dia 12 de dezembro, \u00e0s 18 horas, a Intercom re\u00fane associados, parceiros e colaboradores para celebrar seus 35 anos de funda\u00e7\u00e3o. O evento est\u00e1 agendado para o Centro Cultural Marques de Melo, instalado na Rua Joaquim Antunes, 711, no bairro de Pinheiros, cidade de S\u00e3o Paulo. O ponto culminante das celebra\u00e7\u00f5es que come\u00e7am [&hellip;]<\/p>\n","protected":false},"author":2,"featured_media":0,"comment_status":"open","ping_status":"open","sticky":false,"template":"","format":"standard","meta":[],"categories":[4],"tags":[],"jetpack-related-posts":[],"_links":{"self":[{"href":"https:\/\/www1.unicap.br\/assecom1\/wp-json\/wp\/v2\/posts\/35939"}],"collection":[{"href":"https:\/\/www1.unicap.br\/assecom1\/wp-json\/wp\/v2\/posts"}],"about":[{"href":"https:\/\/www1.unicap.br\/assecom1\/wp-json\/wp\/v2\/types\/post"}],"author":[{"embeddable":true,"href":"https:\/\/www1.unicap.br\/assecom1\/wp-json\/wp\/v2\/users\/2"}],"replies":[{"embeddable":true,"href":"https:\/\/www1.unicap.br\/assecom1\/wp-json\/wp\/v2\/comments?post=35939"}],"version-history":[{"count":4,"href":"https:\/\/www1.unicap.br\/assecom1\/wp-json\/wp\/v2\/posts\/35939\/revisions"}],"predecessor-version":[{"id":35941,"href":"https:\/\/www1.unicap.br\/assecom1\/wp-json\/wp\/v2\/posts\/35939\/revisions\/35941"}],"wp:attachment":[{"href":"https:\/\/www1.unicap.br\/assecom1\/wp-json\/wp\/v2\/media?parent=35939"}],"wp:term":[{"taxonomy":"category","embeddable":true,"href":"https:\/\/www1.unicap.br\/assecom1\/wp-json\/wp\/v2\/categories?post=35939"},{"taxonomy":"post_tag","embeddable":true,"href":"https:\/\/www1.unicap.br\/assecom1\/wp-json\/wp\/v2\/tags?post=35939"}],"curies":[{"name":"wp","href":"https:\/\/api.w.org\/{rel}","templated":true}]}}