{"id":35668,"date":"2012-11-27T22:00:48","date_gmt":"2012-11-27T22:00:48","guid":{"rendered":"http:\/\/www.unicap.br\/assecom1\/?p=35668"},"modified":"2012-11-28T12:01:02","modified_gmt":"2012-11-28T12:01:02","slug":"agendas-de-2013-ja-estao-a-venda-na-fasa","status":"publish","type":"post","link":"https:\/\/www1.unicap.br\/assecom1\/agendas-de-2013-ja-estao-a-venda-na-fasa\/","title":{"rendered":"Agendas de 2013 j\u00e1 est\u00e3o \u00e0 venda na Fasa"},"content":{"rendered":"<figure id=\"attachment_35719\" aria-describedby=\"caption-attachment-35719\" style=\"width: 300px\" class=\"wp-caption alignleft\"><a href=\"https:\/\/i2.wp.com\/www1.unicap.br\/assecom1\/wp-content\/uploads\/2012\/11\/DSC4186.jpg?ssl=1\"><img data-attachment-id=\"35719\" data-permalink=\"https:\/\/www1.unicap.br\/assecom1\/agendas-de-2013-ja-estao-a-venda-na-fasa\/_dsc4186\/\" data-orig-file=\"https:\/\/i2.wp.com\/www1.unicap.br\/assecom1\/wp-content\/uploads\/2012\/11\/DSC4186.jpg?fit=4288%2C2848&amp;ssl=1\" data-orig-size=\"4288,2848\" data-comments-opened=\"1\" data-image-meta=\"{&quot;aperture&quot;:&quot;8&quot;,&quot;credit&quot;:&quot;&quot;,&quot;camera&quot;:&quot;NIKON D90&quot;,&quot;caption&quot;:&quot;&quot;,&quot;created_timestamp&quot;:&quot;1354028330&quot;,&quot;copyright&quot;:&quot;&quot;,&quot;focal_length&quot;:&quot;62&quot;,&quot;iso&quot;:&quot;320&quot;,&quot;shutter_speed&quot;:&quot;0.04&quot;,&quot;title&quot;:&quot;&quot;}\" data-image-title=\"_DSC4186\" data-image-description=\"\" data-medium-file=\"https:\/\/i2.wp.com\/www1.unicap.br\/assecom1\/wp-content\/uploads\/2012\/11\/DSC4186.jpg?fit=300%2C199&amp;ssl=1\" data-large-file=\"https:\/\/i2.wp.com\/www1.unicap.br\/assecom1\/wp-content\/uploads\/2012\/11\/DSC4186.jpg?fit=640%2C425&amp;ssl=1\" loading=\"lazy\" class=\"size-medium wp-image-35719\" title=\"_DSC4186\" src=\"https:\/\/i2.wp.com\/www1.unicap.br\/assecom1\/wp-content\/uploads\/2012\/11\/DSC4186.jpg?resize=300%2C199&#038;ssl=1\" alt=\"\" srcset=\"https:\/\/i2.wp.com\/www1.unicap.br\/assecom1\/wp-content\/uploads\/2012\/11\/DSC4186.jpg?resize=300%2C199&amp;ssl=1 300w, https:\/\/i2.wp.com\/www1.unicap.br\/assecom1\/wp-content\/uploads\/2012\/11\/DSC4186.jpg?resize=1024%2C680&amp;ssl=1 1024w, https:\/\/i2.wp.com\/www1.unicap.br\/assecom1\/wp-content\/uploads\/2012\/11\/DSC4186.jpg?w=1280&amp;ssl=1 1280w, https:\/\/i2.wp.com\/www1.unicap.br\/assecom1\/wp-content\/uploads\/2012\/11\/DSC4186.jpg?w=1920&amp;ssl=1 1920w\" sizes=\"(max-width: 300px) 100vw, 300px\" data-recalc-dims=\"1\" \/><\/a><figcaption id=\"caption-attachment-35719\" class=\"wp-caption-text\">Foto: Carolina Nogueira<\/figcaption><\/figure>\n<h5>Come\u00e7aram a\u00a0 ser vendidas nesta ter\u00e7a-feira, na loja da Fasa, no t\u00e9rreo do bloco A, (27) as agendas\u00a0\u00a0de 2013 da Unicap. Confeccionadas com papel reciclado, as agendas custam R$ 25. Professores e funcion\u00e1rios da Cat\u00f3lica t\u00eam 10% de desconto.<\/h5>\n<p>&nbsp;<\/p>\n","protected":false},"excerpt":{"rendered":"<p>Come\u00e7aram a\u00a0 ser vendidas nesta ter\u00e7a-feira, na loja da Fasa, no t\u00e9rreo do bloco A, (27) as agendas\u00a0\u00a0de 2013 da Unicap. Confeccionadas com papel reciclado, as agendas custam R$ 25. Professores e funcion\u00e1rios da Cat\u00f3lica t\u00eam 10% de desconto. &nbsp;<\/p>\n","protected":false},"author":41,"featured_media":0,"comment_status":"open","ping_status":"open","sticky":false,"template":"","format":"standard","meta":[],"categories":[4],"tags":[],"jetpack-related-posts":[],"_links":{"self":[{"href":"https:\/\/www1.unicap.br\/assecom1\/wp-json\/wp\/v2\/posts\/35668"}],"collection":[{"href":"https:\/\/www1.unicap.br\/assecom1\/wp-json\/wp\/v2\/posts"}],"about":[{"href":"https:\/\/www1.unicap.br\/assecom1\/wp-json\/wp\/v2\/types\/post"}],"author":[{"embeddable":true,"href":"https:\/\/www1.unicap.br\/assecom1\/wp-json\/wp\/v2\/users\/41"}],"replies":[{"embeddable":true,"href":"https:\/\/www1.unicap.br\/assecom1\/wp-json\/wp\/v2\/comments?post=35668"}],"version-history":[{"count":7,"href":"https:\/\/www1.unicap.br\/assecom1\/wp-json\/wp\/v2\/posts\/35668\/revisions"}],"predecessor-version":[{"id":35678,"href":"https:\/\/www1.unicap.br\/assecom1\/wp-json\/wp\/v2\/posts\/35668\/revisions\/35678"}],"wp:attachment":[{"href":"https:\/\/www1.unicap.br\/assecom1\/wp-json\/wp\/v2\/media?parent=35668"}],"wp:term":[{"taxonomy":"category","embeddable":true,"href":"https:\/\/www1.unicap.br\/assecom1\/wp-json\/wp\/v2\/categories?post=35668"},{"taxonomy":"post_tag","embeddable":true,"href":"https:\/\/www1.unicap.br\/assecom1\/wp-json\/wp\/v2\/tags?post=35668"}],"curies":[{"name":"wp","href":"https:\/\/api.w.org\/{rel}","templated":true}]}}