{"id":35575,"date":"2012-11-23T14:28:59","date_gmt":"2012-11-23T14:28:59","guid":{"rendered":"http:\/\/www.unicap.br\/assecom1\/?p=35575"},"modified":"2012-11-23T14:28:59","modified_gmt":"2012-11-23T14:28:59","slug":"coordenadora-do-mestrado-em-desenvolvimento-de-processos-ambientais-vai-participar-de-seminario-da-capes","status":"publish","type":"post","link":"https:\/\/www1.unicap.br\/assecom1\/coordenadora-do-mestrado-em-desenvolvimento-de-processos-ambientais-vai-participar-de-seminario-da-capes\/","title":{"rendered":"Coordenadora do Mestrado em Desenvolvimento de Processos Ambientais vai participar de semin\u00e1rio da Capes"},"content":{"rendered":"<p>A coordenadora do Mestrado em Desenvolvimento de Processos Ambientais da Unicap, a Profa. Dra. Alexandra Salgueiro, participar\u00e1 do II Semin\u00e1rio de Acompanhamento dos Programas de P\u00f3s-Gradua\u00e7\u00e3o das Engenharias, que ser\u00e1 realizado pela Coordena\u00e7\u00e3o de Aperfei\u00e7oamento de Pessoal de N\u00edvel Superior (Capes), do Minist\u00e9rio da Educa\u00e7\u00e3o, no pr\u00f3ximo dia 4 de dezembro, em Bras\u00edlia.<\/p>\n<p>Na ocasi\u00e3o, a professora Alexandra participar\u00e1, al\u00e9m da palestra de abertura com o diretor da Capes, Prof. L\u00edvio Amaral, de reuni\u00f5es sobre as Engenharias II, III e IV.<\/p>\n<p>&nbsp;<\/p>\n<p>&nbsp;<\/p>\n<p>&nbsp;<\/p>\n","protected":false},"excerpt":{"rendered":"<p>A coordenadora do Mestrado em Desenvolvimento de Processos Ambientais da Unicap, a Profa. Dra. Alexandra Salgueiro, participar\u00e1 do II Semin\u00e1rio de Acompanhamento dos Programas de P\u00f3s-Gradua\u00e7\u00e3o das Engenharias, que ser\u00e1 realizado pela Coordena\u00e7\u00e3o de Aperfei\u00e7oamento de Pessoal de N\u00edvel Superior (Capes), do Minist\u00e9rio da Educa\u00e7\u00e3o, no pr\u00f3ximo dia 4 de dezembro, em Bras\u00edlia. Na ocasi\u00e3o, [&hellip;]<\/p>\n","protected":false},"author":2,"featured_media":0,"comment_status":"open","ping_status":"open","sticky":false,"template":"","format":"standard","meta":[],"categories":[4],"tags":[],"jetpack-related-posts":[],"_links":{"self":[{"href":"https:\/\/www1.unicap.br\/assecom1\/wp-json\/wp\/v2\/posts\/35575"}],"collection":[{"href":"https:\/\/www1.unicap.br\/assecom1\/wp-json\/wp\/v2\/posts"}],"about":[{"href":"https:\/\/www1.unicap.br\/assecom1\/wp-json\/wp\/v2\/types\/post"}],"author":[{"embeddable":true,"href":"https:\/\/www1.unicap.br\/assecom1\/wp-json\/wp\/v2\/users\/2"}],"replies":[{"embeddable":true,"href":"https:\/\/www1.unicap.br\/assecom1\/wp-json\/wp\/v2\/comments?post=35575"}],"version-history":[{"count":4,"href":"https:\/\/www1.unicap.br\/assecom1\/wp-json\/wp\/v2\/posts\/35575\/revisions"}],"predecessor-version":[{"id":35639,"href":"https:\/\/www1.unicap.br\/assecom1\/wp-json\/wp\/v2\/posts\/35575\/revisions\/35639"}],"wp:attachment":[{"href":"https:\/\/www1.unicap.br\/assecom1\/wp-json\/wp\/v2\/media?parent=35575"}],"wp:term":[{"taxonomy":"category","embeddable":true,"href":"https:\/\/www1.unicap.br\/assecom1\/wp-json\/wp\/v2\/categories?post=35575"},{"taxonomy":"post_tag","embeddable":true,"href":"https:\/\/www1.unicap.br\/assecom1\/wp-json\/wp\/v2\/tags?post=35575"}],"curies":[{"name":"wp","href":"https:\/\/api.w.org\/{rel}","templated":true}]}}