{"id":35533,"date":"2012-11-22T00:07:39","date_gmt":"2012-11-22T00:07:39","guid":{"rendered":"http:\/\/www.unicap.br\/assecom1\/?p=35533"},"modified":"2012-11-22T00:07:39","modified_gmt":"2012-11-22T00:07:39","slug":"confira-toda-a-programacao-da-semana-da-consciencia-negra-interinstitucional","status":"publish","type":"post","link":"https:\/\/www1.unicap.br\/assecom1\/confira-toda-a-programacao-da-semana-da-consciencia-negra-interinstitucional\/","title":{"rendered":"Confira toda a programa\u00e7\u00e3o da Semana da Consci\u00eancia Negra Interinstitucional"},"content":{"rendered":"<div>Confira abaixo toda a programa\u00e7\u00e3o da Semana da Consci\u00eancia Negra Interinstitucional, promovida pelo N\u00facleo de Estudos Afro-brasileiros e Ind\u00edgenas (Neabi\/Unicap) em parceria com com a Funda\u00e7\u00e3o Palmares, Funda\u00e7\u00e3o Joaquim Nabuco, os N\u00facleos de Estudos Afrobrasileiros da UFRPE e UFPE, al\u00e9m da Funeso e o Comit\u00ea Estadual da Promo\u00e7\u00e3o da Igualdade \u00a0\u00c9tnico-Racial(Cepir\/PE). Todos os eventos est\u00e3o sendo realizado no Museu da Aboli\u00e7\u00e3o.<\/div>\n<div><\/div>\n<div>\n<div align=\"center\"><strong>SEGUNDA-FEIRA \u2013 19.11.2012<\/strong><\/div>\n<\/div>\n<div>17h \u2013<strong> RODA DA CONSCI\u00caNCIA &#8211; CAPOEIRA ANGOLA<\/strong><\/div>\n<div>19h \u2013 <strong>MESA DE ABERTURA<\/strong><\/div>\n<div>\u00b7 Sr.\u00aa Maria Elisabete Arruda de Assis \u2013 Diretora do MAB<\/div>\n<div>\u00b7 Prof.\u00aa Maria Jos\u00e9 de Sena \u2013 Reitora da UFRPE<\/div>\n<div>\u00b7 Prof. An\u00edsio Brasileiro \u2013 Reitor da UFPE<\/div>\n<div>\u00b7 Prof. Pe. Pedro Rubens \u2013 Reitor da UNICAP<\/div>\n<div>\u00b7 Prof.\u00aa Maria da Gl\u00f3ria Dias Medeiros\u00a0 &#8211; Coord. da P\u00f3s-Gradua\u00e7\u00e3o da FUNESO<\/div>\n<div>\u00b7 Prof. Fernando Freire \u2013 Presidente da FUNDAJ<\/div>\n<div>\u00b7 Sr. Jorge Arruda \u2013 CEPIR\/Governo do Estado de Pernambuco<\/div>\n<div>\u00b7 Sr.\u00aa Rosilene Rodrigues -Diretoria da Igualdade Racial\/Prefeitura da Cidade do Recife<\/div>\n<div>\u00b7 Sr. Adeildo Ara\u00fajo &#8211; Movimento Negro Unificado<strong> <\/strong><\/div>\n<div>\u00b7 Prof. Mois\u00e9s de Melo Santana \u2013 CONNEABs<strong> <\/strong><\/div>\n<div>\u00b7 Sr. Daniel Brasil \u2013 Funda\u00e7\u00e3o Cultural Palmares<strong> <\/strong><\/div>\n<div><\/div>\n<div>19h30 \u2013 <strong>CONFER\u00caNCIA DE ABERTURA<\/strong><\/div>\n<div><\/div>\n<div>\n<div align=\"center\"><strong>TER\u00c7A-FEIRA \u2013 20.11.2012<\/strong><\/div>\n<\/div>\n<div>14h \u2013 <strong>RODA DE DI\u00c1LOGO 1 \u2013 <\/strong><em>Ativando Mem\u00f3rias<\/em><strong>: <\/strong>Experi\u00eancias de Educa\u00e7\u00e3o das Rela\u00e7\u00f5es \u00c9tnico-Raciais desenvolvidas pelas Organiza\u00e7\u00f5es Educativas do Movimento Social Negro Pernambucano.<strong> Coordena\u00e7\u00e3o:<\/strong> <strong>Prof\u00aa<\/strong><strong> Auxiliadora Maria Martins (NEAB\/UFPE)<\/strong><strong> <\/strong><\/div>\n<div>\u00b7 Prof.\u00aa L\u00facia dos Prazeres &#8211; Centro de Educa\u00e7\u00e3o Popular Maria da Concei\u00e7\u00e3o<\/div>\n<div>\u00b7 Vilma Carij\u00f3 &#8211; Centro de Educa\u00e7\u00e3o Cultural Daru\u00ea Malungo<\/div>\n<div>\u00b7 Jos\u00e9 de Oliveira &#8211; Conselheiro Estadual do MNU, coordenador da Brigada Zumbi dos Palmares<\/div>\n<div><\/div>\n<div>15h30 \u2013 Intervalo<\/div>\n<div>16h \u2013 Debate<\/div>\n<div><\/div>\n<div>\n<div align=\"center\"><strong>QUARTA-FEIRA \u2013 21.11.2012<\/strong><\/div>\n<\/div>\n<div>09h \u2013 <strong>MESA REDONDA<\/strong> <strong>1<\/strong> &#8211; O Museu da Aboli\u00e7\u00e3o e as Experi\u00eancias de Educa\u00e7\u00e3o para as Rela\u00e7\u00f5es \u00c9tnico Raciais. <strong>Coordena\u00e7\u00e3o:<\/strong> <strong>Prof\u00aa<\/strong><strong> <\/strong><strong>Fabiana Sales\u00a0 &#8211; T\u00e9cnica em assuntos Educacionais (MAB\/IBRAM\/MinC)<\/strong><strong> <\/strong><\/div>\n<div>\u00b7 Maria de F\u00e1tima Oliveira \u2013 Secretaria de Educa\u00e7\u00e3o da Prefeitura do Recife \u2013 GTEr\u00ea<\/div>\n<div>\u00b7 Maximina Magda de Fran\u00e7a Santos\u00a0\u2013 Secretaria de Educa\u00e7\u00e3o da Prefeitura de Jaboat\u00e3o dos Guararapes<\/div>\n<div>\u00b7 Elanne Karla B. C. Cavalcanti \u2013 Secretaria de Educa\u00e7\u00e3o da Prefeitura do Cabo de Santo Agostinho<\/div>\n<div>\u00b7 Edilson Mendes Ferreira \u2013 Secretaria de Educa\u00e7\u00e3o da Prefeitura de Moreno<\/div>\n<div><\/div>\n<div>10h30 \u2013 Intervalo<\/div>\n<div>11h \u2013 Debate<\/div>\n<div><\/div>\n<div>14h \u2013 <strong>RODA DE DI\u00c1LOGO 2 \u2013 <\/strong><em>Produzindo Mem\u00f3rias<\/em>: Experi\u00eancias e Estrat\u00e9gias Pedag\u00f3gicas em torno das mem\u00f3rias da matriz cultural afrobrasileira.<strong> Coordena\u00e7\u00e3o:<\/strong> <strong>Pe<\/strong><strong>.Cl\u00f3vis Cabral, SJ (NEABI\/UNICAP)<\/strong><\/div>\n<div><\/div>\n<div>\u00b7 Prof.\u00aa Dr.\u00aa Auxiliadora Gon\u00e7alves \u2013 NEAB\/UFRPE<\/div>\n<div>\u00b7 Manoel Papai \u2013 Babalorix\u00e1 do Terreiro Ob\u00e1 Ogunt\u00e9<\/div>\n<div>\u00b7 Samuel da Luz Barros \u2013 Afox\u00e9 Ase Kawo Kabiyesile\/CEPIR-PE<\/div>\n<div>\u00b7 Gabrielle Conde \u2013 Centro de Capoeira S\u00e3o Salom\u00e3o<\/div>\n<div><\/div>\n<div>15h30 \u2013 Intervalo<\/div>\n<div>16h \u2013 Debate<\/div>\n<div><\/div>\n<div>17h30 \u2013<strong> Atividade Cultural<\/strong><\/div>\n<div>\n<div align=\"center\"><strong>QUINTA-FEIRA \u2013 22.11.2012<\/strong><\/div>\n<\/div>\n<div>09h \u2013 <strong>MESA REDONDA 2<\/strong> \u2013 \u00a0Hist\u00f3ria da \u00c1frica na Educa\u00e7\u00e3o brasileira. <strong>Coordena\u00e7\u00e3o:<\/strong> <strong>Prof. Carlos Sant\u2019anna (FUNDAJ) <\/strong><\/div>\n<div><\/div>\n<div>\u00b7 Prof. Dr. Jos\u00e9 Bento \u2013 NEAB\/UFPE<\/div>\n<div>\u00b7 Prof. Wellington Barbosa da Silva \u2013 NEAB\/UFRPE<\/div>\n<div>\u00b7 Ismael Tcham &#8211; Doutorando de Antropologia do PPGA\/UFPE<\/div>\n<div>\u00b7 Prof.\u00aa Dr.\u00aa Inoc\u00eancia Mata &#8211; Universidade de Lisboa<\/div>\n<div><\/div>\n<div>10h30 \u2013 Intervalo<\/div>\n<div>11h \u2013 Debate<\/div>\n<div>14h <strong>RODA DE DI\u00c1LOGO 3 \u2013 <\/strong><em>Estrat\u00e9gias Pedag\u00f3gicas para trabalhar a Lei 10.639\/03\u00a0: <\/em>Socializando experi\u00eancias inovadoras de trabalho com a Educa\u00e7\u00e3o das Rela\u00e7\u00f5es \u00c9tnico-Raciais.<strong> Coordena\u00e7\u00e3o:<\/strong> <strong>Marta Almeida<\/strong><strong> (MNU\/Recife)<\/strong><\/div>\n<div><\/div>\n<div>\u00b7 Prof.\u00aa Dr.\u00aa Maria da Concei\u00e7\u00e3o Reis \u2013 NEAB\/CEEL\/UFPE<strong> <\/strong><\/div>\n<div>\u00b7 Irani Santana da Silva \u2013 NEAB\/CEEL\/UFPE<strong> <\/strong><\/div>\n<div>\u00b7 Pai L\u00eddio de Opar\u00e1 \u2013 NEABI\/UNICAP<\/div>\n<div>\u00b7 C\u00e9lia Malunguinho \u2013 NEABI\/UNICAP<\/div>\n<div>\u00b7 M\u00e3e T\u00e2nia de Oxum \u2013 NEABI\/FUNESO<\/div>\n<div><\/div>\n<div>15h30 \u2013 Intervalo<\/div>\n<div>16h \u2013 Debate<strong> <\/strong><\/div>\n<div>\n<div align=\"center\"><strong>SEXTA-FEIRA \u2013 23.11.2012<\/strong><\/div>\n<\/div>\n<div><\/div>\n<div>9h <strong>RODA DE DI\u00c1LOGO 4 \u2013 <\/strong><em>Produzindo Mem\u00f3rias<\/em>: <em>A Experi\u00eancia dos F\u00f3runs <\/em><em>de Educa\u00e7\u00e3o \u00c9tnico-Racial<\/em><em> e os desafios de aplica\u00e7\u00e3o da Lei 10.639<\/em>. <strong>Coordena\u00e7\u00e3o: <\/strong><strong>Arnaldo Vicente (AMAB\/MNU).<\/strong><\/div>\n<div><\/div>\n<div>\u00b7 Prof. Josebias Jos\u00e9 dos Santos \u2013 Coordenador do F\u00f3rum Estadual das Rela\u00e7\u00f5es \u00c9tnico-Raciais<\/div>\n<div>\u00b7 Prof.\u00aa Sueli Dantas \u2013 F\u00f3rum das Rela\u00e7\u00f5es \u00c9tnico-Raciais do Cabo de Santo Agostinho<\/div>\n<div>\u00b7 Prof. Ant\u00f4nio Jos\u00e9 Rufino &#8211; F\u00f3rum das Rela\u00e7\u00f5es \u00c9tnico-Raciais de Jaboat\u00e3o dos Guararapes<\/div>\n<div><\/div>\n<div>10h30 \u2013 Intervalo<\/div>\n<div>11h \u2013 Debate<\/div>\n<div>14h <strong>RODA DE DI\u00c1LOGO 5 \u2013 <\/strong><em>O Ensino Superior e a Lei 10.639<\/em><strong>: <\/strong>Os desafios institucionais na forma\u00e7\u00e3o inicial de professores\/as: a experi\u00eancia dos NEABs. <strong>Coordena\u00e7\u00e3o: Prof.a Bruna Tarc\u00edlia Ferraz (UFRPE)<\/strong><\/div>\n<div>\u00b7 Prof. Moyses de Melo Santana \u2013 NEAB\/UFRPE<\/div>\n<div>\u00b7 Prof.\u00aa Dayse Moura \u2013 NEAB\/UFPE<\/div>\n<div>\u00b7 Pe. Cl\u00f3vis Cabral, SJ \u2013 NEABI\/UNICAP<\/div>\n<div><\/div>\n<div>15h30\u2013 Intervalo<\/div>\n<div>16h\u2013 Debate<\/div>\n<div><\/div>\n<div><\/div>\n<div>\n<div align=\"center\"><strong>S\u00c1BADO \u2013 24.11.2012<\/strong><\/div>\n<\/div>\n<div><\/div>\n<div>14h30 <strong>\u2013 Racismo: O que a psicologia tem a ver com isso?<\/strong> &#8211; II Encontro Nacional de Psic\u00f3loga(o)s Negra(o)s e Pesquisadora(e)s das Rela\u00e7\u00f5es Raciais e Subjetividades (II PSINEP). Coordena\u00e7\u00e3o: Jesus Moura<\/div>\n<div><\/div>\n<div>\u00b7 Jesus Moura \u2013 PSINEP<\/div>\n<div>\u00b7 Samuel da Luz Barros \u2013 CEPIR-PE<\/div>\n<div>\u00b7 Maria da Concei\u00e7\u00e3o da Costa \u2013 Presidente do Conselho Regional de Psicologia<\/div>\n<div><\/div>\n<div>17h \u00a0<strong>\u2013 Atividade Cultural<\/strong><\/div>\n<div><\/div>\n<div>19h30 \u2013 <strong>Homenagem ao cantor Jos\u00e9 Tobias, com acompanhamento do m\u00fasico Henrique Annes<\/strong><\/div>\n<div><strong><br \/>\n<\/strong><\/div>\n","protected":false},"excerpt":{"rendered":"<p>Confira abaixo toda a programa\u00e7\u00e3o da Semana da Consci\u00eancia Negra Interinstitucional, promovida pelo N\u00facleo de Estudos Afro-brasileiros e Ind\u00edgenas (Neabi\/Unicap) em parceria com com a Funda\u00e7\u00e3o Palmares, Funda\u00e7\u00e3o Joaquim Nabuco, os N\u00facleos de Estudos Afrobrasileiros da UFRPE e UFPE, al\u00e9m da Funeso e o Comit\u00ea Estadual da Promo\u00e7\u00e3o da Igualdade \u00a0\u00c9tnico-Racial(Cepir\/PE). Todos os eventos est\u00e3o [&hellip;]<\/p>\n","protected":false},"author":2,"featured_media":0,"comment_status":"open","ping_status":"open","sticky":false,"template":"","format":"standard","meta":[],"categories":[4],"tags":[],"jetpack-related-posts":[],"_links":{"self":[{"href":"https:\/\/www1.unicap.br\/assecom1\/wp-json\/wp\/v2\/posts\/35533"}],"collection":[{"href":"https:\/\/www1.unicap.br\/assecom1\/wp-json\/wp\/v2\/posts"}],"about":[{"href":"https:\/\/www1.unicap.br\/assecom1\/wp-json\/wp\/v2\/types\/post"}],"author":[{"embeddable":true,"href":"https:\/\/www1.unicap.br\/assecom1\/wp-json\/wp\/v2\/users\/2"}],"replies":[{"embeddable":true,"href":"https:\/\/www1.unicap.br\/assecom1\/wp-json\/wp\/v2\/comments?post=35533"}],"version-history":[{"count":2,"href":"https:\/\/www1.unicap.br\/assecom1\/wp-json\/wp\/v2\/posts\/35533\/revisions"}],"predecessor-version":[{"id":35535,"href":"https:\/\/www1.unicap.br\/assecom1\/wp-json\/wp\/v2\/posts\/35533\/revisions\/35535"}],"wp:attachment":[{"href":"https:\/\/www1.unicap.br\/assecom1\/wp-json\/wp\/v2\/media?parent=35533"}],"wp:term":[{"taxonomy":"category","embeddable":true,"href":"https:\/\/www1.unicap.br\/assecom1\/wp-json\/wp\/v2\/categories?post=35533"},{"taxonomy":"post_tag","embeddable":true,"href":"https:\/\/www1.unicap.br\/assecom1\/wp-json\/wp\/v2\/tags?post=35533"}],"curies":[{"name":"wp","href":"https:\/\/api.w.org\/{rel}","templated":true}]}}