{"id":35523,"date":"2012-11-21T23:46:27","date_gmt":"2012-11-21T23:46:27","guid":{"rendered":"http:\/\/www.unicap.br\/assecom1\/?p=35523"},"modified":"2012-11-21T23:46:27","modified_gmt":"2012-11-21T23:46:27","slug":"cut-pe-realiza-seminario-comunicacao-democracia-e-direitos-humanos","status":"publish","type":"post","link":"https:\/\/www1.unicap.br\/assecom1\/cut-pe-realiza-seminario-comunicacao-democracia-e-direitos-humanos\/","title":{"rendered":"CUT-PE realiza Semin\u00e1rio Comunica\u00e7\u00e3o, Democracia e Direitos Humanos"},"content":{"rendered":"<p><span style=\"font-size: small;\"><span style=\"font-size: small;\">Com informa\u00e7\u00f5es da Assessoria de Comunica\u00e7\u00e3o da CUT-PE<br \/>\n<\/span><\/span><\/p>\n<div dir=\"ltr\"><strong><\/strong><\/p>\n<div>\n<div dir=\"ltr\">\n<div>\n<div dir=\"ltr\">\n<div>\n<div dir=\"ltr\">\n<div>\n<div dir=\"ltr\">\n<div>\n<div dir=\"ltr\">\n<div>\n<div dir=\"ltr\">\n<div>\n<div dir=\"ltr\">\n<div>\n<div dir=\"ltr\">\n<div>\n<div dir=\"ltr\">\n<div>\n<div dir=\"ltr\">\n<div>\n<div dir=\"ltr\">\n<p>Com o objetivo de discutir pol\u00edticas, estrat\u00e9gias e propostas de comunica\u00e7\u00e3o com \u00a0movimentos sociais e entidades afins, o Coletivo de Comunica\u00e7\u00e3o da CUT- PE promoveu nesta quarta-feira (21\/11), o<strong>\u00a0 1\u00b0 Semin\u00e1rio Comunica\u00e7\u00e3o, Democracia e Direitos Humanos \u201c Os desafios do Movimento Sindical\u201d.<\/strong> O encontro foi realizado, das 8h \u00e0s 17h, \u00a0no\u00a0 audit\u00f3rio do Sindpd. Em pauta temas como: comunica\u00e7\u00e3o p\u00fablica, direito humano \u00e0 comunica\u00e7\u00e3o, democracia deliberativa, democratiza\u00e7\u00e3o da comunica\u00e7\u00e3o, desafios dos movimentos sociais, r\u00e1dios comunit\u00e1rias, e din\u00e2mica sindical.<strong><\/strong><\/p>\n<p>Participaram do evento os professores da Universidade Federal de Pernambuco Marco Mondaine, Heitor Rocha, Jos\u00e9 Mario Austrag\u00e9silo e Luiz Momesso; as jornalistas Roseli Arantes e Raquel Lass\u00e1lvia, al\u00e9m da secret\u00e1ria nacional de Comunica\u00e7\u00e3o da CUT, Rosanne Bertotti, tendo como moderadores Paula de Andrade (SOS Corpo\/F\u00f3rum de Mulheres de Pernambuco) e Ant\u00f4nio Bernardino, da CUT-PE.<\/p>\n<p>A coordena\u00e7\u00e3o do evento foi do jornalista Chico Carlos, vice-presidente do Sindicato dos Jornalistas de Pernambuco, e de Ronaldo Patr\u00edcio, da Assessoria de Comunica\u00e7\u00e3o da Fetape.<\/p>\n<p>&nbsp;<br \/>\n&nbsp;<br \/>\n&nbsp;<\/p>\n<\/div>\n<\/div>\n<\/div>\n<\/div>\n<\/div>\n<\/div>\n<\/div>\n<\/div>\n<\/div>\n<\/div>\n<\/div>\n<\/div>\n<\/div>\n<\/div>\n<\/div>\n<\/div>\n<\/div>\n<\/div>\n<\/div>\n<\/div>\n<\/div>\n<\/div>\n<\/div>\n","protected":false},"excerpt":{"rendered":"<p>Com informa\u00e7\u00f5es da Assessoria de Comunica\u00e7\u00e3o da CUT-PE Com o objetivo de discutir pol\u00edticas, estrat\u00e9gias e propostas de comunica\u00e7\u00e3o com \u00a0movimentos sociais e entidades afins, o Coletivo de Comunica\u00e7\u00e3o da CUT- PE promoveu nesta quarta-feira (21\/11), o\u00a0 1\u00b0 Semin\u00e1rio Comunica\u00e7\u00e3o, Democracia e Direitos Humanos \u201c Os desafios do Movimento Sindical\u201d. O encontro foi realizado, das [&hellip;]<\/p>\n","protected":false},"author":2,"featured_media":0,"comment_status":"open","ping_status":"open","sticky":false,"template":"","format":"standard","meta":[],"categories":[4],"tags":[],"jetpack-related-posts":[],"_links":{"self":[{"href":"https:\/\/www1.unicap.br\/assecom1\/wp-json\/wp\/v2\/posts\/35523"}],"collection":[{"href":"https:\/\/www1.unicap.br\/assecom1\/wp-json\/wp\/v2\/posts"}],"about":[{"href":"https:\/\/www1.unicap.br\/assecom1\/wp-json\/wp\/v2\/types\/post"}],"author":[{"embeddable":true,"href":"https:\/\/www1.unicap.br\/assecom1\/wp-json\/wp\/v2\/users\/2"}],"replies":[{"embeddable":true,"href":"https:\/\/www1.unicap.br\/assecom1\/wp-json\/wp\/v2\/comments?post=35523"}],"version-history":[{"count":1,"href":"https:\/\/www1.unicap.br\/assecom1\/wp-json\/wp\/v2\/posts\/35523\/revisions"}],"predecessor-version":[{"id":35524,"href":"https:\/\/www1.unicap.br\/assecom1\/wp-json\/wp\/v2\/posts\/35523\/revisions\/35524"}],"wp:attachment":[{"href":"https:\/\/www1.unicap.br\/assecom1\/wp-json\/wp\/v2\/media?parent=35523"}],"wp:term":[{"taxonomy":"category","embeddable":true,"href":"https:\/\/www1.unicap.br\/assecom1\/wp-json\/wp\/v2\/categories?post=35523"},{"taxonomy":"post_tag","embeddable":true,"href":"https:\/\/www1.unicap.br\/assecom1\/wp-json\/wp\/v2\/tags?post=35523"}],"curies":[{"name":"wp","href":"https:\/\/api.w.org\/{rel}","templated":true}]}}