{"id":35331,"date":"2012-11-16T21:59:19","date_gmt":"2012-11-16T21:59:19","guid":{"rendered":"http:\/\/www.unicap.br\/assecom1\/?p=35331"},"modified":"2012-11-16T21:59:19","modified_gmt":"2012-11-16T21:59:19","slug":"mae-elda-recebe-homenagem-na-catolica","status":"publish","type":"post","link":"https:\/\/www1.unicap.br\/assecom1\/mae-elda-recebe-homenagem-na-catolica\/","title":{"rendered":"M\u00e3e Elda recebe homenagem na Cat\u00f3lica"},"content":{"rendered":"<p>Foi realizada na \u00faltima segunda-feira, no Centro Cultural da Universidade Cat\u00f3lica de Pernambuco, uma homenagem a M\u00e3e Elda, rainha do Maracatu Na\u00e7\u00e3o Porto Rico e a primeira e \u00fanica rainha coroada dentro da Igreja Cat\u00f3lica. O evento contou com a participa\u00e7\u00e3o da secret\u00e1ria da Mulher, Cristina Buarque.<\/p>\n<figure id=\"attachment_35332\" aria-describedby=\"caption-attachment-35332\" style=\"width: 300px\" class=\"wp-caption alignleft\"><a href=\"https:\/\/i1.wp.com\/www1.unicap.br\/assecom1\/wp-content\/uploads\/2012\/11\/DSCN0383.jpg?ssl=1\"><img data-attachment-id=\"35332\" data-permalink=\"https:\/\/www1.unicap.br\/assecom1\/mae-elda-recebe-homenagem-na-catolica\/dscn0383-2\/\" data-orig-file=\"https:\/\/i1.wp.com\/www1.unicap.br\/assecom1\/wp-content\/uploads\/2012\/11\/DSCN0383.jpg?fit=1600%2C1200&amp;ssl=1\" data-orig-size=\"1600,1200\" data-comments-opened=\"1\" data-image-meta=\"{&quot;aperture&quot;:&quot;3.5&quot;,&quot;credit&quot;:&quot;&quot;,&quot;camera&quot;:&quot;COOLPIX L810&quot;,&quot;caption&quot;:&quot;&quot;,&quot;created_timestamp&quot;:&quot;1352740681&quot;,&quot;copyright&quot;:&quot;&quot;,&quot;focal_length&quot;:&quot;6.6&quot;,&quot;iso&quot;:&quot;400&quot;,&quot;shutter_speed&quot;:&quot;0.066666666666667&quot;,&quot;title&quot;:&quot;&quot;}\" data-image-title=\"Edleuza de Oxum\" data-image-description=\"\" data-medium-file=\"https:\/\/i1.wp.com\/www1.unicap.br\/assecom1\/wp-content\/uploads\/2012\/11\/DSCN0383.jpg?fit=300%2C225&amp;ssl=1\" data-large-file=\"https:\/\/i1.wp.com\/www1.unicap.br\/assecom1\/wp-content\/uploads\/2012\/11\/DSCN0383.jpg?fit=640%2C480&amp;ssl=1\" loading=\"lazy\" class=\"size-medium wp-image-35332\" src=\"https:\/\/i1.wp.com\/www1.unicap.br\/assecom1\/wp-content\/uploads\/2012\/11\/DSCN0383.jpg?resize=300%2C225&#038;ssl=1\" alt=\"\" srcset=\"https:\/\/i1.wp.com\/www1.unicap.br\/assecom1\/wp-content\/uploads\/2012\/11\/DSCN0383.jpg?resize=300%2C225&amp;ssl=1 300w, https:\/\/i1.wp.com\/www1.unicap.br\/assecom1\/wp-content\/uploads\/2012\/11\/DSCN0383.jpg?resize=1024%2C768&amp;ssl=1 1024w, https:\/\/i1.wp.com\/www1.unicap.br\/assecom1\/wp-content\/uploads\/2012\/11\/DSCN0383.jpg?w=1600&amp;ssl=1 1600w, https:\/\/i1.wp.com\/www1.unicap.br\/assecom1\/wp-content\/uploads\/2012\/11\/DSCN0383.jpg?w=1280&amp;ssl=1 1280w\" sizes=\"(max-width: 300px) 100vw, 300px\" data-recalc-dims=\"1\" \/><\/a><figcaption id=\"caption-attachment-35332\" class=\"wp-caption-text\">Edleuza de Oxum recebe homenagem para M\u00e3e Elza<\/figcaption><\/figure>\n<p>A yalorix\u00e1 n\u00e3o pode comparecer para receber a homenagem, porque est\u00e1 se recuperando de uma queda, mas mandou seus filhos para a solenidade, Chacon Viana e Edleuza de Oxum.\u00a0\u201cN\u00e3o sou de falar muito, mas quero agradecer a todos voc\u00eas pela homenagem \u00e0 minha m\u00e3e\u201d, disse Edleuza.<\/p>\n<p>Os convidados cantaram m\u00fasicas em homenagem a M\u00e3e Elda e depois\u00a0foi realizado um coquetel para finalizar o evento.<\/p>\n","protected":false},"excerpt":{"rendered":"<p>Foi realizada na \u00faltima segunda-feira, no Centro Cultural da Universidade Cat\u00f3lica de Pernambuco, uma homenagem a M\u00e3e Elda, rainha do Maracatu Na\u00e7\u00e3o Porto Rico e a primeira e \u00fanica rainha coroada dentro da Igreja Cat\u00f3lica. O evento contou com a participa\u00e7\u00e3o da secret\u00e1ria da Mulher, Cristina Buarque. A yalorix\u00e1 n\u00e3o pode comparecer para receber a [&hellip;]<\/p>\n","protected":false},"author":46,"featured_media":0,"comment_status":"open","ping_status":"open","sticky":false,"template":"","format":"standard","meta":[],"categories":[4],"tags":[],"jetpack-related-posts":[],"_links":{"self":[{"href":"https:\/\/www1.unicap.br\/assecom1\/wp-json\/wp\/v2\/posts\/35331"}],"collection":[{"href":"https:\/\/www1.unicap.br\/assecom1\/wp-json\/wp\/v2\/posts"}],"about":[{"href":"https:\/\/www1.unicap.br\/assecom1\/wp-json\/wp\/v2\/types\/post"}],"author":[{"embeddable":true,"href":"https:\/\/www1.unicap.br\/assecom1\/wp-json\/wp\/v2\/users\/46"}],"replies":[{"embeddable":true,"href":"https:\/\/www1.unicap.br\/assecom1\/wp-json\/wp\/v2\/comments?post=35331"}],"version-history":[{"count":2,"href":"https:\/\/www1.unicap.br\/assecom1\/wp-json\/wp\/v2\/posts\/35331\/revisions"}],"predecessor-version":[{"id":35355,"href":"https:\/\/www1.unicap.br\/assecom1\/wp-json\/wp\/v2\/posts\/35331\/revisions\/35355"}],"wp:attachment":[{"href":"https:\/\/www1.unicap.br\/assecom1\/wp-json\/wp\/v2\/media?parent=35331"}],"wp:term":[{"taxonomy":"category","embeddable":true,"href":"https:\/\/www1.unicap.br\/assecom1\/wp-json\/wp\/v2\/categories?post=35331"},{"taxonomy":"post_tag","embeddable":true,"href":"https:\/\/www1.unicap.br\/assecom1\/wp-json\/wp\/v2\/tags?post=35331"}],"curies":[{"name":"wp","href":"https:\/\/api.w.org\/{rel}","templated":true}]}}