{"id":35055,"date":"2012-11-07T23:27:05","date_gmt":"2012-11-07T23:27:05","guid":{"rendered":"http:\/\/www.unicap.br\/assecom1\/?p=35055"},"modified":"2012-11-07T23:27:05","modified_gmt":"2012-11-07T23:27:05","slug":"mobilidade-academica-em-tempos-de-globalizacao-foi-o-tema-do-1-evento-multicultural-da-unicap","status":"publish","type":"post","link":"https:\/\/www1.unicap.br\/assecom1\/mobilidade-academica-em-tempos-de-globalizacao-foi-o-tema-do-1-evento-multicultural-da-unicap\/","title":{"rendered":"Mobilidade acad\u00eamica em tempos de globaliza\u00e7\u00e3o foi o tema do 1\u00b0 Evento Multicultural da Unicap"},"content":{"rendered":"<p>O 1\u00b0 Evento Multicultural promovido pela Unicap, atrav\u00e9s da Pr\u00f3-reitoria Comunit\u00e1ria, Coordena\u00e7\u00e3o de Interc\u00e2mbio e pelo curso de Letras, aconteceu nesta segunda-feira (5), no audit\u00f3rio do Centro de Teologia e Ci\u00eancias Humanas (CTCH). O destaque do evento, que teve como tema &#8220;A mobilidade acad\u00eamica em tempos de globaliza\u00e7\u00e3o&#8221;, foram as palestras da Profa. Dra. Fl\u00e1via Concei\u00e7\u00e3o F. da Silva, da Universidade Federal Rural de Pernambuco; do estagi\u00e1rio do Interc\u00e2mbio da Cat\u00f3lica, Wagner Ara\u00fajo, e do fot\u00f3grafo da Assecom, Paulo Airton Maia. Eles falaram sobre suas experi\u00eancias com a cultura de pa\u00edses da Am\u00e9rica Latina, como o M\u00e9xico e das tradi\u00e7\u00f5es sobre a celebra\u00e7\u00e3o do Dia do Mortos nesses pa\u00edses.<\/p>\n<p>A abertura do evento foi feita pelo Pr\u00f3-reitor Comunit\u00e1rio, Padre L\u00facio Fl\u00e1vio Ribeiro Cirne, que deu as boas-vindas ao p\u00fablico e lembrou da import\u00e2ncia de desenvolver um debate sobre outras culturas. J\u00e1 a coordenadora do curso de Letras,\u00a0professora Fl\u00e1via Ramos, refor\u00e7ou que &#8220;\u00e9 interessante que o curso de Letras tenha sempre contato com os nativos da nossa l\u00edngua, pois a multiculturalidade presente nesses pa\u00edses remete \u00e0s nossas origens&#8221;, referindo-se \u00e0 cultura dos pa\u00edses da Am\u00e9rica Latina.<\/p>\n<p>A Profa. Dra. Fl\u00e1via Concei\u00e7\u00e3o foi quem abriu as palestras falando sobre a &#8220;Interculturalidade hisp\u00e2nica&#8221;. De acordo com ela, existe uma quest\u00e3o de respeito e carinho entre as na\u00e7\u00f5es. &#8220;Viajei por alguns pa\u00edses, o Chile por exemplo tem o maior respeito pelo povo brasileiro. O Uruguai apresenta o maior valor \u00e0 cultura ind\u00edgena, o que infelizmente o Brasil ainda n\u00e3o tem. E na Argentina, cada vez mais \u00e9 quebrado esse estere\u00f3tipo de rivalidade com o nosso pa\u00eds&#8221;, enfatizou.<\/p>\n<p>Em seguida, o aluno do curso de Letras Wagner Ara\u00fajo falou sobre a experi\u00eancia que est\u00e1 tendo como estagi\u00e1rio da Coordena\u00e7\u00e3o de Interc\u00e2mbio da Cat\u00f3lica. &#8220;Como sou estagi\u00e1rio do Interc\u00e2mbio da Unicap, o contato direto com os alunos oriundos de pa\u00edses latino-americanos \u00e9 muito grande. Particularmente, sempre tive muita admira\u00e7\u00e3o pela rela\u00e7\u00e3o do povo mexicano com sua heran\u00e7a colonial&#8221;, comentou.<\/p>\n<p>Por \u00faltimo, o fot\u00f3grafo da Assecom, Paulo Maia, mostrou o trabalho etnogr\u00e1fico que desenvolveu na comunidade ind\u00edgena Huayacocotla no estado de Vera Cruz, no M\u00e9xico. &#8220;Passei 3 anos desenvolvendo meu mestrado. Ent\u00e3o, tive a oportunidade de produzir esse trabalho e o que pude perceber \u00e9 que a particularidade e a import\u00e2ncia do registro do Dia dos Mortos nessa comunidade mostra o modo deles olharem o mundo, n\u00e3o se tratando apenas de uma mem\u00f3ria, mas de uma presen\u00e7a real dos falecidos, que v\u00eam visitar seus amigos e familiares&#8221;, frisou. O trabalho do fot\u00f3grafo foi premiado em 1\u00b0 lugar na Universidade Federal de Alagoas (UFAL) em um concurso nacional de fotografia etnogr\u00e1fica em 2011.<\/p>\n","protected":false},"excerpt":{"rendered":"<p>O 1\u00b0 Evento Multicultural promovido pela Unicap, atrav\u00e9s da Pr\u00f3-reitoria Comunit\u00e1ria, Coordena\u00e7\u00e3o de Interc\u00e2mbio e pelo curso de Letras, aconteceu nesta segunda-feira (5), no audit\u00f3rio do Centro de Teologia e Ci\u00eancias Humanas (CTCH). O destaque do evento, que teve como tema &#8220;A mobilidade acad\u00eamica em tempos de globaliza\u00e7\u00e3o&#8221;, foram as palestras da Profa. Dra. Fl\u00e1via [&hellip;]<\/p>\n","protected":false},"author":48,"featured_media":0,"comment_status":"open","ping_status":"open","sticky":false,"template":"","format":"standard","meta":[],"categories":[4],"tags":[],"jetpack-related-posts":[],"_links":{"self":[{"href":"https:\/\/www1.unicap.br\/assecom1\/wp-json\/wp\/v2\/posts\/35055"}],"collection":[{"href":"https:\/\/www1.unicap.br\/assecom1\/wp-json\/wp\/v2\/posts"}],"about":[{"href":"https:\/\/www1.unicap.br\/assecom1\/wp-json\/wp\/v2\/types\/post"}],"author":[{"embeddable":true,"href":"https:\/\/www1.unicap.br\/assecom1\/wp-json\/wp\/v2\/users\/48"}],"replies":[{"embeddable":true,"href":"https:\/\/www1.unicap.br\/assecom1\/wp-json\/wp\/v2\/comments?post=35055"}],"version-history":[{"count":5,"href":"https:\/\/www1.unicap.br\/assecom1\/wp-json\/wp\/v2\/posts\/35055\/revisions"}],"predecessor-version":[{"id":35131,"href":"https:\/\/www1.unicap.br\/assecom1\/wp-json\/wp\/v2\/posts\/35055\/revisions\/35131"}],"wp:attachment":[{"href":"https:\/\/www1.unicap.br\/assecom1\/wp-json\/wp\/v2\/media?parent=35055"}],"wp:term":[{"taxonomy":"category","embeddable":true,"href":"https:\/\/www1.unicap.br\/assecom1\/wp-json\/wp\/v2\/categories?post=35055"},{"taxonomy":"post_tag","embeddable":true,"href":"https:\/\/www1.unicap.br\/assecom1\/wp-json\/wp\/v2\/tags?post=35055"}],"curies":[{"name":"wp","href":"https:\/\/api.w.org\/{rel}","templated":true}]}}