{"id":34604,"date":"2012-10-26T13:04:29","date_gmt":"2012-10-26T13:04:29","guid":{"rendered":"http:\/\/www.unicap.br\/assecom1\/?p=34604"},"modified":"2012-10-29T13:02:26","modified_gmt":"2012-10-29T13:02:26","slug":"destaque-na-10-semana-de-integracao-i-feira-de-estagios-da-unicap-termina-com-grande-numero-de-visitantes","status":"publish","type":"post","link":"https:\/\/www1.unicap.br\/assecom1\/destaque-na-10-semana-de-integracao-i-feira-de-estagios-da-unicap-termina-com-grande-numero-de-visitantes\/","title":{"rendered":"Destaque na 10\u00b0 Semana de Integra\u00e7\u00e3o, I Feira de Est\u00e1gios da Unicap termina com grande n\u00famero de visitantes"},"content":{"rendered":"<p><a href=\"https:\/\/i0.wp.com\/www1.unicap.br\/assecom1\/wp-content\/uploads\/2012\/10\/DSC00291.jpg?ssl=1\"><img data-attachment-id=\"34608\" data-permalink=\"https:\/\/www1.unicap.br\/assecom1\/destaque-na-10-semana-de-integracao-i-feira-de-estagios-da-unicap-termina-com-grande-numero-de-visitantes\/_dsc0029-3\/\" data-orig-file=\"https:\/\/i0.wp.com\/www1.unicap.br\/assecom1\/wp-content\/uploads\/2012\/10\/DSC00291.jpg?fit=3872%2C2592&amp;ssl=1\" data-orig-size=\"3872,2592\" data-comments-opened=\"1\" data-image-meta=\"{&quot;aperture&quot;:&quot;3.5&quot;,&quot;credit&quot;:&quot;&quot;,&quot;camera&quot;:&quot;NIKON D200&quot;,&quot;caption&quot;:&quot;&quot;,&quot;created_timestamp&quot;:&quot;1351011763&quot;,&quot;copyright&quot;:&quot;&quot;,&quot;focal_length&quot;:&quot;18&quot;,&quot;iso&quot;:&quot;640&quot;,&quot;shutter_speed&quot;:&quot;0.066666666666667&quot;,&quot;title&quot;:&quot;&quot;}\" data-image-title=\"SIUCS\" data-image-description=\"\" data-medium-file=\"https:\/\/i0.wp.com\/www1.unicap.br\/assecom1\/wp-content\/uploads\/2012\/10\/DSC00291.jpg?fit=300%2C200&amp;ssl=1\" data-large-file=\"https:\/\/i0.wp.com\/www1.unicap.br\/assecom1\/wp-content\/uploads\/2012\/10\/DSC00291.jpg?fit=640%2C428&amp;ssl=1\" loading=\"lazy\" class=\"alignleft size-large wp-image-34608\" title=\"SIUCS\" src=\"https:\/\/i0.wp.com\/www1.unicap.br\/assecom1\/wp-content\/uploads\/2012\/10\/DSC00291.jpg?resize=640%2C428&#038;ssl=1\" alt=\"\" srcset=\"https:\/\/i0.wp.com\/www1.unicap.br\/assecom1\/wp-content\/uploads\/2012\/10\/DSC00291.jpg?resize=1024%2C685&amp;ssl=1 1024w, https:\/\/i0.wp.com\/www1.unicap.br\/assecom1\/wp-content\/uploads\/2012\/10\/DSC00291.jpg?resize=300%2C200&amp;ssl=1 300w, https:\/\/i0.wp.com\/www1.unicap.br\/assecom1\/wp-content\/uploads\/2012\/10\/DSC00291.jpg?resize=250%2C167&amp;ssl=1 250w, https:\/\/i0.wp.com\/www1.unicap.br\/assecom1\/wp-content\/uploads\/2012\/10\/DSC00291.jpg?w=1280&amp;ssl=1 1280w, https:\/\/i0.wp.com\/www1.unicap.br\/assecom1\/wp-content\/uploads\/2012\/10\/DSC00291.jpg?w=1920&amp;ssl=1 1920w\" sizes=\"(max-width: 640px) 100vw, 640px\" data-recalc-dims=\"1\" \/><\/a><\/p>\n<p>A primeira edi\u00e7\u00e3o da Feira de Est\u00e1gios Unicap chegou ao fim nesta quinta-feira (25) \u00a0e trouxe um saldo positivo para a Universidade, alunos e interessados em conseguir oportunidades em grandes empresas. Ao todo foram instalados 12 estandes de empresas renomadas nacionalmente como a Petrobras e ag\u00eancias de est\u00e1gio como o Instituto Euvaldo Lodi (IEL), al\u00e9m de \u00a0mais de 3 mil oportunidades de est\u00e1gio e trainee. A feira foi uma iniciativa da Cat\u00f3lica em parceria com a empresa Armaz\u00e9m das Ideias e teve organiza\u00e7\u00e3o do coordenador geral de Est\u00e1gios da Unicap, professor H\u00e9lio Lima, que fez um balan\u00e7o do evento.<\/p>\n<p>&#8220;A feira superou minhas expectativas, sobretudo pelo retorno dado pelos alunos desta Universidade e de outras institui\u00e7\u00f5es de ensino. Eles compraram a ideia, estiveram presentes durante todos esses tr\u00eas dias, tanto nos estandes, buscando informa\u00e7\u00f5es, como nas palestras . A m\u00eddia tamb\u00e9m teve um papel fundamental, al\u00e9m da equipe da Assecom que interagiu todo esse tempo&#8221;, destacou o professor H\u00e9lio Lima.<\/p>\n<p>A estimativa de p\u00fablico para a feira era de cerca de 10 mil pessoas. Dentre os 12 expositores estavam a Transam\u00e9rica, que oferece est\u00e1gios na \u00e1rea de comunica\u00e7\u00e3o, Coca-Cola, Ernest e Young Terco, C.E.S.A.R, CI, Top Oportunidades, SH, KPMG, IEL, Delloite e a mais procurada de todas, a Petrobras. De acordo com o administrador da Petrobras, Rog\u00e9rio Rosado, a grande procura dos alunos se d\u00e1 principalmente pelo nome que a marca tem no mercado. Al\u00e9m disso, o Complexo de Suape e suas obras est\u00e3o impulsionando a economia local, o que contribui com a marca da empresa, que recentemente foi escolhida pela 5\u00b0 vez consecutiva em primeiro lugar como a marca dos jovens universit\u00e1rios, em pesquisa realizada pela Cia de Talentos e TNS.<\/p>\n<p>Muitos jovens foram em busca da sua primeira oportunidade de ingressar no mercado de trabalho. Havia vagas para diversas \u00e1reas: engenharia, comunica\u00e7\u00e3o, direito, administra\u00e7\u00e3o, entre v\u00e1rias outras. A coordenadora do estande do IEL, empresa que busca inserir os alunos de ensino m\u00e9dio, t\u00e9cnico e superior, para atuar no mercado, afirma que a proposta do evento em promover esses contatos \u00e9 muito interessante. Por isso, a demanda de p\u00fablico foi alta, principalmente entre universit\u00e1rios.<\/p>\n<p>As estudantes de curso t\u00e9cnico Kethuly Vasconcelos e Eclei Firmino explicam o \u00a0motivo de estarem presentes no evento. &#8220;Como a gente ainda n\u00e3o ingressou em um curso superior. N\u00f3s viemos em busca de informa\u00e7\u00f5es das principais especializa\u00e7\u00f5es que precisamos adquirir, para no futuro estarmos qualificadas para o mercado de trabalho&#8221;, destacaram as jovens.<\/p>\n<p>&nbsp;<\/p>\n<p>&nbsp;<\/p>\n","protected":false},"excerpt":{"rendered":"<p>A primeira edi\u00e7\u00e3o da Feira de Est\u00e1gios Unicap chegou ao fim nesta quinta-feira (25) \u00a0e trouxe um saldo positivo para a Universidade, alunos e interessados em conseguir oportunidades em grandes empresas. Ao todo foram instalados 12 estandes de empresas renomadas nacionalmente como a Petrobras e ag\u00eancias de est\u00e1gio como o Instituto Euvaldo Lodi (IEL), al\u00e9m [&hellip;]<\/p>\n","protected":false},"author":2,"featured_media":0,"comment_status":"open","ping_status":"open","sticky":false,"template":"","format":"standard","meta":[],"categories":[4],"tags":[],"jetpack-related-posts":[],"_links":{"self":[{"href":"https:\/\/www1.unicap.br\/assecom1\/wp-json\/wp\/v2\/posts\/34604"}],"collection":[{"href":"https:\/\/www1.unicap.br\/assecom1\/wp-json\/wp\/v2\/posts"}],"about":[{"href":"https:\/\/www1.unicap.br\/assecom1\/wp-json\/wp\/v2\/types\/post"}],"author":[{"embeddable":true,"href":"https:\/\/www1.unicap.br\/assecom1\/wp-json\/wp\/v2\/users\/2"}],"replies":[{"embeddable":true,"href":"https:\/\/www1.unicap.br\/assecom1\/wp-json\/wp\/v2\/comments?post=34604"}],"version-history":[{"count":8,"href":"https:\/\/www1.unicap.br\/assecom1\/wp-json\/wp\/v2\/posts\/34604\/revisions"}],"predecessor-version":[{"id":34740,"href":"https:\/\/www1.unicap.br\/assecom1\/wp-json\/wp\/v2\/posts\/34604\/revisions\/34740"}],"wp:attachment":[{"href":"https:\/\/www1.unicap.br\/assecom1\/wp-json\/wp\/v2\/media?parent=34604"}],"wp:term":[{"taxonomy":"category","embeddable":true,"href":"https:\/\/www1.unicap.br\/assecom1\/wp-json\/wp\/v2\/categories?post=34604"},{"taxonomy":"post_tag","embeddable":true,"href":"https:\/\/www1.unicap.br\/assecom1\/wp-json\/wp\/v2\/tags?post=34604"}],"curies":[{"name":"wp","href":"https:\/\/api.w.org\/{rel}","templated":true}]}}