{"id":34562,"date":"2012-10-25T00:10:13","date_gmt":"2012-10-25T00:10:13","guid":{"rendered":"http:\/\/www.unicap.br\/assecom1\/?p=34562"},"modified":"2012-10-25T11:51:05","modified_gmt":"2012-10-25T11:51:05","slug":"i-feira-de-estagios-da-unicap-movimenta-a-semana-de-integracao","status":"publish","type":"post","link":"https:\/\/www1.unicap.br\/assecom1\/i-feira-de-estagios-da-unicap-movimenta-a-semana-de-integracao\/","title":{"rendered":"I Feira de Est\u00e1gios da Unicap movimenta a Semana de Integra\u00e7\u00e3o"},"content":{"rendered":"<p><strong><br \/>\n<\/strong><\/p>\n<figure id=\"attachment_34569\" aria-describedby=\"caption-attachment-34569\" style=\"width: 645px\" class=\"wp-caption aligncenter\"><a href=\"https:\/\/i1.wp.com\/www1.unicap.br\/assecom1\/wp-content\/uploads\/2012\/10\/DSC36431.jpg?ssl=1\"><img data-attachment-id=\"34569\" data-permalink=\"https:\/\/www1.unicap.br\/assecom1\/i-feira-de-estagios-da-unicap-movimenta-a-semana-de-integracao\/_dsc3643-2\/\" data-orig-file=\"https:\/\/i1.wp.com\/www1.unicap.br\/assecom1\/wp-content\/uploads\/2012\/10\/DSC36431.jpg?fit=4288%2C2848&amp;ssl=1\" data-orig-size=\"4288,2848\" data-comments-opened=\"1\" data-image-meta=\"{&quot;aperture&quot;:&quot;13&quot;,&quot;credit&quot;:&quot;&quot;,&quot;camera&quot;:&quot;NIKON D90&quot;,&quot;caption&quot;:&quot;&quot;,&quot;created_timestamp&quot;:&quot;1350989837&quot;,&quot;copyright&quot;:&quot;&quot;,&quot;focal_length&quot;:&quot;24&quot;,&quot;iso&quot;:&quot;3200&quot;,&quot;shutter_speed&quot;:&quot;0.025&quot;,&quot;title&quot;:&quot;&quot;}\" data-image-title=\"_DSC3643\" data-image-description=\"\" data-medium-file=\"https:\/\/i1.wp.com\/www1.unicap.br\/assecom1\/wp-content\/uploads\/2012\/10\/DSC36431.jpg?fit=300%2C199&amp;ssl=1\" data-large-file=\"https:\/\/i1.wp.com\/www1.unicap.br\/assecom1\/wp-content\/uploads\/2012\/10\/DSC36431.jpg?fit=640%2C425&amp;ssl=1\" loading=\"lazy\" class=\"size-large wp-image-34569\" title=\"_DSC3643\" src=\"https:\/\/i1.wp.com\/www1.unicap.br\/assecom1\/wp-content\/uploads\/2012\/10\/DSC36431.jpg?resize=640%2C425&#038;ssl=1\" alt=\"\" srcset=\"https:\/\/i1.wp.com\/www1.unicap.br\/assecom1\/wp-content\/uploads\/2012\/10\/DSC36431.jpg?resize=1024%2C680&amp;ssl=1 1024w, https:\/\/i1.wp.com\/www1.unicap.br\/assecom1\/wp-content\/uploads\/2012\/10\/DSC36431.jpg?resize=300%2C199&amp;ssl=1 300w, https:\/\/i1.wp.com\/www1.unicap.br\/assecom1\/wp-content\/uploads\/2012\/10\/DSC36431.jpg?resize=250%2C166&amp;ssl=1 250w, https:\/\/i1.wp.com\/www1.unicap.br\/assecom1\/wp-content\/uploads\/2012\/10\/DSC36431.jpg?w=1280&amp;ssl=1 1280w, https:\/\/i1.wp.com\/www1.unicap.br\/assecom1\/wp-content\/uploads\/2012\/10\/DSC36431.jpg?w=1920&amp;ssl=1 1920w\" sizes=\"(max-width: 640px) 100vw, 640px\" data-recalc-dims=\"1\" \/><\/a><figcaption id=\"caption-attachment-34569\" class=\"wp-caption-text\">Foto: Carolina Nogueira<\/figcaption><\/figure>\n<p><strong>Por D\u00e9bora Rosa e Tiane Souza &#8211; Especial para o Boletim Unicap<\/strong><\/p>\n<p>A primeira edi\u00e7\u00e3o da Feira de Est\u00e1gios da Unicap teve ter\u00e7a-feira (23) e prossegue at\u00e9 esta quinta-feira (25). S\u00e3o 12 estandes que disp\u00f5em mais de 3 mil oportunidades de est\u00e1gio e trainee para estudantes de todas as universidades.<\/p>\n<p>A feira \u00e9 uma parceria entre a Unicap e a empresa Armaz\u00e9m de Id\u00e9ias. Segundo o professor H\u00e9lio Lima, coordenador Geral de Est\u00e1gio da Cat\u00f3lica e organizador do evento, faltava na Semana de Integra\u00e7\u00e3o da Universidade uma atividade que demonstrasse um maior contato dos alunos com o mundo do trabalho. Segundo ele, a feira cria um v\u00ednculo do estudante com as empresas, possibilitando que ele tire suas d\u00favidas a respeito das mesmas.<\/p>\n<p>A estimativa de p\u00fablico para a feira \u00e9 de cerca de 10 mil pessoas. A ideia \u00e9 que a feira aconte\u00e7a anualmente e que seja ampliada em 2013. Dentre os expositores, a Transam\u00e9rica oferece est\u00e1gios na \u00e1rea de comunica\u00e7\u00e3o. Os candidatos preenchem um formul\u00e1rio no estande e, durante o processo de sele\u00e7\u00e3o, a empresa entra em contato e pede o curr\u00edculo dos participantes. O cadastro realizado vai para o banco de dados da empresa.<\/p>\n<p>A Coca-Cola Guararapes tamb\u00e9m est\u00e1 participando do evento e divulga o programa de est\u00e1gio que ocorre anualmente com pelo menos 30 vagas. Ana Paula, respons\u00e1vel pela \u00e1rea de Recursos Humanos, destaca a visita de mais de 200 interessados ao estande nesta ter\u00e7a-feira (23). O Sebrae tamb\u00e9m contribui com o programa Sebrae Copa 2014, em que os estudantes cadastram a sua \u00e1rea de interesse pelo site, e recebem informa\u00e7\u00f5es complementares de acontecimentos e futuros investimentos na \u00e1rea via email.<\/p>\n<p>A SH f\u00f4rmas \u2013 andaimes \u2013 escoramentos tamb\u00e9m oferece o processo seletivo online no site da empresa, com vagas para arquitetura, administra\u00e7\u00e3o, t\u00e9cnico em edifica\u00e7\u00f5es e engenharia. A empresa de Auditoria e Consultoria Deloitte divulga o seu programa de novos talentos, atrav\u00e9s do qual de 30 a 35 estagi\u00e1rios s\u00e3o selecionados para entrarem na empresa como assistentes. As vagas s\u00e3o para estudantes a partir do 6\u00ba per\u00edodo.<\/p>\n<figure id=\"attachment_34572\" aria-describedby=\"caption-attachment-34572\" style=\"width: 300px\" class=\"wp-caption alignleft\"><a href=\"https:\/\/i0.wp.com\/www1.unicap.br\/assecom1\/wp-content\/uploads\/2012\/10\/DSC3635.jpg?ssl=1\"><img data-attachment-id=\"34572\" data-permalink=\"https:\/\/www1.unicap.br\/assecom1\/i-feira-de-estagios-da-unicap-movimenta-a-semana-de-integracao\/_dsc3635\/\" data-orig-file=\"https:\/\/i0.wp.com\/www1.unicap.br\/assecom1\/wp-content\/uploads\/2012\/10\/DSC3635.jpg?fit=4288%2C2848&amp;ssl=1\" data-orig-size=\"4288,2848\" data-comments-opened=\"1\" data-image-meta=\"{&quot;aperture&quot;:&quot;13&quot;,&quot;credit&quot;:&quot;&quot;,&quot;camera&quot;:&quot;NIKON D90&quot;,&quot;caption&quot;:&quot;&quot;,&quot;created_timestamp&quot;:&quot;1350989594&quot;,&quot;copyright&quot;:&quot;&quot;,&quot;focal_length&quot;:&quot;21&quot;,&quot;iso&quot;:&quot;3200&quot;,&quot;shutter_speed&quot;:&quot;0.04&quot;,&quot;title&quot;:&quot;&quot;}\" data-image-title=\"_DSC3635\" data-image-description=\"\" data-medium-file=\"https:\/\/i0.wp.com\/www1.unicap.br\/assecom1\/wp-content\/uploads\/2012\/10\/DSC3635.jpg?fit=300%2C199&amp;ssl=1\" data-large-file=\"https:\/\/i0.wp.com\/www1.unicap.br\/assecom1\/wp-content\/uploads\/2012\/10\/DSC3635.jpg?fit=640%2C425&amp;ssl=1\" loading=\"lazy\" class=\"size-medium wp-image-34572\" title=\"_DSC3635\" src=\"https:\/\/i0.wp.com\/www1.unicap.br\/assecom1\/wp-content\/uploads\/2012\/10\/DSC3635.jpg?resize=300%2C199&#038;ssl=1\" alt=\"\" srcset=\"https:\/\/i0.wp.com\/www1.unicap.br\/assecom1\/wp-content\/uploads\/2012\/10\/DSC3635.jpg?resize=300%2C199&amp;ssl=1 300w, https:\/\/i0.wp.com\/www1.unicap.br\/assecom1\/wp-content\/uploads\/2012\/10\/DSC3635.jpg?resize=1024%2C680&amp;ssl=1 1024w, https:\/\/i0.wp.com\/www1.unicap.br\/assecom1\/wp-content\/uploads\/2012\/10\/DSC3635.jpg?resize=250%2C166&amp;ssl=1 250w, https:\/\/i0.wp.com\/www1.unicap.br\/assecom1\/wp-content\/uploads\/2012\/10\/DSC3635.jpg?w=1280&amp;ssl=1 1280w, https:\/\/i0.wp.com\/www1.unicap.br\/assecom1\/wp-content\/uploads\/2012\/10\/DSC3635.jpg?w=1920&amp;ssl=1 1920w\" sizes=\"(max-width: 300px) 100vw, 300px\" data-recalc-dims=\"1\" \/><\/a><figcaption id=\"caption-attachment-34572\" class=\"wp-caption-text\">Transmiss\u00f5es ao vivo<\/figcaption><\/figure>\n<p>A R\u00e1dio ao vivo, ideia do professor do curso de Jornalismo Vlaudimir Salvador, tamb\u00e9m acontece nos dias da feira. Os alunos do 1\u00b0, 3\u00b0 e 4\u00b0 per\u00edodos entram com plant\u00f5es sobre a feira e com as pessoas que est\u00e3o presentes no evento, al\u00e9m de pedidos de m\u00fasicas que s\u00e3o enviados para o <em>twitter<\/em> da r\u00e1dio e tocados e um jornal que vai ao ar amanh\u00e3 em sua 1\u00aa edi\u00e7\u00e3o. Alice Mafra, estudante do 3\u00b0 per\u00edodo de Jornalismo fala que a experi\u00eancia com a r\u00e1dio \u00e9 muito importante e o ritmo agitado.<\/p>\n<p>O estudante de Jornalismo da Faculdade Maur\u00edcio de Nassau Adriano Gomes (22) conta que veio \u00e0 Cat\u00f3lica para procurar est\u00e1gio e assistir \u00e0s palestras oferecidas paralelamente e \u00e0 feira. Assim como Adriano, o estudante de Pedagogia da UFPE Anderson Rodrigues Ramos veio \u00e0 procura de est\u00e1gio: \u201cEstou trabalhando, mas n\u00e3o estou atuando na \u00e1rea\u201d. Fl\u00e1via de Oliveira, estudante de Jornalismo da Unicap, esteve na feira com o intuito de tirar d\u00favidas, saber os caminhos para encontrar um bom est\u00e1gio, numa empresa confi\u00e1vel e que respeite os direitos humanos.<\/p>\n<p>Al\u00e9m de empresas renomadas, ag\u00eancias de est\u00e1gio est\u00e3o presentes na feira. O representante do IEL, Elias Jos\u00e9, conta que a feira \u00e9 uma chance de facilitar a apresenta\u00e7\u00e3o de oportunidades de est\u00e1gio aos alunos. O seu trabalho \u00e9 fazer a ponte entre empresas, assim como tamb\u00e9m a Prefeitura do Recife, e interessados em est\u00e1gios. \u201cOs alunos do curso de Administra\u00e7\u00e3o s\u00e3o os que mais procuram a ag\u00eancia\u201d, afirma Elias, acrescentando que \u00e9 para esse curso que a maioria das vagas \u00e9 oferecida.<\/p>\n<p>&nbsp;<\/p>\n<p>&nbsp;<\/p>\n<p>&nbsp;<\/p>\n","protected":false},"excerpt":{"rendered":"<p>Por D\u00e9bora Rosa e Tiane Souza &#8211; Especial para o Boletim Unicap A primeira edi\u00e7\u00e3o da Feira de Est\u00e1gios da Unicap teve ter\u00e7a-feira (23) e prossegue at\u00e9 esta quinta-feira (25). S\u00e3o 12 estandes que disp\u00f5em mais de 3 mil oportunidades de est\u00e1gio e trainee para estudantes de todas as universidades. A feira \u00e9 uma parceria [&hellip;]<\/p>\n","protected":false},"author":2,"featured_media":0,"comment_status":"open","ping_status":"open","sticky":false,"template":"","format":"standard","meta":[],"categories":[4],"tags":[],"jetpack-related-posts":[],"_links":{"self":[{"href":"https:\/\/www1.unicap.br\/assecom1\/wp-json\/wp\/v2\/posts\/34562"}],"collection":[{"href":"https:\/\/www1.unicap.br\/assecom1\/wp-json\/wp\/v2\/posts"}],"about":[{"href":"https:\/\/www1.unicap.br\/assecom1\/wp-json\/wp\/v2\/types\/post"}],"author":[{"embeddable":true,"href":"https:\/\/www1.unicap.br\/assecom1\/wp-json\/wp\/v2\/users\/2"}],"replies":[{"embeddable":true,"href":"https:\/\/www1.unicap.br\/assecom1\/wp-json\/wp\/v2\/comments?post=34562"}],"version-history":[{"count":4,"href":"https:\/\/www1.unicap.br\/assecom1\/wp-json\/wp\/v2\/posts\/34562\/revisions"}],"predecessor-version":[{"id":34570,"href":"https:\/\/www1.unicap.br\/assecom1\/wp-json\/wp\/v2\/posts\/34562\/revisions\/34570"}],"wp:attachment":[{"href":"https:\/\/www1.unicap.br\/assecom1\/wp-json\/wp\/v2\/media?parent=34562"}],"wp:term":[{"taxonomy":"category","embeddable":true,"href":"https:\/\/www1.unicap.br\/assecom1\/wp-json\/wp\/v2\/categories?post=34562"},{"taxonomy":"post_tag","embeddable":true,"href":"https:\/\/www1.unicap.br\/assecom1\/wp-json\/wp\/v2\/tags?post=34562"}],"curies":[{"name":"wp","href":"https:\/\/api.w.org\/{rel}","templated":true}]}}